{"id":21227,"date":"2020-03-14T18:53:55","date_gmt":"2020-03-14T18:53:55","guid":{"rendered":"https:\/\/jorgezanoni.com.br\/2019\/?p=21227"},"modified":"2020-03-14T18:53:55","modified_gmt":"2020-03-14T18:53:55","slug":"alunos-de-enfermagem-da-unifadra-participam-de-acao-de-saude-na-penitenciaria-feminina-de-tupi-paulista","status":"publish","type":"post","link":"https:\/\/jorgezanoni.com.br\/2019\/alunos-de-enfermagem-da-unifadra-participam-de-acao-de-saude-na-penitenciaria-feminina-de-tupi-paulista\/","title":{"rendered":"Alunos de Enfermagem da Unifadra participam de a\u00e7\u00e3o de sa\u00fade na Penitenci\u00e1ria Feminina de Tupi Paulista"},"content":{"rendered":"<p style=\"text-align: justify;\">Os alunos do 5\u00ba termo do curso de Enfermagem da Faculdade Unifadra\/Fundec de Dracena, acompanhados pela Profa. Ma. Eunice Nelli, participaram, no dia 3 de mar\u00e7o, da atividade de Educa\u00e7\u00e3o em Sa\u00fade e\u00a0 preven\u00e7\u00e3o ao c\u00e2ncer de colo uterino &#8220;Mar\u00e7o Lil\u00e1s<strong>&#8220;,\u00a0<\/strong>na Penitenci\u00e1ria Feminina de Tupi Paulista.<br \/>\nOs alunos realizaram palestras educativas relacionadas \u00e0 preven\u00e7\u00e3o do c\u00e2ncer de colo uterino, com enfoque em HPV e ISTs, bem como a realiza\u00e7\u00e3o de exames de Papanicolau.\u00a0 Segundo a Profa. Eunice Nelli,\u00a0conscientizar as mulheres sobre a import\u00e2ncia de fazer o exame de preven\u00e7\u00e3o ao c\u00e2ncer de colo uterino, mais conhecido como Papanicolau, \u00e9 de grande import\u00e2ncia, pois \u00e9 a maneira mais eficaz de detectar precocemente a doen\u00e7a. Os alunos nesta atividade explicaram a import\u00e2ncia da preven\u00e7\u00e3o e como \u00e9 realizado. &#8220;O exame de Papanicolau, ou colpocitologia oncol\u00f3gica, faz a coleta das c\u00e9lulas da regi\u00e3o do colo uterino para identificar infec\u00e7\u00f5es vaginais ou sexualmente transmiss\u00edveis e, principalmente, alguma les\u00e3o precursora de c\u00e2ncer de colo uterino, que \u00e9 o terceiro tumor mais frequente na popula\u00e7\u00e3o feminina, segundo o Instituto Nacional de C\u00e2ncer (Inca)&#8221;, explicou a professora.<\/p>\n<p style=\"text-align: justify;\">Carolina Colnago<\/p>\n<p style=\"text-align: justify;\">Assessora de Comunica\u00e7\u00e3o da Fundec &#8211; Jornalista<\/p>\n","protected":false},"excerpt":{"rendered":"<p>Os alunos do 5\u00ba termo do curso de Enfermagem da Faculdade Unifadra\/Fundec de Dracena, acompanhados pela Profa. Ma. Eunice Nelli, participaram, no dia 3 de mar\u00e7o, da atividade de Educa\u00e7\u00e3o em Sa\u00fade e\u00a0 preven\u00e7\u00e3o ao c\u00e2ncer de colo uterino &#8220;Mar\u00e7o Lil\u00e1s&#8220;,\u00a0na Penitenci\u00e1ria Feminina de Tupi Paulista. Os alunos realizaram palestras educativas relacionadas \u00e0 preven\u00e7\u00e3o do [&hellip;]<\/p>\n","protected":false},"author":1,"featured_media":21228,"comment_status":"closed","ping_status":"open","sticky":false,"template":"","format":"standard","meta":{"footnotes":""},"categories":[122],"tags":[],"class_list":["post-21227","post","type-post","status-publish","format-standard","has-post-thumbnail","hentry","category-saudeeducacaoeconcurso"],"_links":{"self":[{"href":"https:\/\/jorgezanoni.com.br\/2019\/wp-json\/wp\/v2\/posts\/21227","targetHints":{"allow":["GET"]}}],"collection":[{"href":"https:\/\/jorgezanoni.com.br\/2019\/wp-json\/wp\/v2\/posts"}],"about":[{"href":"https:\/\/jorgezanoni.com.br\/2019\/wp-json\/wp\/v2\/types\/post"}],"author":[{"embeddable":true,"href":"https:\/\/jorgezanoni.com.br\/2019\/wp-json\/wp\/v2\/users\/1"}],"replies":[{"embeddable":true,"href":"https:\/\/jorgezanoni.com.br\/2019\/wp-json\/wp\/v2\/comments?post=21227"}],"version-history":[{"count":0,"href":"https:\/\/jorgezanoni.com.br\/2019\/wp-json\/wp\/v2\/posts\/21227\/revisions"}],"wp:featuredmedia":[{"embeddable":true,"href":"https:\/\/jorgezanoni.com.br\/2019\/wp-json\/wp\/v2\/media\/21228"}],"wp:attachment":[{"href":"https:\/\/jorgezanoni.com.br\/2019\/wp-json\/wp\/v2\/media?parent=21227"}],"wp:term":[{"taxonomy":"category","embeddable":true,"href":"https:\/\/jorgezanoni.com.br\/2019\/wp-json\/wp\/v2\/categories?post=21227"},{"taxonomy":"post_tag","embeddable":true,"href":"https:\/\/jorgezanoni.com.br\/2019\/wp-json\/wp\/v2\/tags?post=21227"}],"curies":[{"name":"wp","href":"https:\/\/api.w.org\/{rel}","templated":true}]}}