{"id":21224,"date":"2020-03-14T18:44:59","date_gmt":"2020-03-14T18:44:59","guid":{"rendered":"https:\/\/jorgezanoni.com.br\/2019\/?p=21224"},"modified":"2020-03-14T18:44:59","modified_gmt":"2020-03-14T18:44:59","slug":"ainda-da-tempo-inicie-um-curso-tecnico-no-cep-ume-em-2020","status":"publish","type":"post","link":"https:\/\/jorgezanoni.com.br\/2019\/ainda-da-tempo-inicie-um-curso-tecnico-no-cep-ume-em-2020\/","title":{"rendered":"Ainda d\u00e1 tempo: inicie um curso t\u00e9cnico no CEP\/UME em 2020"},"content":{"rendered":"<p style=\"font-weight: 400; text-align: justify;\">O CEP\/UME, unidade mantida pela Fundec em Dracena, est\u00e1 na reta final para receber matr\u00edculas para os cursos t\u00e9cnicos em Est\u00e9tica e em Enfermagem. S\u00e3o cursos de curta dura\u00e7\u00e3o, alto \u00edndice de empregabilidade, infraestrutura moderna, corpo docente altamente qualificado e com conte\u00fados focados na pr\u00e1tica, que fazem a diferen\u00e7a na forma\u00e7\u00e3o dos alunos do CEP\/UME em Dracena. As matr\u00edculas est\u00e3o abertas e o in\u00edcio das aulas \u00e9 imediato.<br \/>\nA Profa. Julia Portari, diretora do CEP\/UME, explicou que houve um aumento do interesse da popula\u00e7\u00e3o por cursos de capacita\u00e7\u00e3o profissional nos \u00faltimos anos. &#8220;A popula\u00e7\u00e3o da regi\u00e3o v\u00ea a profissionaliza\u00e7\u00e3o como um importante instrumento para o ingresso ou perman\u00eancia no mercado de trabalho&#8221;, comentou. Ainda de acordo com a diretora, os cursos do CEP\/UME oferecem aos formandos registros nos conselhos profissionais e a possibilidade de atuar em todo o territ\u00f3rio nacional. As matr\u00edculas podem ser feitas na Secretaria Geral da Fundec, \u00e0 Rua Bahia, 332 &#8211; Bairro Metr\u00f3pole, em Dracena. Acesse:\u00a0<a href=\"http:\/\/www.fundec.edu.br\/tecnico\">www.fundec.edu.br\/tecnico<\/a>\u00a0. Mais informa\u00e7\u00f5es: (18) 3821-9004 \/ WhatsApp (18) 99802-1237.<\/p>\n<p style=\"font-weight: 400; text-align: justify;\">Carolina Colnago<\/p>\n<p style=\"font-weight: 400; text-align: justify;\">Assessora de Comunica\u00e7\u00e3o da Fundec &#8211; Jornalista<\/p>\n","protected":false},"excerpt":{"rendered":"<p>O CEP\/UME, unidade mantida pela Fundec em Dracena, est\u00e1 na reta final para receber matr\u00edculas para os cursos t\u00e9cnicos em Est\u00e9tica e em Enfermagem. S\u00e3o cursos de curta dura\u00e7\u00e3o, alto \u00edndice de empregabilidade, infraestrutura moderna, corpo docente altamente qualificado e com conte\u00fados focados na pr\u00e1tica, que fazem a diferen\u00e7a na forma\u00e7\u00e3o dos alunos do CEP\/UME [&hellip;]<\/p>\n","protected":false},"author":1,"featured_media":21225,"comment_status":"closed","ping_status":"open","sticky":false,"template":"","format":"standard","meta":{"footnotes":""},"categories":[122],"tags":[],"class_list":["post-21224","post","type-post","status-publish","format-standard","has-post-thumbnail","hentry","category-saudeeducacaoeconcurso"],"_links":{"self":[{"href":"https:\/\/jorgezanoni.com.br\/2019\/wp-json\/wp\/v2\/posts\/21224","targetHints":{"allow":["GET"]}}],"collection":[{"href":"https:\/\/jorgezanoni.com.br\/2019\/wp-json\/wp\/v2\/posts"}],"about":[{"href":"https:\/\/jorgezanoni.com.br\/2019\/wp-json\/wp\/v2\/types\/post"}],"author":[{"embeddable":true,"href":"https:\/\/jorgezanoni.com.br\/2019\/wp-json\/wp\/v2\/users\/1"}],"replies":[{"embeddable":true,"href":"https:\/\/jorgezanoni.com.br\/2019\/wp-json\/wp\/v2\/comments?post=21224"}],"version-history":[{"count":0,"href":"https:\/\/jorgezanoni.com.br\/2019\/wp-json\/wp\/v2\/posts\/21224\/revisions"}],"wp:featuredmedia":[{"embeddable":true,"href":"https:\/\/jorgezanoni.com.br\/2019\/wp-json\/wp\/v2\/media\/21225"}],"wp:attachment":[{"href":"https:\/\/jorgezanoni.com.br\/2019\/wp-json\/wp\/v2\/media?parent=21224"}],"wp:term":[{"taxonomy":"category","embeddable":true,"href":"https:\/\/jorgezanoni.com.br\/2019\/wp-json\/wp\/v2\/categories?post=21224"},{"taxonomy":"post_tag","embeddable":true,"href":"https:\/\/jorgezanoni.com.br\/2019\/wp-json\/wp\/v2\/tags?post=21224"}],"curies":[{"name":"wp","href":"https:\/\/api.w.org\/{rel}","templated":true}]}}