{"id":21217,"date":"2020-03-14T18:16:02","date_gmt":"2020-03-14T18:16:02","guid":{"rendered":"https:\/\/jorgezanoni.com.br\/2019\/?p=21217"},"modified":"2020-03-14T18:16:02","modified_gmt":"2020-03-14T18:16:02","slug":"dracena-tempersul-faz-amistoso-com-o-real-madruga","status":"publish","type":"post","link":"https:\/\/jorgezanoni.com.br\/2019\/dracena-tempersul-faz-amistoso-com-o-real-madruga\/","title":{"rendered":"Dracena Tempersul faz amistoso com o Real Madruga"},"content":{"rendered":"<p style=\"font-weight: 400; text-align: justify;\"><strong>Dracena Tempersul faz amistoso com o Real Madruga<\/strong><\/p>\n<p style=\"font-weight: 400; text-align: justify;\">Em fase final de prepara\u00e7\u00e3o para a Liga Nacional e Copa LPF, o Dracena Tempersul Intelli viaja a Ara\u00e7atuba para amistoso com o Real Madruga, time profissional que joga a Liga Paulista do Interior.<\/p>\n<p style=\"font-weight: 400; text-align: justify;\">Marcado para o pr\u00f3ximo s\u00e1bado (14), a partir das 18h, no gin\u00e1sio Henny Ferraz Homem, no Jardim Ipanema, a atividade ser\u00e1 utilizada pelo t\u00e9cnico Bruno Silva para testar as forma\u00e7\u00f5es, jogadas ensaiadas, movimenta\u00e7\u00f5es de ataque e defesa, al\u00e9m de dar ritmo de competi\u00e7\u00e3o aos atletas do elenco dracenense.<\/p>\n<p style=\"font-weight: 400; text-align: justify;\">&#8220;Depois dos amistosos no Paran\u00e1 n\u00f3s mudamos algumas coisas. Al\u00e9m disso, os atletas est\u00e3o em outro est\u00e1gio f\u00edsico, ent\u00e3o esperamos um desempenho com menor oscila\u00e7\u00e3o&#8221;, salientou Bruno Silva. &#8220;Queremos dar ritmo de competi\u00e7\u00e3o aos atletas e testar tudo que foi trabalhado nesse m\u00eas de prepara\u00e7\u00e3o para a temporada&#8221;, completou.<\/p>\n<p style=\"font-weight: 400; text-align: justify;\">Para o amistoso com o Real Madruga a \u00fanica aus\u00eancia \u00e9 o goleiro Ronaldo, que est\u00e1 em fase final de prepara\u00e7\u00e3o f\u00edsica e come\u00e7ar\u00e1 a treinar com o grupo na pr\u00f3xima semana.<\/p>\n<p>Fonte: Assessoria de Imprensa<\/p>\n","protected":false},"excerpt":{"rendered":"<p>Dracena Tempersul faz amistoso com o Real Madruga Em fase final de prepara\u00e7\u00e3o para a Liga Nacional e Copa LPF, o Dracena Tempersul Intelli viaja a Ara\u00e7atuba para amistoso com o Real Madruga, time profissional que joga a Liga Paulista do Interior. Marcado para o pr\u00f3ximo s\u00e1bado (14), a partir das 18h, no gin\u00e1sio Henny [&hellip;]<\/p>\n","protected":false},"author":1,"featured_media":21218,"comment_status":"closed","ping_status":"open","sticky":false,"template":"","format":"standard","meta":{"footnotes":""},"categories":[111],"tags":[],"class_list":["post-21217","post","type-post","status-publish","format-standard","has-post-thumbnail","hentry","category-esporteecultura"],"_links":{"self":[{"href":"https:\/\/jorgezanoni.com.br\/2019\/wp-json\/wp\/v2\/posts\/21217","targetHints":{"allow":["GET"]}}],"collection":[{"href":"https:\/\/jorgezanoni.com.br\/2019\/wp-json\/wp\/v2\/posts"}],"about":[{"href":"https:\/\/jorgezanoni.com.br\/2019\/wp-json\/wp\/v2\/types\/post"}],"author":[{"embeddable":true,"href":"https:\/\/jorgezanoni.com.br\/2019\/wp-json\/wp\/v2\/users\/1"}],"replies":[{"embeddable":true,"href":"https:\/\/jorgezanoni.com.br\/2019\/wp-json\/wp\/v2\/comments?post=21217"}],"version-history":[{"count":0,"href":"https:\/\/jorgezanoni.com.br\/2019\/wp-json\/wp\/v2\/posts\/21217\/revisions"}],"wp:featuredmedia":[{"embeddable":true,"href":"https:\/\/jorgezanoni.com.br\/2019\/wp-json\/wp\/v2\/media\/21218"}],"wp:attachment":[{"href":"https:\/\/jorgezanoni.com.br\/2019\/wp-json\/wp\/v2\/media?parent=21217"}],"wp:term":[{"taxonomy":"category","embeddable":true,"href":"https:\/\/jorgezanoni.com.br\/2019\/wp-json\/wp\/v2\/categories?post=21217"},{"taxonomy":"post_tag","embeddable":true,"href":"https:\/\/jorgezanoni.com.br\/2019\/wp-json\/wp\/v2\/tags?post=21217"}],"curies":[{"name":"wp","href":"https:\/\/api.w.org\/{rel}","templated":true}]}}