{"id":21210,"date":"2020-03-14T17:31:24","date_gmt":"2020-03-14T17:31:24","guid":{"rendered":"https:\/\/jorgezanoni.com.br\/2019\/?p=21210"},"modified":"2020-03-14T17:54:30","modified_gmt":"2020-03-14T17:54:30","slug":"comunicado-da-secretaria-estadual-da-educacao-e-da-saude","status":"publish","type":"post","link":"https:\/\/jorgezanoni.com.br\/2019\/comunicado-da-secretaria-estadual-da-educacao-e-da-saude\/","title":{"rendered":"Comunicado da Secretaria Estadual da Educa\u00e7\u00e3o e da Sa\u00fade"},"content":{"rendered":"<p style=\"text-align: justify;\">Seguindo orienta\u00e7\u00f5es da Secretaria Estadual da Educa\u00e7\u00e3o e da Sa\u00fade, informamos aos senhores pais e familiares dos alunos da rede p\u00fablica estadual Paulista, que a partir do dia 16 de mar\u00e7o, as aulas ser\u00e3o gradativamente suspensas em fun\u00e7\u00e3o da preven\u00e7\u00e3o ao coronav\u00edrus.<br \/>\nA partir do dia 23 de mar\u00e7o as escolas estaduais n\u00e3o ser\u00e3o fechadas, n\u00e3o haver\u00e1 aulas. A Diretoria de Ensino de Adamantina est\u00e1 a disposi\u00e7\u00e3o para maiores orienta\u00e7\u00f5es.<\/p>\n<p style=\"text-align: justify;\">&#8220;As escolas estaduais n\u00e3o ser\u00e3o fechadas. Mais informa\u00e7\u00f5es publicaremos na pr\u00f3xima semana&#8221;.<\/p>\n","protected":false},"excerpt":{"rendered":"<p>Seguindo orienta\u00e7\u00f5es da Secretaria Estadual da Educa\u00e7\u00e3o e da Sa\u00fade, informamos aos senhores pais e familiares dos alunos da rede p\u00fablica estadual Paulista, que a partir do dia 16 de mar\u00e7o, as aulas ser\u00e3o gradativamente suspensas em fun\u00e7\u00e3o da preven\u00e7\u00e3o ao coronav\u00edrus. A partir do dia 23 de mar\u00e7o as escolas estaduais n\u00e3o ser\u00e3o fechadas, [&hellip;]<\/p>\n","protected":false},"author":1,"featured_media":21211,"comment_status":"closed","ping_status":"open","sticky":false,"template":"","format":"standard","meta":{"footnotes":""},"categories":[122],"tags":[],"class_list":["post-21210","post","type-post","status-publish","format-standard","has-post-thumbnail","hentry","category-saudeeducacaoeconcurso"],"_links":{"self":[{"href":"https:\/\/jorgezanoni.com.br\/2019\/wp-json\/wp\/v2\/posts\/21210","targetHints":{"allow":["GET"]}}],"collection":[{"href":"https:\/\/jorgezanoni.com.br\/2019\/wp-json\/wp\/v2\/posts"}],"about":[{"href":"https:\/\/jorgezanoni.com.br\/2019\/wp-json\/wp\/v2\/types\/post"}],"author":[{"embeddable":true,"href":"https:\/\/jorgezanoni.com.br\/2019\/wp-json\/wp\/v2\/users\/1"}],"replies":[{"embeddable":true,"href":"https:\/\/jorgezanoni.com.br\/2019\/wp-json\/wp\/v2\/comments?post=21210"}],"version-history":[{"count":0,"href":"https:\/\/jorgezanoni.com.br\/2019\/wp-json\/wp\/v2\/posts\/21210\/revisions"}],"wp:featuredmedia":[{"embeddable":true,"href":"https:\/\/jorgezanoni.com.br\/2019\/wp-json\/wp\/v2\/media\/21211"}],"wp:attachment":[{"href":"https:\/\/jorgezanoni.com.br\/2019\/wp-json\/wp\/v2\/media?parent=21210"}],"wp:term":[{"taxonomy":"category","embeddable":true,"href":"https:\/\/jorgezanoni.com.br\/2019\/wp-json\/wp\/v2\/categories?post=21210"},{"taxonomy":"post_tag","embeddable":true,"href":"https:\/\/jorgezanoni.com.br\/2019\/wp-json\/wp\/v2\/tags?post=21210"}],"curies":[{"name":"wp","href":"https:\/\/api.w.org\/{rel}","templated":true}]}}