{"id":21178,"date":"2020-03-13T22:40:32","date_gmt":"2020-03-13T22:40:32","guid":{"rendered":"https:\/\/jorgezanoni.com.br\/2019\/?p=21178"},"modified":"2020-03-13T22:40:32","modified_gmt":"2020-03-13T22:40:32","slug":"acidente-entre-carro-e-moto-no-bairro-metropole-em-esquina-de-avenida-sem-sinalizacao","status":"publish","type":"post","link":"https:\/\/jorgezanoni.com.br\/2019\/acidente-entre-carro-e-moto-no-bairro-metropole-em-esquina-de-avenida-sem-sinalizacao\/","title":{"rendered":"Acidente entre carro e moto no bairro metr\u00f3pole em esquina de avenida sem sinaliza\u00e7\u00e3o"},"content":{"rendered":"<p style=\"text-align: justify;\">Por volta de 17 Hs desta sexta-feira (13), a Pol\u00edcia Militar registrou um acidente de tr\u00e2nsito com v\u00edtima leve na esquina das avenidas Vit\u00f3ria com Castro Alves.<\/p>\n<div id=\"fb-root\"><\/div>\n<p><script async=\"1\" defer=\"1\" crossorigin=\"anonymous\" src=\"https:\/\/connect.facebook.net\/en_US\/sdk.js#xfbml=1&amp;version=v6.0\"><\/script><\/p>\n<div class=\"fb-video\" data-href=\"https:\/\/www.facebook.com\/jorgezanonidracena\/videos\/564756040800883\/\" data-width=\"696\">\n<blockquote cite=\"https:\/\/www.facebook.com\/jorgezanonidracena\/videos\/564756040800883\/\" class=\"fb-xfbml-parse-ignore\"><p><a href=\"https:\/\/www.facebook.com\/jorgezanonidracena\/videos\/564756040800883\/\">Acidente na esquina das avenidas Vit\u00f3ria e Castro Alves. Detalhe: Falta de sinaliza\u00e7\u00e3o pode ter sido a causa<\/a><\/p>\n<p>Acidente na esquina das avenidas Vit\u00f3ria e Castro Alves. Detalhe: Falta de sinaliza\u00e7\u00e3o pode ter sido a causa.<\/p>\n<p>Posted by <a href=\"https:\/\/www.facebook.com\/jorgezanonidracena\/\">Jorge Zanoni<\/a> on Friday, March 13, 2020<\/p><\/blockquote>\n<\/div>\n<p style=\"text-align: justify;\">Segundo informa\u00e7\u00f5es obtidas no local pela reportagem do Site JZ, um ve\u00edculo Ford placas de Dracena seguia pela avenida Vit\u00f3ria sentido centro-bairro quando uma Motocicleta placa de Tupi Paulista que fazia o sentido bairro-centro pela Castro Alves cruzou sua frente.<\/p>\n<p style=\"text-align: justify;\">O motociclista alegou que achou por ser uma avenida, que estivesse na preferencial, justamente por que n\u00e3o viu nenhuma sinaliza\u00e7\u00e3o de Pare no solo onde foi recapeado o asfalto recentemente e nem a\u00e9rea.<\/p>\n<p style=\"text-align: justify;\">O motociclista foi conduzido ao Pronto Atendimento Municipal por uma Unidade de Resgate do Corpo de Bombeiros, com ferimentos aparentemente leves. O motorista nada sofreu.<\/p>\n<p style=\"text-align: justify;\">A Pol\u00edcia T\u00e9cnica esteve no local para os levantamentos necess\u00e1rios.<\/p>\n<p><img loading=\"lazy\" decoding=\"async\" class=\"alignnone size-full wp-image-21180\" src=\"https:\/\/jorgezanoni.com.br\/2019\/wp-content\/uploads\/2020\/03\/IMG_3285.jpg\" alt=\"\" width=\"800\" height=\"600\" srcset=\"https:\/\/jorgezanoni.com.br\/2019\/wp-content\/uploads\/2020\/03\/IMG_3285.jpg 800w, https:\/\/jorgezanoni.com.br\/2019\/wp-content\/uploads\/2020\/03\/IMG_3285-300x225.jpg 300w, https:\/\/jorgezanoni.com.br\/2019\/wp-content\/uploads\/2020\/03\/IMG_3285-768x576.jpg 768w, https:\/\/jorgezanoni.com.br\/2019\/wp-content\/uploads\/2020\/03\/IMG_3285-80x60.jpg 80w, https:\/\/jorgezanoni.com.br\/2019\/wp-content\/uploads\/2020\/03\/IMG_3285-265x198.jpg 265w, https:\/\/jorgezanoni.com.br\/2019\/wp-content\/uploads\/2020\/03\/IMG_3285-696x522.jpg 696w, https:\/\/jorgezanoni.com.br\/2019\/wp-content\/uploads\/2020\/03\/IMG_3285-560x420.jpg 560w\" sizes=\"auto, (max-width: 800px) 100vw, 800px\" \/> <img loading=\"lazy\" decoding=\"async\" class=\"alignnone size-full wp-image-21181\" src=\"https:\/\/jorgezanoni.com.br\/2019\/wp-content\/uploads\/2020\/03\/IMG_3286.jpg\" alt=\"\" width=\"800\" height=\"600\" srcset=\"https:\/\/jorgezanoni.com.br\/2019\/wp-content\/uploads\/2020\/03\/IMG_3286.jpg 800w, https:\/\/jorgezanoni.com.br\/2019\/wp-content\/uploads\/2020\/03\/IMG_3286-300x225.jpg 300w, https:\/\/jorgezanoni.com.br\/2019\/wp-content\/uploads\/2020\/03\/IMG_3286-768x576.jpg 768w, https:\/\/jorgezanoni.com.br\/2019\/wp-content\/uploads\/2020\/03\/IMG_3286-80x60.jpg 80w, https:\/\/jorgezanoni.com.br\/2019\/wp-content\/uploads\/2020\/03\/IMG_3286-265x198.jpg 265w, https:\/\/jorgezanoni.com.br\/2019\/wp-content\/uploads\/2020\/03\/IMG_3286-696x522.jpg 696w, https:\/\/jorgezanoni.com.br\/2019\/wp-content\/uploads\/2020\/03\/IMG_3286-560x420.jpg 560w\" sizes=\"auto, (max-width: 800px) 100vw, 800px\" \/> <img loading=\"lazy\" decoding=\"async\" class=\"alignnone size-full wp-image-21182\" src=\"https:\/\/jorgezanoni.com.br\/2019\/wp-content\/uploads\/2020\/03\/IMG_3287.jpg\" alt=\"\" width=\"800\" height=\"600\" srcset=\"https:\/\/jorgezanoni.com.br\/2019\/wp-content\/uploads\/2020\/03\/IMG_3287.jpg 800w, https:\/\/jorgezanoni.com.br\/2019\/wp-content\/uploads\/2020\/03\/IMG_3287-300x225.jpg 300w, https:\/\/jorgezanoni.com.br\/2019\/wp-content\/uploads\/2020\/03\/IMG_3287-768x576.jpg 768w, https:\/\/jorgezanoni.com.br\/2019\/wp-content\/uploads\/2020\/03\/IMG_3287-80x60.jpg 80w, https:\/\/jorgezanoni.com.br\/2019\/wp-content\/uploads\/2020\/03\/IMG_3287-265x198.jpg 265w, https:\/\/jorgezanoni.com.br\/2019\/wp-content\/uploads\/2020\/03\/IMG_3287-696x522.jpg 696w, https:\/\/jorgezanoni.com.br\/2019\/wp-content\/uploads\/2020\/03\/IMG_3287-560x420.jpg 560w\" sizes=\"auto, (max-width: 800px) 100vw, 800px\" \/><\/p>\n<p style=\"text-align: justify;\">Jorge Zanoni<\/p>\n","protected":false},"excerpt":{"rendered":"<p>Por volta de 17 Hs desta sexta-feira (13), a Pol\u00edcia Militar registrou um acidente de tr\u00e2nsito com v\u00edtima leve na esquina das avenidas Vit\u00f3ria com Castro Alves. Acidente na esquina das avenidas Vit\u00f3ria e Castro Alves. Detalhe: Falta de sinaliza\u00e7\u00e3o pode ter sido a causa Acidente na esquina das avenidas Vit\u00f3ria e Castro Alves. Detalhe: [&hellip;]<\/p>\n","protected":false},"author":1,"featured_media":21179,"comment_status":"closed","ping_status":"open","sticky":false,"template":"","format":"video","meta":{"footnotes":""},"categories":[170,110,169],"tags":[],"class_list":["post-21178","post","type-post","status-publish","format-video","has-post-thumbnail","hentry","category-acidentes","category-noticiasdestaque","category-videos","post_format-post-format-video"],"_links":{"self":[{"href":"https:\/\/jorgezanoni.com.br\/2019\/wp-json\/wp\/v2\/posts\/21178","targetHints":{"allow":["GET"]}}],"collection":[{"href":"https:\/\/jorgezanoni.com.br\/2019\/wp-json\/wp\/v2\/posts"}],"about":[{"href":"https:\/\/jorgezanoni.com.br\/2019\/wp-json\/wp\/v2\/types\/post"}],"author":[{"embeddable":true,"href":"https:\/\/jorgezanoni.com.br\/2019\/wp-json\/wp\/v2\/users\/1"}],"replies":[{"embeddable":true,"href":"https:\/\/jorgezanoni.com.br\/2019\/wp-json\/wp\/v2\/comments?post=21178"}],"version-history":[{"count":0,"href":"https:\/\/jorgezanoni.com.br\/2019\/wp-json\/wp\/v2\/posts\/21178\/revisions"}],"wp:featuredmedia":[{"embeddable":true,"href":"https:\/\/jorgezanoni.com.br\/2019\/wp-json\/wp\/v2\/media\/21179"}],"wp:attachment":[{"href":"https:\/\/jorgezanoni.com.br\/2019\/wp-json\/wp\/v2\/media?parent=21178"}],"wp:term":[{"taxonomy":"category","embeddable":true,"href":"https:\/\/jorgezanoni.com.br\/2019\/wp-json\/wp\/v2\/categories?post=21178"},{"taxonomy":"post_tag","embeddable":true,"href":"https:\/\/jorgezanoni.com.br\/2019\/wp-json\/wp\/v2\/tags?post=21178"}],"curies":[{"name":"wp","href":"https:\/\/api.w.org\/{rel}","templated":true}]}}