{"id":2117,"date":"2019-07-25T22:34:15","date_gmt":"2019-07-25T22:34:15","guid":{"rendered":"http:\/\/jorgezanoni.com.br\/2019\/?p=2117"},"modified":"2019-07-25T22:34:30","modified_gmt":"2019-07-25T22:34:30","slug":"justica-condena-res-denunciadas-pelo-mpsp-por-roubar-e-matar-idoso-em-dracena","status":"publish","type":"post","link":"https:\/\/jorgezanoni.com.br\/2019\/justica-condena-res-denunciadas-pelo-mpsp-por-roubar-e-matar-idoso-em-dracena\/","title":{"rendered":"Justi\u00e7a condena r\u00e9s denunciadas pelo MPSP por roubar e matar idoso em Dracena"},"content":{"rendered":"<p style=\"text-align: justify;\"><em><strong>Uma delas \u00e9 neta da v\u00edtima; um terceiro envolvido est\u00e1 foragido.<\/strong><\/em><\/p>\n<p>O Tribunal de Justi\u00e7a do Estado de S\u00e3o Paulo condenou a respectivamente 19 e 31 anos de pris\u00e3o uma mulher e a neta de um idoso v\u00edtima de latroc\u00ednio em Dracena. As duas foram denunciadas pelo promotor de Justi\u00e7a Rufino Eduardo Galindo Campos pelo crime cometido em setembro de 2018.<\/p>\n<p style=\"text-align: justify;\">Ao planejar roubar o dinheiro que o av\u00f4 guardava em casa, Adriana Kelly Rodrigues Silv\u00e9rio acionou seus colegas Juliana Cristina Gomes Lima e Gilmar Altran, que est\u00e1 foragido. A dupla foi \u00e0 casa da v\u00edtima de 78 anos, Militrino Rodrigues de Souza, e entraram pela porta da frente, que estava destrancada. Passaram a exigir que ele falasse onde guardava suas economias. Com a negativa, o agrediram com um peda\u00e7o de pau at\u00e9 que Souza apontou um arm\u00e1rio, que os criminosos arrombaram e retiraram R$ 4.300, fugindo do local.<\/p>\n<p style=\"text-align: justify;\">O idoso foi localizado por familiares ainda em casa, sangrando muito. Chegou a ser levado a dois hospitais, mas morreu em decorr\u00eancia de traumatismo cr\u00e2nio-encef\u00e1lico.<\/p>\n<p style=\"text-align: justify;\">As r\u00e9s permanecer\u00e3o presas e n\u00e3o poder\u00e3o recorrer em liberdade.<\/p>\n<p style=\"text-align: justify;\"><b>Depto comunica\u00e7\u00e3o MPSP<\/b><\/p>\n<p style=\"text-align: justify;\">Fonte: http:\/\/jornalinterativo.net\/2016\/justica-condena-res-denunciadas-pelo-mpsp-por-roubar-e-matar-idoso-em-dracena\/?fbclid=IwAR2TJAHtVv5fsa-kaLdBWfNoS5SbMwD2S6ErAl_ttKNDPeFgEdDWzt8RsQU<\/p>\n","protected":false},"excerpt":{"rendered":"<p>Uma delas \u00e9 neta da v\u00edtima; um terceiro envolvido est\u00e1 foragido. O Tribunal de Justi\u00e7a do Estado de S\u00e3o Paulo condenou a respectivamente 19 e 31 anos de pris\u00e3o uma mulher e a neta de um idoso v\u00edtima de latroc\u00ednio em Dracena. As duas foram denunciadas pelo promotor de Justi\u00e7a Rufino Eduardo Galindo Campos pelo [&hellip;]<\/p>\n","protected":false},"author":1,"featured_media":2118,"comment_status":"open","ping_status":"open","sticky":false,"template":"","format":"standard","meta":{"footnotes":""},"categories":[120,110],"tags":[],"class_list":["post-2117","post","type-post","status-publish","format-standard","has-post-thumbnail","hentry","category-justicahabitacaotecnologia","category-noticiasdestaque"],"_links":{"self":[{"href":"https:\/\/jorgezanoni.com.br\/2019\/wp-json\/wp\/v2\/posts\/2117","targetHints":{"allow":["GET"]}}],"collection":[{"href":"https:\/\/jorgezanoni.com.br\/2019\/wp-json\/wp\/v2\/posts"}],"about":[{"href":"https:\/\/jorgezanoni.com.br\/2019\/wp-json\/wp\/v2\/types\/post"}],"author":[{"embeddable":true,"href":"https:\/\/jorgezanoni.com.br\/2019\/wp-json\/wp\/v2\/users\/1"}],"replies":[{"embeddable":true,"href":"https:\/\/jorgezanoni.com.br\/2019\/wp-json\/wp\/v2\/comments?post=2117"}],"version-history":[{"count":0,"href":"https:\/\/jorgezanoni.com.br\/2019\/wp-json\/wp\/v2\/posts\/2117\/revisions"}],"wp:featuredmedia":[{"embeddable":true,"href":"https:\/\/jorgezanoni.com.br\/2019\/wp-json\/wp\/v2\/media\/2118"}],"wp:attachment":[{"href":"https:\/\/jorgezanoni.com.br\/2019\/wp-json\/wp\/v2\/media?parent=2117"}],"wp:term":[{"taxonomy":"category","embeddable":true,"href":"https:\/\/jorgezanoni.com.br\/2019\/wp-json\/wp\/v2\/categories?post=2117"},{"taxonomy":"post_tag","embeddable":true,"href":"https:\/\/jorgezanoni.com.br\/2019\/wp-json\/wp\/v2\/tags?post=2117"}],"curies":[{"name":"wp","href":"https:\/\/api.w.org\/{rel}","templated":true}]}}