{"id":21142,"date":"2020-03-13T16:54:56","date_gmt":"2020-03-13T16:54:56","guid":{"rendered":"https:\/\/jorgezanoni.com.br\/2019\/?p=21142"},"modified":"2020-03-13T16:54:56","modified_gmt":"2020-03-13T16:54:56","slug":"acidente-com-trator-deixa-produtor-jair-stochi-com-ferimentos-graves","status":"publish","type":"post","link":"https:\/\/jorgezanoni.com.br\/2019\/acidente-com-trator-deixa-produtor-jair-stochi-com-ferimentos-graves\/","title":{"rendered":"Acidente com trator deixa produtor Jair Stochi com ferimentos graves"},"content":{"rendered":"<div class=\"clear\" style=\"text-align: justify;\">O produtor rural de Junqueir\u00f3polis, Jair Stochi, ficou gravemente ferido em um acidente com um trator que trabalhava na manh\u00e3 desta sexta-feira, 13, por volta das 10h15, na sua propriedade, ch\u00e1cara S\u00e3o Paulo, localizada no bairro Taquaru\u00e7u, a poucos metros do trevo da rodovia Comandante Jo\u00e3o Ribeiro de Barros (SP-294).<\/div>\n<div style=\"text-align: justify;\"><\/div>\n<div class=\"entry\">\n<p style=\"text-align: justify;\">Segundo a Pol\u00edcia Militar que atendeu a ocorr\u00eancia, o trator que tinha um reservat\u00f3rio de \u00e1gua acoplado na traseira, desceu desgovernado no terreno da ch\u00e1cara, bateu em uma \u00e1rvore, empinou o que fez seu Jair cair para tr\u00e1s , ficando prensado entre o trator e o\u00a0 reservat\u00f3rio, ocasionando os ferimentos.<\/p>\n<p style=\"text-align: justify;\">Ele foi socorrido pelos socorristas da Base Comunit\u00e1ria ao Pronto Socorro, com ferimentos graves com fraturas pelo corpo e queimaduras no tronco. Havia coment\u00e1rios de que ele n\u00e3o teria resistido aos ferimentos e falecido mas os socorristas informaram por volta das 12h que o m\u00e9dico plantonista fez o procedimento que o reanimou e estava sendo acompanhado pelo cl\u00ednico.<\/p>\n<p style=\"text-align: justify;\">A Pol\u00edcia Militar registrou a ocorr\u00eancia como acidente. A Pol\u00edcia Civil tamb\u00e9m compareceu e as causas do acidente ser\u00e3o apuradas pela pol\u00edcia cient\u00edfica que fez a per\u00edcia.<\/p>\n<p style=\"text-align: justify;\">Seu Jair Stochi \u00e9 um dos tradicionais produtores de frutas principalmente a uva no munic\u00edpio sendo um dos fundadores da Associa\u00e7\u00e3o Agr\u00edcola do munic\u00edpio.<\/p>\n<p><img loading=\"lazy\" decoding=\"async\" class=\"alignnone size-full wp-image-21143\" src=\"https:\/\/jorgezanoni.com.br\/2019\/wp-content\/uploads\/2020\/03\/Jair-1.jpg\" alt=\"\" width=\"640\" height=\"474\" srcset=\"https:\/\/jorgezanoni.com.br\/2019\/wp-content\/uploads\/2020\/03\/Jair-1.jpg 640w, https:\/\/jorgezanoni.com.br\/2019\/wp-content\/uploads\/2020\/03\/Jair-1-300x222.jpg 300w, https:\/\/jorgezanoni.com.br\/2019\/wp-content\/uploads\/2020\/03\/Jair-1-80x60.jpg 80w, https:\/\/jorgezanoni.com.br\/2019\/wp-content\/uploads\/2020\/03\/Jair-1-567x420.jpg 567w\" sizes=\"auto, (max-width: 640px) 100vw, 640px\" \/>Jair Stochi na sua produ\u00e7\u00e3o de uvas<\/p>\n<p>Fonte: junqueiropolisemdia.com.br<\/p>\n<\/div>\n","protected":false},"excerpt":{"rendered":"<p>O produtor rural de Junqueir\u00f3polis, Jair Stochi, ficou gravemente ferido em um acidente com um trator que trabalhava na manh\u00e3 desta sexta-feira, 13, por volta das 10h15, na sua propriedade, ch\u00e1cara S\u00e3o Paulo, localizada no bairro Taquaru\u00e7u, a poucos metros do trevo da rodovia Comandante Jo\u00e3o Ribeiro de Barros (SP-294). Segundo a Pol\u00edcia Militar que [&hellip;]<\/p>\n","protected":false},"author":1,"featured_media":21144,"comment_status":"closed","ping_status":"open","sticky":false,"template":"","format":"standard","meta":{"footnotes":""},"categories":[170,110],"tags":[],"class_list":["post-21142","post","type-post","status-publish","format-standard","has-post-thumbnail","hentry","category-acidentes","category-noticiasdestaque"],"_links":{"self":[{"href":"https:\/\/jorgezanoni.com.br\/2019\/wp-json\/wp\/v2\/posts\/21142","targetHints":{"allow":["GET"]}}],"collection":[{"href":"https:\/\/jorgezanoni.com.br\/2019\/wp-json\/wp\/v2\/posts"}],"about":[{"href":"https:\/\/jorgezanoni.com.br\/2019\/wp-json\/wp\/v2\/types\/post"}],"author":[{"embeddable":true,"href":"https:\/\/jorgezanoni.com.br\/2019\/wp-json\/wp\/v2\/users\/1"}],"replies":[{"embeddable":true,"href":"https:\/\/jorgezanoni.com.br\/2019\/wp-json\/wp\/v2\/comments?post=21142"}],"version-history":[{"count":0,"href":"https:\/\/jorgezanoni.com.br\/2019\/wp-json\/wp\/v2\/posts\/21142\/revisions"}],"wp:featuredmedia":[{"embeddable":true,"href":"https:\/\/jorgezanoni.com.br\/2019\/wp-json\/wp\/v2\/media\/21144"}],"wp:attachment":[{"href":"https:\/\/jorgezanoni.com.br\/2019\/wp-json\/wp\/v2\/media?parent=21142"}],"wp:term":[{"taxonomy":"category","embeddable":true,"href":"https:\/\/jorgezanoni.com.br\/2019\/wp-json\/wp\/v2\/categories?post=21142"},{"taxonomy":"post_tag","embeddable":true,"href":"https:\/\/jorgezanoni.com.br\/2019\/wp-json\/wp\/v2\/tags?post=21142"}],"curies":[{"name":"wp","href":"https:\/\/api.w.org\/{rel}","templated":true}]}}