{"id":2107,"date":"2019-07-25T22:06:14","date_gmt":"2019-07-25T22:06:14","guid":{"rendered":"http:\/\/jorgezanoni.com.br\/2019\/?p=2107"},"modified":"2019-07-25T22:06:14","modified_gmt":"2019-07-25T22:06:14","slug":"aviao-que-transportava-corpo-de-vitima-de-acidente-aereo-cai-no-am-dois-ficam-feridos","status":"publish","type":"post","link":"https:\/\/jorgezanoni.com.br\/2019\/aviao-que-transportava-corpo-de-vitima-de-acidente-aereo-cai-no-am-dois-ficam-feridos\/","title":{"rendered":"Avi\u00e3o que transportava corpo de v\u00edtima de acidente a\u00e9reo cai no AM; dois ficam feridos"},"content":{"rendered":"<h2 class=\"content-head__subtitle\" style=\"text-align: justify;\"><strong>V\u00edtimas foram transportadas para hospital em Manaus.<\/strong><\/h2>\n<p><span style=\"text-align: justify;\">Duas pessoas ficaram feridas ap\u00f3s um avi\u00e3o de pequeno porte cair em uma \u00e1rea de mata no munic\u00edpio de Autazes, a 112 km de Manaus. O acidente foi confirmado pela For\u00e7a A\u00e9rea Brasileira (FAB). Al\u00e9m do piloto, havia uma passageira e o corpo de um homem &#8211; morto em outro acidente a\u00e9reo &#8211; que seria transportado para o Par\u00e1.<\/span><\/p>\n<div class=\"wall protected-content\">\n<div class=\"mc-column content-text active-extra-styles \" data-block-type=\"unstyled\" data-block-weight=\"41\" data-block-id=\"3\">\n<p class=\"content-text__container \" style=\"text-align: justify;\" data-track-category=\"Link no Texto\" data-track-links=\"\">O avi\u00e3o modelo Baron B-58 partiu do aeroclube de Manaus e seguiu com destino ao munic\u00edpio de Itaituba, no estado vizinho. Entretanto, nas proximidades da comunidade do Novo C\u00e9u, em Autazes, a aeronave sofreu uma pane e houve um pouso for\u00e7ado.<\/p>\n<p data-track-category=\"Link no Texto\" data-track-links=\"\"><img loading=\"lazy\" decoding=\"async\" class=\"alignnone size-full wp-image-2109\" src=\"http:\/\/jorgezanoni.com.br\/2019\/wp-content\/uploads\/2019\/07\/avi\u00e3o1.jpeg\" alt=\"\" width=\"1000\" height=\"1333\" srcset=\"https:\/\/jorgezanoni.com.br\/2019\/wp-content\/uploads\/2019\/07\/avi\u00e3o1.jpeg 1000w, https:\/\/jorgezanoni.com.br\/2019\/wp-content\/uploads\/2019\/07\/avi\u00e3o1-225x300.jpeg 225w, https:\/\/jorgezanoni.com.br\/2019\/wp-content\/uploads\/2019\/07\/avi\u00e3o1-768x1024.jpeg 768w, https:\/\/jorgezanoni.com.br\/2019\/wp-content\/uploads\/2019\/07\/avi\u00e3o1-696x928.jpeg 696w, https:\/\/jorgezanoni.com.br\/2019\/wp-content\/uploads\/2019\/07\/avi\u00e3o1-315x420.jpeg 315w\" sizes=\"auto, (max-width: 1000px) 100vw, 1000px\" \/><\/p>\n<div class=\"mc-column content-text active-extra-styles \" data-block-type=\"unstyled\" data-block-weight=\"49\" data-block-id=\"6\">\n<p class=\"content-text__container \" style=\"text-align: justify;\" data-track-category=\"Link no Texto\" data-track-links=\"\">\u201cFoi um pouso for\u00e7ado nas proximidades da vila Novo C\u00e9u dentro de uma fazenda. N\u00e3o houve vitimas fatais nem do piloto e nem do acompanhante. Estamos com toda a nossa equipe de bombeiros, m\u00e9dicos e pol\u00edcia militar, dado todo o suporte\u201d, disse o prefeito do munic\u00edpio, Anderson Cavalcante.<\/p>\n<\/div>\n<div class=\"mc-column content-text active-extra-styles \" data-block-type=\"unstyled\" data-block-weight=\"27\" data-block-id=\"7\">\n<p class=\"content-text__container \" style=\"text-align: justify;\" data-track-category=\"Link no Texto\" data-track-links=\"\">De acordo com informa\u00e7\u00f5es repassadas pela Secretaria de Seguran\u00e7a P\u00fablica (SSP-AM), equipes do Departamento Integrado de Opera\u00e7\u00f5es A\u00e9reas atuam no resgate das duas v\u00edtimas do acidente a\u00e9reo.<\/p>\n<p data-track-category=\"Link no Texto\" data-track-links=\"\"><img loading=\"lazy\" decoding=\"async\" class=\"alignnone size-full wp-image-2110\" src=\"http:\/\/jorgezanoni.com.br\/2019\/wp-content\/uploads\/2019\/07\/avi\u00e3o2.jpeg\" alt=\"\" width=\"1000\" height=\"750\" srcset=\"https:\/\/jorgezanoni.com.br\/2019\/wp-content\/uploads\/2019\/07\/avi\u00e3o2.jpeg 1000w, https:\/\/jorgezanoni.com.br\/2019\/wp-content\/uploads\/2019\/07\/avi\u00e3o2-300x225.jpeg 300w, https:\/\/jorgezanoni.com.br\/2019\/wp-content\/uploads\/2019\/07\/avi\u00e3o2-768x576.jpeg 768w, https:\/\/jorgezanoni.com.br\/2019\/wp-content\/uploads\/2019\/07\/avi\u00e3o2-80x60.jpeg 80w, https:\/\/jorgezanoni.com.br\/2019\/wp-content\/uploads\/2019\/07\/avi\u00e3o2-265x198.jpeg 265w, https:\/\/jorgezanoni.com.br\/2019\/wp-content\/uploads\/2019\/07\/avi\u00e3o2-696x522.jpeg 696w, https:\/\/jorgezanoni.com.br\/2019\/wp-content\/uploads\/2019\/07\/avi\u00e3o2-560x420.jpeg 560w\" sizes=\"auto, (max-width: 1000px) 100vw, 1000px\" \/><\/p>\n<article>\n<div class=\"wall protected-content\">\n<div class=\"mc-column content-text active-extra-styles \" data-block-type=\"unstyled\" data-block-weight=\"22\" data-block-id=\"9\">\n<p class=\"content-text__container \" style=\"text-align: justify;\" data-track-category=\"Link no Texto\" data-track-links=\"\">Os sobreviventes foram transportados para o Pronto-Socorro Jo\u00e3o L\u00facio em Manaus. Ainda n\u00e3o h\u00e1 informa\u00e7\u00f5es sobre o estado de sa\u00fade das v\u00edtimas.<\/p>\n<\/div>\n<div class=\"mc-column content-text active-extra-styles \" style=\"text-align: justify;\" data-block-type=\"unstyled\" data-block-weight=\"21\" data-block-id=\"10\">\n<p class=\"content-text__container \" data-track-category=\"Link no Texto\" data-track-links=\"\">O Corpo de Bombeiros Militar do Amazonas (CBM-AM) tamb\u00e9m foi informado do acidente. Equipes foram deslocadas para a regi\u00e3o.<\/p>\n<\/div>\n<div data-track-category=\"multicontent\" data-track-action=\"ultimo chunk conteudo\" data-track-noninteraction=\"false\" data-track-scroll=\"view\">\n<div class=\"mc-column content-text active-extra-styles \" data-block-type=\"unstyled\" data-block-weight=\"16\" data-block-id=\"11\">\n<p class=\"content-text__container \" style=\"text-align: justify;\" data-track-category=\"Link no Texto\" data-track-links=\"\">A reportagem entrou em contato com a empresa de transporte a\u00e9reo, mas ainda n\u00e3o recebeu retorno.<\/p>\n<p data-track-category=\"Link no Texto\" data-track-links=\"\">Fonte: G1<\/p>\n<\/div>\n<\/div>\n<\/div>\n<\/article>\n<div class=\"mc-column entities\"><\/div>\n<\/div>\n<\/div>\n<\/div>\n","protected":false},"excerpt":{"rendered":"<p>V\u00edtimas foram transportadas para hospital em Manaus. Duas pessoas ficaram feridas ap\u00f3s um avi\u00e3o de pequeno porte cair em uma \u00e1rea de mata no munic\u00edpio de Autazes, a 112 km de Manaus. O acidente foi confirmado pela For\u00e7a A\u00e9rea Brasileira (FAB). Al\u00e9m do piloto, havia uma passageira e o corpo de um homem &#8211; morto [&hellip;]<\/p>\n","protected":false},"author":1,"featured_media":2111,"comment_status":"open","ping_status":"open","sticky":false,"template":"","format":"standard","meta":{"footnotes":""},"categories":[170,110],"tags":[],"class_list":["post-2107","post","type-post","status-publish","format-standard","has-post-thumbnail","hentry","category-acidentes","category-noticiasdestaque"],"_links":{"self":[{"href":"https:\/\/jorgezanoni.com.br\/2019\/wp-json\/wp\/v2\/posts\/2107","targetHints":{"allow":["GET"]}}],"collection":[{"href":"https:\/\/jorgezanoni.com.br\/2019\/wp-json\/wp\/v2\/posts"}],"about":[{"href":"https:\/\/jorgezanoni.com.br\/2019\/wp-json\/wp\/v2\/types\/post"}],"author":[{"embeddable":true,"href":"https:\/\/jorgezanoni.com.br\/2019\/wp-json\/wp\/v2\/users\/1"}],"replies":[{"embeddable":true,"href":"https:\/\/jorgezanoni.com.br\/2019\/wp-json\/wp\/v2\/comments?post=2107"}],"version-history":[{"count":0,"href":"https:\/\/jorgezanoni.com.br\/2019\/wp-json\/wp\/v2\/posts\/2107\/revisions"}],"wp:featuredmedia":[{"embeddable":true,"href":"https:\/\/jorgezanoni.com.br\/2019\/wp-json\/wp\/v2\/media\/2111"}],"wp:attachment":[{"href":"https:\/\/jorgezanoni.com.br\/2019\/wp-json\/wp\/v2\/media?parent=2107"}],"wp:term":[{"taxonomy":"category","embeddable":true,"href":"https:\/\/jorgezanoni.com.br\/2019\/wp-json\/wp\/v2\/categories?post=2107"},{"taxonomy":"post_tag","embeddable":true,"href":"https:\/\/jorgezanoni.com.br\/2019\/wp-json\/wp\/v2\/tags?post=2107"}],"curies":[{"name":"wp","href":"https:\/\/api.w.org\/{rel}","templated":true}]}}