{"id":21050,"date":"2020-03-12T23:18:08","date_gmt":"2020-03-12T23:18:08","guid":{"rendered":"https:\/\/jorgezanoni.com.br\/2019\/?p=21050"},"modified":"2020-03-12T23:18:08","modified_gmt":"2020-03-12T23:18:08","slug":"apos-revitalizacao-sabado-todos-estao-convidados-para-a-reinauguracao-da-imagem-no-trevo-da-santa","status":"publish","type":"post","link":"https:\/\/jorgezanoni.com.br\/2019\/apos-revitalizacao-sabado-todos-estao-convidados-para-a-reinauguracao-da-imagem-no-trevo-da-santa\/","title":{"rendered":"Ap\u00f3s revitaliza\u00e7\u00e3o, s\u00e1bado todos est\u00e3o convidados para a reinaugura\u00e7\u00e3o da imagem no Trevo da Santa"},"content":{"rendered":"<p style=\"text-align: justify;\">Mais uma vez o volunt\u00e1rio Andr\u00e9 Cardoso surpreende. A Imagem de Nossa Senhora Aparecida no conhecido Trevo da Santa na avenida Jos\u00e9 Bonif\u00e1cio, foi totalmente revitalizada.<\/p>\n<p style=\"text-align: justify;\">Para marcar o importante feito, ser\u00e1 rezado um Santo Ter\u00e7o em A\u00e7\u00e3o de Gra\u00e7as no pr\u00f3ximo s\u00e1bado (14) \u00e0s 18:00 Horas no local.<\/p>\n<p style=\"text-align: justify;\">O convite \u00e9 aberto a toda popula\u00e7\u00e3o de Dracena. Quem quiser doar <strong>flores ARTIFICIAIS<\/strong> para enfeitar o monumento, pode levar durante o evento.<\/p>\n<p style=\"text-align: justify;\">Jorge Zanoni<\/p>\n<p><img loading=\"lazy\" decoding=\"async\" class=\"alignnone size-full wp-image-21051\" src=\"https:\/\/jorgezanoni.com.br\/2019\/wp-content\/uploads\/2020\/03\/trevo.jpg\" alt=\"\" width=\"1280\" height=\"960\" srcset=\"https:\/\/jorgezanoni.com.br\/2019\/wp-content\/uploads\/2020\/03\/trevo.jpg 1280w, https:\/\/jorgezanoni.com.br\/2019\/wp-content\/uploads\/2020\/03\/trevo-300x225.jpg 300w, https:\/\/jorgezanoni.com.br\/2019\/wp-content\/uploads\/2020\/03\/trevo-768x576.jpg 768w, https:\/\/jorgezanoni.com.br\/2019\/wp-content\/uploads\/2020\/03\/trevo-1024x768.jpg 1024w, https:\/\/jorgezanoni.com.br\/2019\/wp-content\/uploads\/2020\/03\/trevo-80x60.jpg 80w, https:\/\/jorgezanoni.com.br\/2019\/wp-content\/uploads\/2020\/03\/trevo-265x198.jpg 265w, https:\/\/jorgezanoni.com.br\/2019\/wp-content\/uploads\/2020\/03\/trevo-696x522.jpg 696w, https:\/\/jorgezanoni.com.br\/2019\/wp-content\/uploads\/2020\/03\/trevo-1068x801.jpg 1068w, https:\/\/jorgezanoni.com.br\/2019\/wp-content\/uploads\/2020\/03\/trevo-560x420.jpg 560w\" sizes=\"auto, (max-width: 1280px) 100vw, 1280px\" \/>Boa Noite jorge contamos com sua presen\u00e7a&#8230;se poss\u00edvel divulgar&#8230;s\u00f3 uma observa\u00e7\u00e3o que meu amigo esqueceu as flores podem ser artificiais pra dura mais<\/p>\n","protected":false},"excerpt":{"rendered":"<p>Mais uma vez o volunt\u00e1rio Andr\u00e9 Cardoso surpreende. A Imagem de Nossa Senhora Aparecida no conhecido Trevo da Santa na avenida Jos\u00e9 Bonif\u00e1cio, foi totalmente revitalizada. Para marcar o importante feito, ser\u00e1 rezado um Santo Ter\u00e7o em A\u00e7\u00e3o de Gra\u00e7as no pr\u00f3ximo s\u00e1bado (14) \u00e0s 18:00 Horas no local. O convite \u00e9 aberto a toda [&hellip;]<\/p>\n","protected":false},"author":1,"featured_media":21052,"comment_status":"closed","ping_status":"open","sticky":false,"template":"","format":"standard","meta":{"footnotes":""},"categories":[179,184,110,118],"tags":[],"class_list":["post-21050","post","type-post","status-publish","format-standard","has-post-thumbnail","hentry","category-cidadeseregiao","category-dracena","category-noticiasdestaque","category-religiaoesolidariedade"],"_links":{"self":[{"href":"https:\/\/jorgezanoni.com.br\/2019\/wp-json\/wp\/v2\/posts\/21050","targetHints":{"allow":["GET"]}}],"collection":[{"href":"https:\/\/jorgezanoni.com.br\/2019\/wp-json\/wp\/v2\/posts"}],"about":[{"href":"https:\/\/jorgezanoni.com.br\/2019\/wp-json\/wp\/v2\/types\/post"}],"author":[{"embeddable":true,"href":"https:\/\/jorgezanoni.com.br\/2019\/wp-json\/wp\/v2\/users\/1"}],"replies":[{"embeddable":true,"href":"https:\/\/jorgezanoni.com.br\/2019\/wp-json\/wp\/v2\/comments?post=21050"}],"version-history":[{"count":0,"href":"https:\/\/jorgezanoni.com.br\/2019\/wp-json\/wp\/v2\/posts\/21050\/revisions"}],"wp:featuredmedia":[{"embeddable":true,"href":"https:\/\/jorgezanoni.com.br\/2019\/wp-json\/wp\/v2\/media\/21052"}],"wp:attachment":[{"href":"https:\/\/jorgezanoni.com.br\/2019\/wp-json\/wp\/v2\/media?parent=21050"}],"wp:term":[{"taxonomy":"category","embeddable":true,"href":"https:\/\/jorgezanoni.com.br\/2019\/wp-json\/wp\/v2\/categories?post=21050"},{"taxonomy":"post_tag","embeddable":true,"href":"https:\/\/jorgezanoni.com.br\/2019\/wp-json\/wp\/v2\/tags?post=21050"}],"curies":[{"name":"wp","href":"https:\/\/api.w.org\/{rel}","templated":true}]}}