{"id":2104,"date":"2019-07-25T21:32:17","date_gmt":"2019-07-25T21:32:17","guid":{"rendered":"http:\/\/jorgezanoni.com.br\/2019\/?p=2104"},"modified":"2019-07-25T21:40:24","modified_gmt":"2019-07-25T21:40:24","slug":"fgts-veja-perguntas-e-respostas-sobre-a-liberacao-dos-saques","status":"publish","type":"post","link":"https:\/\/jorgezanoni.com.br\/2019\/fgts-veja-perguntas-e-respostas-sobre-a-liberacao-dos-saques\/","title":{"rendered":"FGTS: veja perguntas e respostas sobre a libera\u00e7\u00e3o dos saques"},"content":{"rendered":"<h2 class=\"content-head__subtitle\" style=\"text-align: justify;\"><strong>Haver\u00e1 duas modalidades de saques. Trabalhador poder\u00e1 retirar at\u00e9 R$ 500 a partir de setembro; governo liberou ainda saques anuais do fundo de garantia.<\/strong><\/h2>\n<div class=\"mc-column content-text active-extra-styles \" data-block-type=\"unstyled\" data-block-weight=\"70\" data-block-id=\"2\">\n<p class=\"content-text__container \" style=\"text-align: justify;\" data-track-category=\"Link no Texto\" data-track-links=\"\">O governo anunciou a libera\u00e7\u00e3o dos saques das contas ativas e inativas do Fundo de Garantia do Tempo de Servi\u00e7o (FGTS) e Fundo PIS-Pasep. Os saques do FGTS obedecer\u00e3o a um calend\u00e1rio, como ocorreu na\u00a0<a href=\"https:\/\/g1.globo.com\/economia\/noticia\/caixa-informa-que-saques-das-contas-inativas-fgts-soma-r-44-bilhoes.ghtml\">libera\u00e7\u00e3o das contas inativas em 2017<\/a>, e ter\u00e3o duas modalidades: uma que libera at\u00e9 R$ 500 e outra que permitir\u00e1 o saque anual de acordo com o anivers\u00e1rio do trabalhador, chamado pelo governo de saque-anivers\u00e1rio.<\/p>\n<\/div>\n<div class=\"wall protected-content\">\n<div class=\"mc-column content-text active-extra-styles \" style=\"text-align: justify;\" data-block-type=\"unstyled\" data-block-weight=\"9\" data-block-id=\"3\">\n<p class=\"content-text__container \" data-track-category=\"Link no Texto\" data-track-links=\"\">O\u00a0<strong>G1<\/strong>\u00a0preparou um tira-d\u00favidas sobre o assunto.<\/p>\n<\/div>\n<div class=\"mc-column content-text active-extra-styles\" style=\"text-align: justify;\" data-block-type=\"raw\" data-block-weight=\"4\" data-block-id=\"4\">\n<div class=\"content-intertitle\">\n<h2>Quando come\u00e7am os saques?<\/h2>\n<\/div>\n<\/div>\n<div class=\"mc-column content-text active-extra-styles \" style=\"text-align: justify;\" data-block-type=\"unstyled\" data-block-weight=\"30\" data-block-id=\"5\">\n<p class=\"content-text__container \" data-track-category=\"Link no Texto\" data-track-links=\"\">Os saques para valores de at\u00e9 R$ 500 das contas ativas e inativas do FGTS come\u00e7ar\u00e3o em setembro. A Caixa Econ\u00f4mica Federal vai divulgar um cronograma para essa libera\u00e7\u00e3o.<\/p>\n<\/div>\n<div class=\"mc-column content-text active-extra-styles \" style=\"text-align: justify;\" data-block-type=\"unstyled\" data-block-weight=\"52\" data-block-id=\"6\">\n<p class=\"content-text__container \" data-track-category=\"Link no Texto\" data-track-links=\"\">No caso do saque-anivers\u00e1rio, que poder\u00e1 ser feito uma vez por ano, de acordo com o m\u00eas em que o benefici\u00e1rio nasceu, os saques come\u00e7am em abril de 2020. Nesse caso, os interessados em migrar para a modalidade ter\u00e3o que comunicar a decis\u00e3o \u00e0 Caixa Econ\u00f4mica a partir de outubro deste ano.<\/p>\n<\/div>\n<div class=\"mc-column content-text active-extra-styles \" style=\"text-align: justify;\" data-block-type=\"unstyled\" data-block-weight=\"14\" data-block-id=\"7\">\n<p class=\"content-text__container \" data-track-category=\"Link no Texto\" data-track-links=\"\">J\u00e1 os saques do Fundo PIS-Pasep ser\u00e3o liberados a partir de 19 de agosto.<\/p>\n<\/div>\n<div class=\"mc-column content-text active-extra-styles\" style=\"text-align: justify;\" data-block-type=\"raw\" data-block-weight=\"7\" data-block-id=\"8\">\n<div class=\"content-intertitle\">\n<h2>At\u00e9 quando \u00e9 poss\u00edvel fazer os saques?<\/h2>\n<\/div>\n<\/div>\n<div class=\"mc-column content-text active-extra-styles \" style=\"text-align: justify;\" data-block-type=\"unstyled\" data-block-weight=\"28\" data-block-id=\"9\">\n<p class=\"content-text__container \" data-track-category=\"Link no Texto\" data-track-links=\"\">Para saques com valores de at\u00e9 R$ 500, o pagamento ser\u00e1 feito at\u00e9 mar\u00e7o de 2020. A Caixa Econ\u00f4mica Federal vai divulgar um cronograma para essa libera\u00e7\u00e3o.<\/p>\n<\/div>\n<div class=\"mc-column content-text active-extra-styles \" style=\"text-align: justify;\" data-block-type=\"unstyled\" data-block-weight=\"20\" data-block-id=\"11\">\n<p class=\"content-text__container \" data-track-category=\"Link no Texto\" data-track-links=\"\">No caso do saque-anivers\u00e1rio, o governo anunciou que os saques anuais ser\u00e3o liberados pelo menos em 2020 e 2021.<\/p>\n<\/div>\n<div class=\"mc-column content-text active-extra-styles \" style=\"text-align: justify;\" data-block-type=\"unstyled\" data-block-weight=\"14\" data-block-id=\"12\">\n<p class=\"content-text__container \" data-track-category=\"Link no Texto\" data-track-links=\"\">Em 2020, os saques para os aniversariantes do primeiro semestre ter\u00e3o o seguinte cronograma:<\/p>\n<\/div>\n<div class=\"mc-column content-text active-extra-styles\" style=\"text-align: justify;\" data-block-type=\"raw\" data-block-weight=\"67\" data-block-id=\"13\">\n<ul class=\"content-unordered-list\">\n<li>Nascidos em janeiro e fevereiro &#8211; os saques ser\u00e3o efetuados no per\u00edodo de abril a junho de 2020;<\/li>\n<li>Nascidos em mar\u00e7o e abril &#8211; os saques ser\u00e3o efetuados no per\u00edodo de maio a julho de 2020;<\/li>\n<li>Nascidos em maio e junho &#8211; os saques ser\u00e3o efetuados no per\u00edodo de junho a agosto de 2020;<\/li>\n<li>Ap\u00f3s junho, os saques poder\u00e3o ser feitos no m\u00eas de anivers\u00e1rio do trabalhador.<\/li>\n<\/ul>\n<\/div>\n<div class=\"mc-column content-text active-extra-styles \" style=\"text-align: justify;\" data-block-type=\"unstyled\" data-block-weight=\"54\" data-block-id=\"14\">\n<p class=\"content-text__container \" data-track-category=\"Link no Texto\" data-track-links=\"\">A partir de 2021, o saque dever\u00e1 ser feito no primeiro dia do m\u00eas do anivers\u00e1rio at\u00e9 o \u00faltimo dia \u00fatil do segundo m\u00eas subsequente. Portanto, se a data de anivers\u00e1rio for dia 10 de mar\u00e7o, o trabalhador ter\u00e1 de 1\u00ba de mar\u00e7o at\u00e9 o \u00faltimo dia \u00fatil de maio para efetuar o saque.<\/p>\n<\/div>\n<div class=\"mc-column content-text active-extra-styles \" style=\"text-align: justify;\" data-block-type=\"unstyled\" data-block-weight=\"9\" data-block-id=\"15\">\n<p class=\"content-text__container \" data-track-category=\"Link no Texto\" data-track-links=\"\">O Fundo PIS-Pasep n\u00e3o ter\u00e1 prazo limite de saque.<\/p>\n<\/div>\n<div class=\"mc-column content-text active-extra-styles\" style=\"text-align: justify;\" data-block-type=\"raw\" data-block-weight=\"6\" data-block-id=\"16\">\n<div class=\"content-intertitle\">\n<h2>Como poder\u00e3o ser feitos esses saques?<\/h2>\n<\/div>\n<\/div>\n<div class=\"mc-column content-text active-extra-styles \" style=\"text-align: justify;\" data-block-type=\"unstyled\" data-block-weight=\"37\" data-block-id=\"17\">\n<p class=\"content-text__container \" data-track-category=\"Link no Texto\" data-track-links=\"\">Nos saques de at\u00e9 R$ 500, os pagamentos ser\u00e3o feitos da seguinte forma: para quem tiver conta poupan\u00e7a Caixa, o dep\u00f3sito ser\u00e1 feito automaticamente. Os correntistas que n\u00e3o desejarem sacar os valores dever\u00e3o informar ao banco.<\/p>\n<\/div>\n<div class=\"mc-column content-text active-extra-styles \" style=\"text-align: justify;\" data-block-type=\"unstyled\" data-block-weight=\"35\" data-block-id=\"18\">\n<p class=\"content-text__container \" data-track-category=\"Link no Texto\" data-track-links=\"\">Quem possuir Cart\u00e3o Cidad\u00e3o poder\u00e1 fazer o saque nos caixas eletr\u00f4nicos. Os saques de menos de R$ 100 poder\u00e3o ser feitos em casas lot\u00e9ricas, com apresenta\u00e7\u00e3o de carteira de identidade e n\u00famero do CPF.<\/p>\n<\/div>\n<div class=\"mc-column content-text active-extra-styles \" style=\"text-align: justify;\" data-block-type=\"unstyled\" data-block-weight=\"10\" data-block-id=\"19\">\n<p class=\"content-text__container \" data-track-category=\"Link no Texto\" data-track-links=\"\">A Caixa n\u00e3o informou ainda as regras para o saque-anivers\u00e1rio.<\/p>\n<\/div>\n<div class=\"mc-column content-text active-extra-styles \" style=\"text-align: justify;\" data-block-type=\"unstyled\" data-block-weight=\"30\" data-block-id=\"20\">\n<p class=\"content-text__container \" data-track-category=\"Link no Texto\" data-track-links=\"\">No caso do PIS-Pasep, o saque dever\u00e1 ser feito na Caixa Econ\u00f4mica Federal, e para quem tiver recursos referentes ao Pasep, o saque dever\u00e1 ser feito no Banco do Brasil.<\/p>\n<\/div>\n<div class=\"mc-column content-text active-extra-styles\" style=\"text-align: justify;\" data-block-type=\"raw\" data-block-weight=\"12\" data-block-id=\"21\">\n<div class=\"content-intertitle\">\n<h2>Ser\u00e1 poss\u00edvel retirar o dinheiro das contas ativas e inativas do FGTS?<\/h2>\n<\/div>\n<\/div>\n<div class=\"mc-column content-text active-extra-styles \" style=\"text-align: justify;\" data-block-type=\"unstyled\" data-block-weight=\"41\" data-block-id=\"22\">\n<p class=\"content-text__container \" data-track-category=\"Link no Texto\" data-track-links=\"\">Sim, tanto nos saques de at\u00e9 R$ 500 como no saque-anivers\u00e1rio ser\u00e1 poss\u00edvel fazer a retirada de valores das contas do emprego atual e de empregos anteriores. O saque abrange todas as contas vinculadas do trabalhador que ainda tenham saldo.<\/p>\n<\/div>\n<div class=\"mc-column content-text active-extra-styles\" style=\"text-align: justify;\" data-block-type=\"raw\" data-block-weight=\"7\" data-block-id=\"24\">\n<div class=\"content-intertitle\">\n<h2>Nos saques anuais haver\u00e1 limite de retirada?<\/h2>\n<\/div>\n<\/div>\n<div class=\"mc-column content-text active-extra-styles \" style=\"text-align: justify;\" data-block-type=\"unstyled\" data-block-weight=\"65\" data-block-id=\"25\">\n<p class=\"content-text__container \" data-track-category=\"Link no Texto\" data-track-links=\"\">Sim. O valor do saque anual ser\u00e1 um percentual do saldo da conta do trabalhador. Para contas com at\u00e9 R$ 500, ser\u00e1 liberado 50% do saldo, percentual que vai se reduzindo quanto maior for o valor em conta. Para as contas com mais de R$ 500, os saques ser\u00e3o acrescidos de uma parcela fixa. Portanto, os cotistas com saldo menor poder\u00e3o sacar anualmente percentuais maiores.<\/p>\n<\/div>\n<div class=\"row medium-uncollapsed content-media content-photo\" style=\"text-align: justify;\" data-block-type=\"backstage-photo\" data-block-id=\"26\">\n<div class=\"mc-column content-media__container\">\n<div class=\"progressive-img can-open-lightbox\" data-min-size=\"1008x481\" data-min-size-url=\"https:\/\/s2.glbimg.com\/NZ_NNQnL7JpYuqKMesongiRstT4=\/0x0:773x369\/1008x0\/smart\/filters:strip_icc()\/i.s3.glbimg.com\/v1\/AUTH_59edd422c0c84a879bd37670ae4f538a\/internal_photos\/bs\/2019\/h\/e\/1JFzO7QHm9snF97I6NwA\/fgts.png\" data-max-size=\"1600x763\" data-max-size-url=\"https:\/\/s2.glbimg.com\/hTX1z9-zCSMVLC8ydOvIluv32AE=\/0x0:773x369\/1600x0\/smart\/filters:strip_icc()\/i.s3.glbimg.com\/v1\/AUTH_59edd422c0c84a879bd37670ae4f538a\/internal_photos\/bs\/2019\/h\/e\/1JFzO7QHm9snF97I6NwA\/fgts.png\" data-media-index=\"0\"><img decoding=\"async\" class=\"progressive-draft\" title=\"Limite dos saques anuais do FGTS \u2014 Foto: Reprodu\u00e7\u00e3o\/Minist\u00e9rio da Economia\" src=\"data:image\/jpeg;base64,\/9j\/4AAQSkZJRgABAQAAAQABAAD\/2wBDAAMCAgMCAgMDAwMEAwMEBQgFBQQEBQoHBwYIDAoMDAsKCwsNDhIQDQ4RDgsLEBYQERMUFRUVDA8XGBYUGBIUFRT\/2wBDAQMEBAUEBQkFBQkUDQsNFBQUFBQUFBQUFBQUFBQUFBQUFBQUFBQUFBQUFBQUFBQUFBQUFBQUFBQUFBQUFBQUFBT\/wgARCAAMABkDASIAAhEBAxEB\/8QAFwAAAwEAAAAAAAAAAAAAAAAAAwQFAf\/EABYBAQEBAAAAAAAAAAAAAAAAAAQGB\/\/aAAwDAQACEAMQAAAB0bitdmEAVY7Uf\/\/EABwQAAICAgMAAAAAAAAAAAAAAAEDAAIEERIUIf\/aAAgBAQABBQIjSnVAszYTxhT5ZEvijXRpP\/\/EABkRAAMAAwAAAAAAAAAAAAAAAAABAhJBUf\/aAAgBAwEBPwFU1sjLp\/\/EABgRAAIDAAAAAAAAAAAAAAAAAAACARFR\/9oACAECAQE\/AUWClw\/\/xAAfEAACAgEEAwAAAAAAAAAAAAAAAQISESExMpFRYYH\/2gAIAQEABj8CTTfYn68mkmvpu+ytng5yK2lg5SP\/xAAeEAEAAgICAwEAAAAAAAAAAAABABEhQVHRYXHh8P\/aAAgBAQABPyGv1mD6t22gG3TSW4l\/pgGYHIdS4bfWU6ifOdcep+E6n\/\/aAAwDAQACAAMAAAAQaE\/\/xAAZEQACAwEAAAAAAAAAAAAAAAABEQAxQZH\/2gAIAQMBAT8QFJs05AS3TP\/EABgRAQEAAwAAAAAAAAAAAAAAAAEAMUGR\/9oACAECAQE\/EHaIIw5f\/8QAIBABAAIBAwUBAAAAAAAAAAAAAQARMUFR8CFhgZHB8f\/aAAgBAQABPxB8DxLJS89wCEDfbXeE1nAw2V13ucd+xloUJg2JhSxWTy65l31KrndDMfqS\/9k=\" alt=\"Limite dos saques anuais do FGTS \u2014 Foto: Reprodu\u00e7\u00e3o\/Minist\u00e9rio da Economia\" \/><picture><source srcset=\"https:\/\/s2.glbimg.com\/vmbU339H-_bSAMjop8YW0pdtfoU=\/0x0:773x369\/600x0\/smart\/filters:strip_icc()\/i.s3.glbimg.com\/v1\/AUTH_59edd422c0c84a879bd37670ae4f538a\/internal_photos\/bs\/2019\/h\/e\/1JFzO7QHm9snF97I6NwA\/fgts.png 1x, https:\/\/s2.glbimg.com\/NsAeJR1ElswfEy-YTDK5VfDx6kU=\/0x0:773x369\/1200x0\/smart\/filters:strip_icc()\/i.s3.glbimg.com\/v1\/AUTH_59edd422c0c84a879bd37670ae4f538a\/internal_photos\/bs\/2019\/h\/e\/1JFzO7QHm9snF97I6NwA\/fgts.png 2x\" media=\"(max-width: 1024px)\" data-src=\"https:\/\/s2.glbimg.com\/vmbU339H-_bSAMjop8YW0pdtfoU=\/0x0:773x369\/600x0\/smart\/filters:strip_icc()\/i.s3.glbimg.com\/v1\/AUTH_59edd422c0c84a879bd37670ae4f538a\/internal_photos\/bs\/2019\/h\/e\/1JFzO7QHm9snF97I6NwA\/fgts.png 1x, https:\/\/s2.glbimg.com\/NsAeJR1ElswfEy-YTDK5VfDx6kU=\/0x0:773x369\/1200x0\/smart\/filters:strip_icc()\/i.s3.glbimg.com\/v1\/AUTH_59edd422c0c84a879bd37670ae4f538a\/internal_photos\/bs\/2019\/h\/e\/1JFzO7QHm9snF97I6NwA\/fgts.png 2x\" \/><source srcset=\"https:\/\/s2.glbimg.com\/V7WjvbHxaXWBn39DXYWqE_XnGz4=\/0x0:773x369\/640x0\/smart\/filters:strip_icc()\/i.s3.glbimg.com\/v1\/AUTH_59edd422c0c84a879bd37670ae4f538a\/internal_photos\/bs\/2019\/h\/e\/1JFzO7QHm9snF97I6NwA\/fgts.png 1x, https:\/\/s2.glbimg.com\/Bb3BvRdN8K_FbVpdtSxCbqhTEIw=\/0x0:773x369\/1280x0\/smart\/filters:strip_icc()\/i.s3.glbimg.com\/v1\/AUTH_59edd422c0c84a879bd37670ae4f538a\/internal_photos\/bs\/2019\/h\/e\/1JFzO7QHm9snF97I6NwA\/fgts.png 2x\" media=\"(max-width: 1280px)\" data-src=\"https:\/\/s2.glbimg.com\/V7WjvbHxaXWBn39DXYWqE_XnGz4=\/0x0:773x369\/640x0\/smart\/filters:strip_icc()\/i.s3.glbimg.com\/v1\/AUTH_59edd422c0c84a879bd37670ae4f538a\/internal_photos\/bs\/2019\/h\/e\/1JFzO7QHm9snF97I6NwA\/fgts.png 1x, https:\/\/s2.glbimg.com\/Bb3BvRdN8K_FbVpdtSxCbqhTEIw=\/0x0:773x369\/1280x0\/smart\/filters:strip_icc()\/i.s3.glbimg.com\/v1\/AUTH_59edd422c0c84a879bd37670ae4f538a\/internal_photos\/bs\/2019\/h\/e\/1JFzO7QHm9snF97I6NwA\/fgts.png 2x\" \/><source srcset=\"https:\/\/s2.glbimg.com\/0JqL55yQTiwMPucpo2VWcZIBQ6I=\/0x0:773x369\/984x0\/smart\/filters:strip_icc()\/i.s3.glbimg.com\/v1\/AUTH_59edd422c0c84a879bd37670ae4f538a\/internal_photos\/bs\/2019\/h\/e\/1JFzO7QHm9snF97I6NwA\/fgts.png 1x, https:\/\/s2.glbimg.com\/2lOtDU3Nhcu_O1P4bt6q58lY6ds=\/0x0:773x369\/1968x0\/smart\/filters:strip_icc()\/i.s3.glbimg.com\/v1\/AUTH_59edd422c0c84a879bd37670ae4f538a\/internal_photos\/bs\/2019\/h\/e\/1JFzO7QHm9snF97I6NwA\/fgts.png 2x\" media=\"(max-width: 1360px)\" data-src=\"https:\/\/s2.glbimg.com\/0JqL55yQTiwMPucpo2VWcZIBQ6I=\/0x0:773x369\/984x0\/smart\/filters:strip_icc()\/i.s3.glbimg.com\/v1\/AUTH_59edd422c0c84a879bd37670ae4f538a\/internal_photos\/bs\/2019\/h\/e\/1JFzO7QHm9snF97I6NwA\/fgts.png 1x, https:\/\/s2.glbimg.com\/2lOtDU3Nhcu_O1P4bt6q58lY6ds=\/0x0:773x369\/1968x0\/smart\/filters:strip_icc()\/i.s3.glbimg.com\/v1\/AUTH_59edd422c0c84a879bd37670ae4f538a\/internal_photos\/bs\/2019\/h\/e\/1JFzO7QHm9snF97I6NwA\/fgts.png 2x\" \/><source srcset=\"https:\/\/s2.glbimg.com\/2MJugpeJAboU4BbTn--lXcUpabQ=\/0x0:773x369\/1000x0\/smart\/filters:strip_icc()\/i.s3.glbimg.com\/v1\/AUTH_59edd422c0c84a879bd37670ae4f538a\/internal_photos\/bs\/2019\/h\/e\/1JFzO7QHm9snF97I6NwA\/fgts.png 1x, https:\/\/s2.glbimg.com\/6cc_yO2b7zJxryjokTh7g56yFDo=\/0x0:773x369\/2000x0\/smart\/filters:strip_icc()\/i.s3.glbimg.com\/v1\/AUTH_59edd422c0c84a879bd37670ae4f538a\/internal_photos\/bs\/2019\/h\/e\/1JFzO7QHm9snF97I6NwA\/fgts.png 2x\" media=\"(min-width: 1361px)\" data-src=\"https:\/\/s2.glbimg.com\/2MJugpeJAboU4BbTn--lXcUpabQ=\/0x0:773x369\/1000x0\/smart\/filters:strip_icc()\/i.s3.glbimg.com\/v1\/AUTH_59edd422c0c84a879bd37670ae4f538a\/internal_photos\/bs\/2019\/h\/e\/1JFzO7QHm9snF97I6NwA\/fgts.png 1x, https:\/\/s2.glbimg.com\/6cc_yO2b7zJxryjokTh7g56yFDo=\/0x0:773x369\/2000x0\/smart\/filters:strip_icc()\/i.s3.glbimg.com\/v1\/AUTH_59edd422c0c84a879bd37670ae4f538a\/internal_photos\/bs\/2019\/h\/e\/1JFzO7QHm9snF97I6NwA\/fgts.png 2x\" \/><source srcset=\"https:\/\/s2.glbimg.com\/0JqL55yQTiwMPucpo2VWcZIBQ6I=\/0x0:773x369\/984x0\/smart\/filters:strip_icc()\/i.s3.glbimg.com\/v1\/AUTH_59edd422c0c84a879bd37670ae4f538a\/internal_photos\/bs\/2019\/h\/e\/1JFzO7QHm9snF97I6NwA\/fgts.png\" data-src=\"https:\/\/s2.glbimg.com\/0JqL55yQTiwMPucpo2VWcZIBQ6I=\/0x0:773x369\/984x0\/smart\/filters:strip_icc()\/i.s3.glbimg.com\/v1\/AUTH_59edd422c0c84a879bd37670ae4f538a\/internal_photos\/bs\/2019\/h\/e\/1JFzO7QHm9snF97I6NwA\/fgts.png\" \/><img decoding=\"async\" class=\"image content-media__image progressive-loaded\" title=\"Limite dos saques anuais do FGTS \u2014 Foto: Reprodu\u00e7\u00e3o\/Minist\u00e9rio da Economia\" src=\"https:\/\/s2.glbimg.com\/0JqL55yQTiwMPucpo2VWcZIBQ6I=\/0x0:773x369\/984x0\/smart\/filters:strip_icc()\/i.s3.glbimg.com\/v1\/AUTH_59edd422c0c84a879bd37670ae4f538a\/internal_photos\/bs\/2019\/h\/e\/1JFzO7QHm9snF97I6NwA\/fgts.png\" alt=\"Limite dos saques anuais do FGTS \u2014 Foto: Reprodu\u00e7\u00e3o\/Minist\u00e9rio da Economia\" data-src=\"https:\/\/s2.glbimg.com\/0JqL55yQTiwMPucpo2VWcZIBQ6I=\/0x0:773x369\/984x0\/smart\/filters:strip_icc()\/i.s3.glbimg.com\/v1\/AUTH_59edd422c0c84a879bd37670ae4f538a\/internal_photos\/bs\/2019\/h\/e\/1JFzO7QHm9snF97I6NwA\/fgts.png\" \/><\/picture><\/div>\n<p class=\"content-media__description \">Limite dos saques anuais do FGTS \u2014 Foto: Reprodu\u00e7\u00e3o\/Minist\u00e9rio da Economia<\/p>\n<\/div>\n<\/div>\n<div class=\"mc-column content-text active-extra-styles \" style=\"text-align: justify;\" data-block-type=\"unstyled\" data-block-weight=\"57\" data-block-id=\"27\">\n<p class=\"content-text__container \" data-track-category=\"Link no Texto\" data-track-links=\"\">Por exemplo: quem tem R$ 750,00 na conta recebe 40% de R$ 750, que s\u00e3o R$ 300, mais a al\u00edquota adicional de R$ 50, totalizando R$ 350. Quem tem R$ 25.000 na conta recebe 5% de R$ 25.000, que d\u00e1 R$ 1.250, mais a al\u00edquota adicional de R$ 2.900, que d\u00e1 o total de R$ 4.150.<\/p>\n<\/div>\n<div class=\"mc-column content-text active-extra-styles\" style=\"text-align: justify;\" data-block-type=\"raw\" data-block-weight=\"14\" data-block-id=\"28\">\n<div class=\"content-intertitle\">\n<h2>E se eu n\u00e3o quiser realizar nenhum saque do FGTS, o que eu fa\u00e7o?<\/h2>\n<\/div>\n<\/div>\n<div class=\"mc-column content-text active-extra-styles \" style=\"text-align: justify;\" data-block-type=\"unstyled\" data-block-weight=\"49\" data-block-id=\"29\">\n<p class=\"content-text__container \" data-track-category=\"Link no Texto\" data-track-links=\"\">O saque-anivers\u00e1rio s\u00f3 valer\u00e1 para o trabalhador que comunicar \u00e0 Caixa que quer receber os valores anualmente. Do contr\u00e1rio, ele continuar\u00e1 podendo sacar o FGTS somente nas situa\u00e7\u00f5es previstas em lei, entre elas compra da casa pr\u00f3pria, aposentadoria e demiss\u00e3o sem justa causa \u2013\u00a0<a href=\"https:\/\/g1.globo.com\/economia\/educacao-financeira\/noticia\/2019\/07\/24\/entenda-como-funciona-o-fgts.ghtml\">veja aqui todas as situa\u00e7\u00f5es<\/a>.<\/p>\n<\/div>\n<div class=\"mc-column content-text active-extra-styles \" style=\"text-align: justify;\" data-block-type=\"unstyled\" data-block-weight=\"57\" data-block-id=\"30\">\n<p class=\"content-text__container \" data-track-category=\"Link no Texto\" data-track-links=\"\">No caso do saque de at\u00e9 R$ 500, para quem tiver conta poupan\u00e7a Caixa, o dep\u00f3sito ser\u00e1 feito automaticamente. Os correntistas que n\u00e3o desejarem sacar os valores dever\u00e3o informar ao banco. Os demais trabalhadores que n\u00e3o tenham conta na Caixa n\u00e3o s\u00e3o obrigados a retirar o dinheiro nem precisam comunicar o banco que n\u00e3o far\u00e3o o saque.<\/p>\n<\/div>\n<div class=\"content-ads content-ads--reveal\" style=\"text-align: justify;\" data-block-type=\"ads\" data-block-id=\"31\"><\/div>\n<div class=\"mc-column content-text active-extra-styles\" style=\"text-align: justify;\" data-block-type=\"raw\" data-block-weight=\"19\" data-block-id=\"32\">\n<div class=\"content-intertitle\">\n<h2>O que acontece se eu for mandado embora do meu emprego enquanto estiver sacando anualmente o dinheiro do FGTS?<\/h2>\n<\/div>\n<\/div>\n<div class=\"mc-column content-text active-extra-styles \" style=\"text-align: justify;\" data-block-type=\"unstyled\" data-block-weight=\"61\" data-block-id=\"33\">\n<p class=\"content-text__container \" data-track-category=\"Link no Texto\" data-track-links=\"\">Quem escolher fazer o saque-anivers\u00e1rio e for demitido sem justa causa\u00a0<a href=\"https:\/\/g1.globo.com\/economia\/noticia\/2019\/07\/24\/opcao-por-saque-aniversario-nao-permite-retirar-saldo-total-da-conta-do-fgts-na-demissao.ghtml\">ter\u00e1 de esperar dois anos para poder sacar o saldo da conta do antigo emprego<\/a>. Isso porque a conta se tornar\u00e1 inativa. Ou seja, o saque do valor total s\u00f3 ser\u00e1 liberado de forma imediata para o trabalhador que for demitido se ele n\u00e3o aderir ao modelo de saque anual.<\/p>\n<\/div>\n<div class=\"mc-column content-text active-extra-styles \" style=\"text-align: justify;\" data-block-type=\"unstyled\" data-block-weight=\"26\" data-block-id=\"34\">\n<p class=\"content-text__container \" data-track-category=\"Link no Texto\" data-track-links=\"\">J\u00e1 quem sacar o valor de at\u00e9 R$ 500 continuar\u00e1 tendo direito \u00e0 retirada integral do valor do FGTS em caso de demiss\u00e3o sem justa causa.<\/p>\n<\/div>\n<div class=\"mc-column content-text active-extra-styles\" style=\"text-align: justify;\" data-block-type=\"raw\" data-block-weight=\"16\" data-block-id=\"35\">\n<div class=\"content-intertitle\">\n<h2>Se eu sacar o dinheiro do FGTS poderei recorrer ao recurso para financiar a casa pr\u00f3pria?<\/h2>\n<\/div>\n<\/div>\n<div class=\"mc-column content-text active-extra-styles \" style=\"text-align: justify;\" data-block-type=\"unstyled\" data-block-weight=\"45\" data-block-id=\"36\">\n<p class=\"content-text__container \" data-track-category=\"Link no Texto\" data-track-links=\"\">Mesmo que o trabalhador opte pelo saque-anivers\u00e1rio, ele continuar\u00e1 tendo direito \u00e0 retirada o saldo do FGTS para a casa pr\u00f3pria, em caso de doen\u00e7as graves, de aposentadoria e de falecimento do titular e para as demais hip\u00f3teses previstas em lei para o saque.<\/p>\n<\/div>\n<div class=\"mc-column content-text active-extra-styles\" style=\"text-align: justify;\" data-block-type=\"raw\" data-block-weight=\"17\" data-block-id=\"37\">\n<div class=\"content-intertitle\">\n<h2>Se eu sacar o dinheiro do FGTS eu perco direito \u00e0 multa de 40% sobre o saldo?<\/h2>\n<\/div>\n<\/div>\n<div class=\"mc-column content-text active-extra-styles \" style=\"text-align: justify;\" data-block-type=\"unstyled\" data-block-weight=\"25\" data-block-id=\"38\">\n<p class=\"content-text__container \" data-track-category=\"Link no Texto\" data-track-links=\"\">Quem optar por retirar at\u00e9 R$ 500 ou pelo saque-anivers\u00e1rio n\u00e3o perder\u00e1 o direito \u00e0 multa de 40% sobre o valor total da conta vinculada.<\/p>\n<\/div>\n<div class=\"mc-column content-text active-extra-styles\" style=\"text-align: justify;\" data-block-type=\"raw\" data-block-weight=\"10\" data-block-id=\"39\">\n<div class=\"content-intertitle\">\n<h2>Como vai funcionar o uso do FGTS para empr\u00e9stimo pessoal?<\/h2>\n<\/div>\n<\/div>\n<div class=\"mc-column content-text active-extra-styles \" style=\"text-align: justify;\" data-block-type=\"unstyled\" data-block-weight=\"47\" data-block-id=\"40\">\n<p class=\"content-text__container \" data-track-category=\"Link no Texto\" data-track-links=\"\">Quem optar pelo saque-anivers\u00e1rio poder\u00e1 dar os recursos recebidos anualmente como garantia para empr\u00e9stimo pessoal. Esse modelo \u00e9 similar \u00e0 antecipa\u00e7\u00e3o da restitui\u00e7\u00e3o do imposto de renda. O trabalhador pega um empr\u00e9stimo no banco e d\u00e1 como garantia o valor que ter\u00e1 a receber no saque anual.<\/p>\n<\/div>\n<div class=\"mc-column content-text active-extra-styles \" style=\"text-align: justify;\" data-block-type=\"unstyled\" data-block-weight=\"49\" data-block-id=\"41\">\n<p class=\"content-text__container \" data-track-category=\"Link no Texto\" data-track-links=\"\">O pagamento das parcelas do empr\u00e9stimo ser\u00e1 descontado diretamente da conta do trabalhador no fundo, no momento em que a transfer\u00eancia do recurso do saque-anivers\u00e1rio for feita. Com essa medida, a expectativa do governo \u00e9 que as taxas de juros cobradas sejam inferiores ao empr\u00e9stimo consignado.\u00a0<a href=\"https:\/\/g1.globo.com\/economia\/noticia\/2019\/07\/24\/recursos-do-fgts-poderao-ser-utilizados-como-garantia-de-emprestimo.ghtml\">Leia mais aqui<\/a>.<\/p>\n<\/div>\n<div class=\"mc-column content-text active-extra-styles\" style=\"text-align: justify;\" data-block-type=\"raw\" data-block-weight=\"7\" data-block-id=\"43\">\n<div class=\"content-intertitle\">\n<h2>Como fa\u00e7o para consultar o meu saldo?<\/h2>\n<\/div>\n<\/div>\n<div class=\"mc-column content-text active-extra-styles \" style=\"text-align: justify;\" data-block-type=\"unstyled\" data-block-weight=\"47\" data-block-id=\"44\">\n<p class=\"content-text__container \" data-track-category=\"Link no Texto\" data-track-links=\"\">O trabalhador pode consultar o saldo pelo\u00a0<a href=\"https:\/\/acessoseguro.sso.caixa.gov.br\/cidadao\/auth?response_type=code&amp;client_id=portal-inter&amp;segmento=CIDADAO01&amp;template=portal&amp;redirect_uri=https:\/\/acessoseguro.sso.caixa.gov.br\/portal\/login\" target=\"_blank\" rel=\"noopener noreferrer\">site da Caixa\u00a0<\/a>ou do\u00a0<a href=\"http:\/\/www.fgts.gov.br\/Pages\/default.aspx?\" target=\"_blank\" rel=\"noopener noreferrer\">pr\u00f3prio FGTS<\/a>\u00a0e atrav\u00e9s de aplicativo para smartphones e tablets (com vers\u00e3o para Android, iOS e Windows). \u00c9 poss\u00edvel ainda fazer um cadastro para receber informa\u00e7\u00f5es do FGTS por mensagens no celular ou por e-mail.<\/p>\n<\/div>\n<div class=\"mc-column content-text active-extra-styles \" style=\"text-align: justify;\" data-block-type=\"unstyled\" data-block-weight=\"55\" data-block-id=\"45\">\n<p class=\"content-text__container \" data-track-category=\"Link no Texto\" data-track-links=\"\">O benefici\u00e1rio pode ainda consultar seu extrato do FGTS presencialmente no balc\u00e3o de atendimento de ag\u00eancias da Caixa. Tamb\u00e9m \u00e9 poss\u00edvel ir a um posto de atendimento e fazer a consulta utilizando o Cart\u00e3o Cidad\u00e3o, desde que tenha em m\u00e3os a senha. N\u00e3o \u00e9 poss\u00edvel consultar o extrato do FGTS pelo telefone.<a href=\"https:\/\/g1.globo.com\/economia\/noticia\/2019\/07\/17\/veja-como-consultar-o-saldo-do-fgts.ghtml\">\u00a0Leia mais aqui<\/a>.<\/p>\n<\/div>\n<div class=\"mc-column content-text active-extra-styles\" style=\"text-align: justify;\" data-block-type=\"raw\" data-block-weight=\"7\" data-block-id=\"46\">\n<div class=\"content-intertitle\">\n<h2>Como localizar o n\u00famero do meu PIS\/PASEP?<\/h2>\n<\/div>\n<\/div>\n<div class=\"mc-column content-text active-extra-styles \" style=\"text-align: justify;\" data-block-type=\"unstyled\" data-block-weight=\"53\" data-block-id=\"47\">\n<p class=\"content-text__container \" data-track-category=\"Link no Texto\" data-track-links=\"\">O N\u00famero de Identifica\u00e7\u00e3o Social (NIS), tamb\u00e9m chamado de PIS\/PASEP ou NIT, pode ser consultado nos extratos do FGTS, no Cart\u00e3o Cidad\u00e3o ou na pr\u00f3pria carteira de trabalho. Tamb\u00e9m \u00e9 poss\u00edvel localizar este n\u00famero pelo site do Cadastro Nacional de Informa\u00e7\u00f5es Sociais (Cnis). Veja aqui o\u00a0<a href=\"https:\/\/g1.globo.com\/economia\/noticia\/veja-como-localizar-o-numero-do-seu-pis-ou-nis-pela-internet.ghtml\">passo a passo<\/a>\u00a0para encontrar seu PIS.<\/p>\n<\/div>\n<div class=\"mc-column content-text active-extra-styles\" style=\"text-align: justify;\" data-block-type=\"raw\" data-block-weight=\"7\" data-block-id=\"48\">\n<div class=\"content-intertitle\">\n<h2>Poderei transferir o dinheiro para outros bancos?<\/h2>\n<\/div>\n<\/div>\n<div class=\"mc-column content-text active-extra-styles \" style=\"text-align: justify;\" data-block-type=\"unstyled\" data-block-weight=\"39\" data-block-id=\"49\">\n<p class=\"content-text__container \" data-track-category=\"Link no Texto\" data-track-links=\"\">Sim, quem n\u00e3o tiver conta na Caixa e quiser fazer a transfer\u00eancia do dinheiro para outro banco poder\u00e1 fazer isso no momento em que for fazer o saque na ag\u00eancia. No entanto, essa opera\u00e7\u00e3o pode ter cobran\u00e7a de taxa.<\/p>\n<\/div>\n<div class=\"mc-column content-text active-extra-styles\" style=\"text-align: justify;\" data-block-type=\"raw\" data-block-weight=\"14\" data-block-id=\"50\">\n<div class=\"content-intertitle\">\n<h2>Posso optar por deixar o dinheiro do FGTS onde ele est\u00e1? Ele continuar\u00e1 rendendo?<\/h2>\n<\/div>\n<\/div>\n<div class=\"mc-column content-text active-extra-styles \" style=\"text-align: justify;\" data-block-type=\"unstyled\" data-block-weight=\"37\" data-block-id=\"51\">\n<p class=\"content-text__container \" data-track-category=\"Link no Texto\" data-track-links=\"\">As contas do FGTS rendem ao menos 3% ao ano, como previsto em lei. Al\u00e9m disso, recebem a TR (Taxa Referencial, uma taxa de juros calculada pelo Banco Central) e um percentual do lucro l\u00edquido do FGTS.<\/p>\n<\/div>\n<div class=\"mc-column content-text active-extra-styles \" style=\"text-align: justify;\" data-block-type=\"unstyled\" data-block-weight=\"30\" data-block-id=\"52\">\n<p class=\"content-text__container \" data-track-category=\"Link no Texto\" data-track-links=\"\">O governo anunciou que<a href=\"https:\/\/g1.globo.com\/economia\/noticia\/2019\/07\/24\/com-distribuicao-de-100percent-do-lucro-rendimento-do-fgts-superara-poupanca-diz-governo.ghtml\">\u00a0haver\u00e1 a distribui\u00e7\u00e3o de 100% do lucro do FGTS\u00a0<\/a>aos trabalhadores a partir deste ano, o que vai gerar um rendimento superior \u00e0 varia\u00e7\u00e3o da poupan\u00e7a.<\/p>\n<\/div>\n<div class=\"mc-column content-text active-extra-styles \" style=\"text-align: justify;\" data-block-type=\"unstyled\" data-block-weight=\"32\" data-block-id=\"53\">\n<p class=\"content-text__container \" data-track-category=\"Link no Texto\" data-track-links=\"\">A novidade come\u00e7ar\u00e1 a ser aplicada ainda neste ano, quando os R$ 12 bilh\u00f5es de lucro do FGTS, em 2018, ser\u00e3o distribu\u00eddo integralmente aos trabalhadores &#8211; a partir do m\u00eas de agosto.<\/p>\n<\/div>\n<div class=\"mc-column content-text active-extra-styles\" style=\"text-align: justify;\" data-block-type=\"raw\" data-block-weight=\"16\" data-block-id=\"55\">\n<div class=\"content-intertitle\">\n<h2>O que devo fazer caso os meus dep\u00f3sitos mensais n\u00e3o tenham sido feitos pelo meu empregador?<\/h2>\n<\/div>\n<\/div>\n<div class=\"mc-column content-text active-extra-styles\" style=\"text-align: justify;\" data-block-type=\"raw\" data-block-weight=\"208\" data-block-id=\"56\">\n<ul class=\"content-unordered-list\">\n<li>Ao descobrir que o dinheiro n\u00e3o foi depositado, o trabalhador pode entrar em contato com a empresa e cobrar o dep\u00f3sito dos valores atrasados.<\/li>\n<li>Se n\u00e3o houver acordo, ele pode buscar aux\u00edlio nas Superintend\u00eancias Regionais do Trabalho (antigas DRTs), ag\u00eancias ou ger\u00eancias do Minist\u00e9rio do Trabalho ou ainda no sindicato da sua categoria para formalizar den\u00fancia, que pode ser an\u00f4nima. A rede de atendimento est\u00e1 dispon\u00edvel no site do Minist\u00e9rio do Trabalho. Os documentos necess\u00e1rios s\u00e3o apenas carteira de trabalho, n\u00famero do PIS e o extrato da conta vinculada do FGTS.<\/li>\n<li>O trabalhador tamb\u00e9m pode fazer uma den\u00fancia ao Minist\u00e9rio P\u00fablico do Trabalho (MPT) ou ingressar com reclama\u00e7\u00e3o na Justi\u00e7a do Trabalho.<\/li>\n<li>Na Justi\u00e7a do Trabalho, o trabalhador pode entrar com uma a\u00e7\u00e3o at\u00e9 dois anos ap\u00f3s o desligamento da empresa. E ele pode cobrar at\u00e9 cinco anos de FGTS n\u00e3o depositado.<\/li>\n<li>J\u00e1 a den\u00fancia ao Minist\u00e9rio do Trabalho pode ser feita mesmo ap\u00f3s esse per\u00edodo do desligamento, pois a fiscaliza\u00e7\u00e3o trabalhista pode cobrar o FGTS irregular a qualquer tempo, n\u00e3o se restringindo ao prazo prescricional da Justi\u00e7a do Trabalho.<\/li>\n<li>Nos casos em que a empresa n\u00e3o existe mais, o trabalhador tamb\u00e9m pode ingressar com uma a\u00e7\u00e3o na Justi\u00e7a do Trabalho e requerer o pagamento do FGTS devido.<\/li>\n<\/ul>\n<\/div>\n<div class=\"mc-column content-text active-extra-styles\" style=\"text-align: justify;\" data-block-type=\"raw\" data-block-weight=\"16\" data-block-id=\"57\">\n<div class=\"content-intertitle\">\n<h2>Esse PIS-Pasep que ser\u00e1 liberado \u00e9 aquele abono salarial que o governo libera todos os anos?<\/h2>\n<\/div>\n<\/div>\n<div class=\"mc-column content-text active-extra-styles \" style=\"text-align: justify;\" data-block-type=\"unstyled\" data-block-weight=\"35\" data-block-id=\"58\">\n<p class=\"content-text__container \" data-track-category=\"Link no Texto\" data-track-links=\"\">N\u00e3o. O saque foi liberado para quem trabalhou com carteira assinada na iniciativa privada ou foi servidor p\u00fablico civil ou militar entre 1971 e 1988 e tem essas cotas do Fundo PIS-Pasep.\u00a0<a href=\"https:\/\/g1.globo.com\/economia\/educacao-financeira\/noticia\/2019\/07\/24\/entenda-as-cotas-do-fundo-pis-pasep.ghtml\">Leia mais aqui.<\/a><\/p>\n<\/div>\n<div class=\"mc-column content-text active-extra-styles \" style=\"text-align: justify;\" data-block-type=\"unstyled\" data-block-weight=\"27\" data-block-id=\"59\">\n<p class=\"content-text__container \" data-track-category=\"Link no Texto\" data-track-links=\"\">Caso a conta seja de um titular j\u00e1 falecido, os dependentes ou sucessores poder\u00e3o solicitar o saque do saldo sem necessidade de invent\u00e1rio ou autoriza\u00e7\u00e3o judicial.<\/p>\n<\/div>\n<div class=\"content-ads content-ads--reveal\" style=\"text-align: justify;\" data-block-type=\"ads\" data-block-id=\"60\"><\/div>\n<div class=\"mc-column content-text active-extra-styles \" data-block-type=\"unstyled\" data-block-weight=\"22\" data-block-id=\"61\">\n<p class=\"content-text__container \" style=\"text-align: justify;\" data-track-category=\"Link no Texto\" data-track-links=\"\">J\u00e1 o\u00a0<a href=\"https:\/\/g1.globo.com\/economia\/noticia\/2019\/07\/25\/pagamento-do-abono-salarial-do-pis-pasep-2019-2020-comeca-nesta-quinta.ghtml\">abono salarial\u00a0<\/a>paga anualmente at\u00e9 um sal\u00e1rio m\u00ednimo para o trabalhador formal que tem renda de at\u00e9 dois sal\u00e1rios m\u00ednimos.<\/p>\n<p style=\"text-align: justify;\" data-track-category=\"Link no Texto\" data-track-links=\"\">Fonte: G1<\/p>\n<\/div>\n<\/div>\n","protected":false},"excerpt":{"rendered":"<p>Haver\u00e1 duas modalidades de saques. Trabalhador poder\u00e1 retirar at\u00e9 R$ 500 a partir de setembro; governo liberou ainda saques anuais do fundo de garantia. O governo anunciou a libera\u00e7\u00e3o dos saques das contas ativas e inativas do Fundo de Garantia do Tempo de Servi\u00e7o (FGTS) e Fundo PIS-Pasep. Os saques do FGTS obedecer\u00e3o a um [&hellip;]<\/p>\n","protected":false},"author":1,"featured_media":2105,"comment_status":"open","ping_status":"open","sticky":false,"template":"","format":"standard","meta":{"footnotes":""},"categories":[114,110],"tags":[],"class_list":["post-2104","post","type-post","status-publish","format-standard","has-post-thumbnail","hentry","category-geralecomercio","category-noticiasdestaque"],"_links":{"self":[{"href":"https:\/\/jorgezanoni.com.br\/2019\/wp-json\/wp\/v2\/posts\/2104","targetHints":{"allow":["GET"]}}],"collection":[{"href":"https:\/\/jorgezanoni.com.br\/2019\/wp-json\/wp\/v2\/posts"}],"about":[{"href":"https:\/\/jorgezanoni.com.br\/2019\/wp-json\/wp\/v2\/types\/post"}],"author":[{"embeddable":true,"href":"https:\/\/jorgezanoni.com.br\/2019\/wp-json\/wp\/v2\/users\/1"}],"replies":[{"embeddable":true,"href":"https:\/\/jorgezanoni.com.br\/2019\/wp-json\/wp\/v2\/comments?post=2104"}],"version-history":[{"count":0,"href":"https:\/\/jorgezanoni.com.br\/2019\/wp-json\/wp\/v2\/posts\/2104\/revisions"}],"wp:featuredmedia":[{"embeddable":true,"href":"https:\/\/jorgezanoni.com.br\/2019\/wp-json\/wp\/v2\/media\/2105"}],"wp:attachment":[{"href":"https:\/\/jorgezanoni.com.br\/2019\/wp-json\/wp\/v2\/media?parent=2104"}],"wp:term":[{"taxonomy":"category","embeddable":true,"href":"https:\/\/jorgezanoni.com.br\/2019\/wp-json\/wp\/v2\/categories?post=2104"},{"taxonomy":"post_tag","embeddable":true,"href":"https:\/\/jorgezanoni.com.br\/2019\/wp-json\/wp\/v2\/tags?post=2104"}],"curies":[{"name":"wp","href":"https:\/\/api.w.org\/{rel}","templated":true}]}}