{"id":21025,"date":"2020-03-12T19:57:11","date_gmt":"2020-03-12T19:57:11","guid":{"rendered":"https:\/\/jorgezanoni.com.br\/2019\/?p=21025"},"modified":"2020-03-12T19:57:11","modified_gmt":"2020-03-12T19:57:11","slug":"sp-cria-rede-de-enfrentamento-ao-coronavirus-e-anuncia-7-medidas-contra-a-doenca","status":"publish","type":"post","link":"https:\/\/jorgezanoni.com.br\/2019\/sp-cria-rede-de-enfrentamento-ao-coronavirus-e-anuncia-7-medidas-contra-a-doenca\/","title":{"rendered":"SP cria Rede de Enfrentamento ao coronav\u00edrus e anuncia 7 medidas contra a doen\u00e7a"},"content":{"rendered":"<p style=\"text-align: justify;\"><strong>O Governador Jo\u00e3o Doria, o Secret\u00e1rio de Estado da Sa\u00fade Jos\u00e9 Henrique Germann Ferreira e o Coordenador do Centro de Conting\u00eancia do coronav\u00edrus David Uip anunciaram nesta quinta (12) sete macromedidas para enfrentamento completo e eficaz ao novo coronav\u00edrus.<\/strong><\/p>\n<p style=\"text-align: justify;\"><strong>Veja tamb\u00e9m<br \/>\n<\/strong><a href=\"http:\/\/saopaulo.sp.gov.br\/coronavirus\/?utm_source=site&amp;utm_medium=banner&amp;utm_campaign=coronavirus-acoes-sp&amp;utm_content=Coronav%C3%ADrus%20-%20A%C3%A7%C3%B5es%20do%20Governo%20de%20SP\" target=\"_blank\" rel=\"noopener noreferrer\">Guia de preven\u00e7\u00e3o sobre o novo coronav\u00edrus<\/a><br \/>\n<a href=\"http:\/\/www.saopaulo.sp.gov.br\/spnoticias\/perguntas-e-respostas-tire-suas-duvidas-sobre-coronavirus\/\" target=\"_blank\" rel=\"noopener noreferrer\">Perguntas e respostas: tire suas d\u00favidas sobre a doen\u00e7a<\/a><br \/>\n<a href=\"http:\/\/www.saopaulo.sp.gov.br\/spnoticias\/covid-19-conheca-alguns-mitos-sobre-o-novo-coronavirus\/\" target=\"_blank\" rel=\"noopener noreferrer\">Conhe\u00e7a alguns mitos sobre o novo coronav\u00edrus<\/a><\/p>\n<p style=\"text-align: justify;\">O plano visa garantir estrutura e assist\u00eancia eficaz nos hospitais p\u00fablicos sob responsabilidade do Estado e aumento da preven\u00e7\u00e3o \u00e0 doen\u00e7a. \u201c\u00c9 uma nova fase de combate ao v\u00edrus com decis\u00f5es deste grupo de trabalho que mant\u00e9m uma atividade di\u00e1ria de aten\u00e7\u00e3o e dedica\u00e7\u00e3o. Qualquer altera\u00e7\u00e3o necess\u00e1ria dos procedimentos para o enfrentamento \u00e0 doen\u00e7a ser\u00e1 objeto de delibera\u00e7\u00e3o deste grupo\u201d, afirmou Doria.<\/p>\n<p style=\"text-align: justify;\">A lista inclui cria\u00e7\u00e3o de novos leitos SUS; compra de kits diagn\u00f3sticos; aquisi\u00e7\u00e3o de respiradores; refor\u00e7o nos estoques de insumos hospitalares; esquema especial de gest\u00e3o de leitos; treinamento de servi\u00e7os de sa\u00fade para ativa\u00e7\u00e3o de protocolo \u00fanico de atendimento; e recomenda\u00e7\u00f5es espec\u00edficas para preven\u00e7\u00e3o e atendimento aos idosos.<\/p>\n<p style=\"text-align: justify;\">A primeira medida prev\u00ea a abertura de novos 441 novos leitos hospitalares estaduais para o atendimento a casos do covid-19, al\u00e9m de 600 sob responsabilidade da Prefeitura de S\u00e3o Paulo.<\/p>\n<p style=\"text-align: justify;\">Haver\u00e1 208 novos leitos de UTI e 233 de cl\u00ednica m\u00e9dica com capacidade de assist\u00eancia intensiva em unidades como Instituto de Infectologia Em\u00edlio Ribas, Hospital das Cl\u00ednicas e Incor, Conjunto Hospitalar do Mandaqui, Hospital Geral de Vila Penteado e Regional Sul, na capital; Padre Bento, em Guarulhos; Hospital Regional de Piracicaba, no interior, e Guilherme \u00c1lvaro, em Caraguatatuba, no litoral.<\/p>\n<p style=\"text-align: justify;\">S\u00e3o Paulo tamb\u00e9m ir\u00e1 solicitar ao Minist\u00e9rio da Sa\u00fade a habilita\u00e7\u00e3o de 93 leitos de UTI que j\u00e1 est\u00e3o em funcionamento por meio de custeio integral apenas com recursos do Estado e munic\u00edpios.<\/p>\n<p style=\"text-align: justify;\">O Governo de S\u00e3o Paulo tamb\u00e9m determinou a compra de kits com capacidade para at\u00e9 20 mil testes do covid-19; aquisi\u00e7\u00e3o de 200 aparelhos respiradores; e compra de insumos para profissionais de sa\u00fade dos hospitais estaduais, incluindo: 5 milh\u00f5es de m\u00e1scaras descart\u00e1veis, 15 milh\u00f5es de luvas, 48 mil litros de higienizadores em gel e mil aventais, al\u00e9m de m\u00e1scaras cir\u00fargicas e \u00f3culos descart\u00e1veis.<\/p>\n<p style=\"text-align: justify;\">Outra medida \u00e9 a elabora\u00e7\u00e3o de um esquema especial de gest\u00e3o de leitos hospitalares na rede p\u00fablica e, se necess\u00e1rio, na rede privada, podendo determinar a eventual suspens\u00e3o de cirurgias eletivas (n\u00e3o urgentes) para priorizar a interna\u00e7\u00e3o de pacientes com quadros respirat\u00f3rios agudos e graves.<\/p>\n<p style=\"text-align: justify;\">Tamb\u00e9m haver\u00e1 treinamento para ativa\u00e7\u00e3o de um protocolo \u00fanico de atendimento em 100 hospitais estaduais para casos suspeitos ou confirmados da doen\u00e7a. Pessoas com mais de 60 anos de idade ter\u00e3o aten\u00e7\u00e3o especial porque est\u00e3o mais vulner\u00e1veis a sintomas graves do covid-19.<\/p>\n<p style=\"text-align: justify;\">\u201cComo ainda n\u00e3o h\u00e1 vacina contra o novo coronav\u00edrus, precisamos fortalecer a rede para garantir atendimento adequado aos casos mais graves nos per\u00edodos de picos de transmiss\u00e3o, evitando mortes\u201d, alertou David Uip.<\/p>\n<p style=\"text-align: justify;\">Fonte: http:\/\/www.saopaulo.sp.gov.br\/<\/p>\n<p style=\"text-align: justify;\">\n","protected":false},"excerpt":{"rendered":"<p>O Governador Jo\u00e3o Doria, o Secret\u00e1rio de Estado da Sa\u00fade Jos\u00e9 Henrique Germann Ferreira e o Coordenador do Centro de Conting\u00eancia do coronav\u00edrus David Uip anunciaram nesta quinta (12) sete macromedidas para enfrentamento completo e eficaz ao novo coronav\u00edrus. Veja tamb\u00e9m Guia de preven\u00e7\u00e3o sobre o novo coronav\u00edrus Perguntas e respostas: tire suas d\u00favidas sobre [&hellip;]<\/p>\n","protected":false},"author":1,"featured_media":21026,"comment_status":"closed","ping_status":"open","sticky":false,"template":"","format":"standard","meta":{"footnotes":""},"categories":[116],"tags":[],"class_list":["post-21025","post","type-post","status-publish","format-standard","has-post-thumbnail","hentry","category-politicaeeconomia"],"_links":{"self":[{"href":"https:\/\/jorgezanoni.com.br\/2019\/wp-json\/wp\/v2\/posts\/21025","targetHints":{"allow":["GET"]}}],"collection":[{"href":"https:\/\/jorgezanoni.com.br\/2019\/wp-json\/wp\/v2\/posts"}],"about":[{"href":"https:\/\/jorgezanoni.com.br\/2019\/wp-json\/wp\/v2\/types\/post"}],"author":[{"embeddable":true,"href":"https:\/\/jorgezanoni.com.br\/2019\/wp-json\/wp\/v2\/users\/1"}],"replies":[{"embeddable":true,"href":"https:\/\/jorgezanoni.com.br\/2019\/wp-json\/wp\/v2\/comments?post=21025"}],"version-history":[{"count":0,"href":"https:\/\/jorgezanoni.com.br\/2019\/wp-json\/wp\/v2\/posts\/21025\/revisions"}],"wp:featuredmedia":[{"embeddable":true,"href":"https:\/\/jorgezanoni.com.br\/2019\/wp-json\/wp\/v2\/media\/21026"}],"wp:attachment":[{"href":"https:\/\/jorgezanoni.com.br\/2019\/wp-json\/wp\/v2\/media?parent=21025"}],"wp:term":[{"taxonomy":"category","embeddable":true,"href":"https:\/\/jorgezanoni.com.br\/2019\/wp-json\/wp\/v2\/categories?post=21025"},{"taxonomy":"post_tag","embeddable":true,"href":"https:\/\/jorgezanoni.com.br\/2019\/wp-json\/wp\/v2\/tags?post=21025"}],"curies":[{"name":"wp","href":"https:\/\/api.w.org\/{rel}","templated":true}]}}