{"id":20975,"date":"2020-03-12T00:25:52","date_gmt":"2020-03-12T00:25:52","guid":{"rendered":"https:\/\/jorgezanoni.com.br\/2019\/?p=20975"},"modified":"2020-03-12T00:27:48","modified_gmt":"2020-03-12T00:27:48","slug":"o-pais-do-faz-de-conta-na-era-das-trevas","status":"publish","type":"post","link":"https:\/\/jorgezanoni.com.br\/2019\/o-pais-do-faz-de-conta-na-era-das-trevas\/","title":{"rendered":"O Pa\u00eds do faz de conta na &#8220;Era das Trevas&#8221;&#8230;"},"content":{"rendered":"<p style=\"text-align: justify;\"><strong>O PA\u00cdS DO FAZ DE CONTA NA \u201cERA DAS TREVAS\u201d&#8230;<\/strong><\/p>\n<p style=\"text-align: justify;\"><em>\u201cO presente das trevas \u00e9 diferente para cada um, mas uma coisa \u00e9 para todos, nos tornamos mais fortes com o tempo!\u201d<\/em><\/p>\n<p style=\"text-align: justify;\"><strong><em>S\u00e9rgio Barbosa (*)<\/em><\/strong><\/p>\n<p style=\"text-align: justify;\">Como sempre, n\u00e3o se pode ficar distante dos muitos desencontros patrocinados e mediados pelo atual GOVERNO em tempo de BOZZONARO com seus COISOS e COISAS&#8230;<\/p>\n<p style=\"text-align: justify;\">Portanto, faz-se necess\u00e1rio estar em conex\u00e3o com os fatos que ocorreram nestes \u00faltimos anos depois do GOLPE e a elei\u00e7\u00e3o do atual pseudo-presidente deste PA\u00cdS DO FAZ DE CONTA&#8230;<\/p>\n<p style=\"text-align: justify;\">Entretanto, de um jeito ou de outro, pode-se registrar aquela m\u00e1xima do dito popular, ou seja, SE VOC\u00ca PENSA QUE T\u00c1 RUIM, PODE PIORAR&#8230; vai continuar mais presente do que nunca neste mar de COISOS com COISAS&#8230;<\/p>\n<p style=\"text-align: justify;\">Al\u00e9m do mais em meio ao tudo de menos, tudo pode ocorrer neste cen\u00e1rio atual, tal qual no per\u00edodo da Hist\u00f3ria denominado da ERA DAS TREVAS e ponto quase final&#8230;<\/p>\n<p style=\"text-align: justify;\">A crise est\u00e1 institucionalizada em todas as \u00e1reas e os tais ministros escolhidos pelo COISO est\u00e3o abaixo da linha cr\u00edtica em todos os quesitos necess\u00e1rios para ocuparem tais cargos em n\u00edvel de Governo&#8230;<\/p>\n<p style=\"text-align: justify;\">Tamb\u00e9m, existem diversas for\u00e7as \u201cnada ocultas\u201d por tr\u00e1s das decis\u00f5es do BOZZO, haja vista o jogo viciado de sempre neste PA\u00cdS DO FAZ DE CONTA desde a Invas\u00e3o que ocorreu no ano de 1.500&#8230;<\/p>\n<p style=\"text-align: justify;\">Est\u00e1 cada vez mais evidente que este Governo \u00e9 resultado de muitos desencontros patrocinados pela desinforma\u00e7\u00e3o que ocorreram depois da Elei\u00e7\u00e3o da Presidenta DILMA, quando as for\u00e7as reacion\u00e1rias em nome dos seus interesses escusos deram in\u00edcio ao processo do GOLPE&#8230;<\/p>\n<p style=\"text-align: justify;\">Pode-se escrever que todos os Governos que estiveram no PODER desde a tal Proclama\u00e7\u00e3o da Rep\u00fablica em 1.889, ainda, entre trancos e barrancos com outros Golpes de Estado em nome disto ou daquilo, tamb\u00e9m, cometeram desmandos como \u201cmoeda de troca\u201d em busca de um APOIO inexistente&#8230;<\/p>\n<p style=\"text-align: justify;\">Todavia, entendo que tal situa\u00e7\u00e3o n\u00e3o tem volta e daqui pra frente tudo pode acontecer, por isso, \u201ctodo cuidado \u00e9 pouco\u201d em n\u00edvel GLOCAL, ou seja, do GLOBAL para o LOCAL em tempo de p\u00f3s-globaliza\u00e7\u00e3o organizacional&#8230;<\/p>\n<p style=\"text-align: justify;\">O cen\u00e1rio est\u00e1 ca\u00f3tico para todos os lados de um mesmo lado, portanto, cada qual deve saber pra que lado vai seguir, por\u00e9m, tem tempo de FAKE NEWS tudo pode acontecer neste PA\u00cdS DO FAZ DE CONTA&#8230;<\/p>\n<p style=\"text-align: justify;\">Outra coisa deste mesmo COISO, voc\u00ea deve estar em estado de alerta neste VELHO TEMPO NOVO, tendo em vista que as denominadas For\u00e7as Reacion\u00e1rias est\u00e3o em todas as frentes de atua\u00e7\u00e3o, desta forma, torna-se necess\u00e1rio tomar uma posi\u00e7\u00e3o por meio da proposta da Reflex\u00e3o Cr\u00edtica em busca de alternativas pr\u00e1ticas&#8230;<\/p>\n<p style=\"text-align: justify;\">De um jeito ou de outro, \u201cmuita \u00e1gua, ainda, vai passar por debaixo dessa ponte\u201d, entretanto, o tempo est\u00e1 correndo contra este tempo do tempo para o PA\u00cdS DO FAZ DE CONTA&#8230;<\/p>\n<p style=\"text-align: justify;\">QUEM SOBREVIVER VAI SABER&#8230;<\/p>\n<p style=\"text-align: justify;\"><em>_________________________<\/em><\/p>\n<p style=\"text-align: justify;\"><em>(*) jornalista diplomado e professor universit\u00e1rio.<\/em><\/p>\n","protected":false},"excerpt":{"rendered":"<p>O PA\u00cdS DO FAZ DE CONTA NA \u201cERA DAS TREVAS\u201d&#8230; \u201cO presente das trevas \u00e9 diferente para cada um, mas uma coisa \u00e9 para todos, nos tornamos mais fortes com o tempo!\u201d S\u00e9rgio Barbosa (*) Como sempre, n\u00e3o se pode ficar distante dos muitos desencontros patrocinados e mediados pelo atual GOVERNO em tempo de BOZZONARO [&hellip;]<\/p>\n","protected":false},"author":1,"featured_media":20976,"comment_status":"closed","ping_status":"open","sticky":false,"template":"","format":"standard","meta":{"footnotes":""},"categories":[175],"tags":[],"class_list":["post-20975","post","type-post","status-publish","format-standard","has-post-thumbnail","hentry","category-artigos"],"_links":{"self":[{"href":"https:\/\/jorgezanoni.com.br\/2019\/wp-json\/wp\/v2\/posts\/20975","targetHints":{"allow":["GET"]}}],"collection":[{"href":"https:\/\/jorgezanoni.com.br\/2019\/wp-json\/wp\/v2\/posts"}],"about":[{"href":"https:\/\/jorgezanoni.com.br\/2019\/wp-json\/wp\/v2\/types\/post"}],"author":[{"embeddable":true,"href":"https:\/\/jorgezanoni.com.br\/2019\/wp-json\/wp\/v2\/users\/1"}],"replies":[{"embeddable":true,"href":"https:\/\/jorgezanoni.com.br\/2019\/wp-json\/wp\/v2\/comments?post=20975"}],"version-history":[{"count":0,"href":"https:\/\/jorgezanoni.com.br\/2019\/wp-json\/wp\/v2\/posts\/20975\/revisions"}],"wp:featuredmedia":[{"embeddable":true,"href":"https:\/\/jorgezanoni.com.br\/2019\/wp-json\/wp\/v2\/media\/20976"}],"wp:attachment":[{"href":"https:\/\/jorgezanoni.com.br\/2019\/wp-json\/wp\/v2\/media?parent=20975"}],"wp:term":[{"taxonomy":"category","embeddable":true,"href":"https:\/\/jorgezanoni.com.br\/2019\/wp-json\/wp\/v2\/categories?post=20975"},{"taxonomy":"post_tag","embeddable":true,"href":"https:\/\/jorgezanoni.com.br\/2019\/wp-json\/wp\/v2\/tags?post=20975"}],"curies":[{"name":"wp","href":"https:\/\/api.w.org\/{rel}","templated":true}]}}