{"id":20971,"date":"2020-03-11T23:49:52","date_gmt":"2020-03-11T23:49:52","guid":{"rendered":"https:\/\/jorgezanoni.com.br\/2019\/?p=20971"},"modified":"2020-03-11T23:49:52","modified_gmt":"2020-03-11T23:49:52","slug":"medica-infectologista-dra-germana-fernanda-de-souza-fala-sobre-o-caso-suspeito-de-coronavirus-em-dracena","status":"publish","type":"post","link":"https:\/\/jorgezanoni.com.br\/2019\/medica-infectologista-dra-germana-fernanda-de-souza-fala-sobre-o-caso-suspeito-de-coronavirus-em-dracena\/","title":{"rendered":"M\u00e9dica Infectologista Dra. Germana Fernanda de Souza fala sobre o caso suspeito de Coronav\u00edrus em Dracena."},"content":{"rendered":"<div id=\"fb-root\"><\/div>\n<p><script async=\"1\" defer=\"1\" crossorigin=\"anonymous\" src=\"https:\/\/connect.facebook.net\/en_US\/sdk.js#xfbml=1&amp;version=v6.0\"><\/script><\/p>\n<div class=\"fb-video\" data-href=\"https:\/\/www.facebook.com\/jorgezanonidracena\/videos\/2823063547772640\/\" data-width=\"696\">\n<blockquote cite=\"https:\/\/www.facebook.com\/jorgezanonidracena\/videos\/2823063547772640\/\" class=\"fb-xfbml-parse-ignore\"><p><a href=\"https:\/\/www.facebook.com\/jorgezanonidracena\/videos\/2823063547772640\/\">M\u00e9dica Infectologista Dra. Germana Fernanda de Souza fala sobre o caso suspeito de Coronav\u00edrus em Dracena.<\/a><\/p>\n<p>M\u00e9dica Infectologista Dra. Germana Fernanda de Souza fala sobre o caso suspeito de Coronav\u00edrus em Dracena.<\/p>\n<p>Posted by <a href=\"https:\/\/www.facebook.com\/jorgezanonidracena\/\">Jorge Zanoni<\/a> on Wednesday, March 11, 2020<\/p><\/blockquote>\n<\/div>\n","protected":false},"excerpt":{"rendered":"<p>M\u00e9dica Infectologista Dra. Germana Fernanda de Souza fala sobre o caso suspeito de Coronav\u00edrus em Dracena. M\u00e9dica Infectologista Dra. Germana Fernanda de Souza fala sobre o caso suspeito de Coronav\u00edrus em Dracena. Posted by Jorge Zanoni on Wednesday, March 11, 2020<\/p>\n","protected":false},"author":1,"featured_media":20972,"comment_status":"closed","ping_status":"open","sticky":false,"template":"","format":"video","meta":{"footnotes":""},"categories":[110,169],"tags":[],"class_list":["post-20971","post","type-post","status-publish","format-video","has-post-thumbnail","hentry","category-noticiasdestaque","category-videos","post_format-post-format-video"],"_links":{"self":[{"href":"https:\/\/jorgezanoni.com.br\/2019\/wp-json\/wp\/v2\/posts\/20971","targetHints":{"allow":["GET"]}}],"collection":[{"href":"https:\/\/jorgezanoni.com.br\/2019\/wp-json\/wp\/v2\/posts"}],"about":[{"href":"https:\/\/jorgezanoni.com.br\/2019\/wp-json\/wp\/v2\/types\/post"}],"author":[{"embeddable":true,"href":"https:\/\/jorgezanoni.com.br\/2019\/wp-json\/wp\/v2\/users\/1"}],"replies":[{"embeddable":true,"href":"https:\/\/jorgezanoni.com.br\/2019\/wp-json\/wp\/v2\/comments?post=20971"}],"version-history":[{"count":0,"href":"https:\/\/jorgezanoni.com.br\/2019\/wp-json\/wp\/v2\/posts\/20971\/revisions"}],"wp:featuredmedia":[{"embeddable":true,"href":"https:\/\/jorgezanoni.com.br\/2019\/wp-json\/wp\/v2\/media\/20972"}],"wp:attachment":[{"href":"https:\/\/jorgezanoni.com.br\/2019\/wp-json\/wp\/v2\/media?parent=20971"}],"wp:term":[{"taxonomy":"category","embeddable":true,"href":"https:\/\/jorgezanoni.com.br\/2019\/wp-json\/wp\/v2\/categories?post=20971"},{"taxonomy":"post_tag","embeddable":true,"href":"https:\/\/jorgezanoni.com.br\/2019\/wp-json\/wp\/v2\/tags?post=20971"}],"curies":[{"name":"wp","href":"https:\/\/api.w.org\/{rel}","templated":true}]}}