{"id":20968,"date":"2020-03-11T23:31:45","date_gmt":"2020-03-11T23:31:45","guid":{"rendered":"https:\/\/jorgezanoni.com.br\/2019\/?p=20968"},"modified":"2020-03-11T23:31:45","modified_gmt":"2020-03-11T23:31:45","slug":"morre-jose-moraes-da-silva-dracenense-que-residia-em-bela-vista-ms","status":"publish","type":"post","link":"https:\/\/jorgezanoni.com.br\/2019\/morre-jose-moraes-da-silva-dracenense-que-residia-em-bela-vista-ms\/","title":{"rendered":"Morre Jos\u00e9 Moraes da Silva, dracenense que residia em Bela Vista\/MS"},"content":{"rendered":"<p style=\"text-align: justify;\">Faleceu o dracenense que atualmente morava em Bela Vista no MS, Jos\u00e9 Moraes da Silva. Era irm\u00e3o do ex-banc\u00e1rio e ex-delegado de Pol\u00edcia Osvaldo Moraes da Silva. O vel\u00f3rio e sepultamento ocorre na cidade do Mato Grosso do Sul.<\/p>\n<p>&nbsp;<\/p>\n","protected":false},"excerpt":{"rendered":"<p>Faleceu o dracenense que atualmente morava em Bela Vista no MS, Jos\u00e9 Moraes da Silva. Era irm\u00e3o do ex-banc\u00e1rio e ex-delegado de Pol\u00edcia Osvaldo Moraes da Silva. O vel\u00f3rio e sepultamento ocorre na cidade do Mato Grosso do Sul. &nbsp;<\/p>\n","protected":false},"author":1,"featured_media":20969,"comment_status":"closed","ping_status":"open","sticky":false,"template":"","format":"standard","meta":{"footnotes":""},"categories":[178],"tags":[],"class_list":["post-20968","post","type-post","status-publish","format-standard","has-post-thumbnail","hentry","category-notadefalecimento"],"_links":{"self":[{"href":"https:\/\/jorgezanoni.com.br\/2019\/wp-json\/wp\/v2\/posts\/20968","targetHints":{"allow":["GET"]}}],"collection":[{"href":"https:\/\/jorgezanoni.com.br\/2019\/wp-json\/wp\/v2\/posts"}],"about":[{"href":"https:\/\/jorgezanoni.com.br\/2019\/wp-json\/wp\/v2\/types\/post"}],"author":[{"embeddable":true,"href":"https:\/\/jorgezanoni.com.br\/2019\/wp-json\/wp\/v2\/users\/1"}],"replies":[{"embeddable":true,"href":"https:\/\/jorgezanoni.com.br\/2019\/wp-json\/wp\/v2\/comments?post=20968"}],"version-history":[{"count":0,"href":"https:\/\/jorgezanoni.com.br\/2019\/wp-json\/wp\/v2\/posts\/20968\/revisions"}],"wp:featuredmedia":[{"embeddable":true,"href":"https:\/\/jorgezanoni.com.br\/2019\/wp-json\/wp\/v2\/media\/20969"}],"wp:attachment":[{"href":"https:\/\/jorgezanoni.com.br\/2019\/wp-json\/wp\/v2\/media?parent=20968"}],"wp:term":[{"taxonomy":"category","embeddable":true,"href":"https:\/\/jorgezanoni.com.br\/2019\/wp-json\/wp\/v2\/categories?post=20968"},{"taxonomy":"post_tag","embeddable":true,"href":"https:\/\/jorgezanoni.com.br\/2019\/wp-json\/wp\/v2\/tags?post=20968"}],"curies":[{"name":"wp","href":"https:\/\/api.w.org\/{rel}","templated":true}]}}