{"id":20963,"date":"2020-03-11T16:42:32","date_gmt":"2020-03-11T16:42:32","guid":{"rendered":"https:\/\/jorgezanoni.com.br\/2019\/?p=20963"},"modified":"2020-03-11T16:42:32","modified_gmt":"2020-03-11T16:42:32","slug":"secretaria-de-saude-de-dracena-investiga-primeiro-caso-suspeito-do-novo-coronavirus","status":"publish","type":"post","link":"https:\/\/jorgezanoni.com.br\/2019\/secretaria-de-saude-de-dracena-investiga-primeiro-caso-suspeito-do-novo-coronavirus\/","title":{"rendered":"Secretaria de Sa\u00fade de Dracena investiga primeiro caso suspeito do novo coronav\u00edrus"},"content":{"rendered":"<p style=\"text-align: justify;\">Paciente \u00e9 uma mulher de 60 anos que viajou \u00e0 Fran\u00e7a, Portugal e Espanha h\u00e1 14 dias. Ela passou por consulta hoje (11) com infectologista da rede municipal de sa\u00fade. Casos s\u00f3 s\u00e3o oficialmente reconhecidos como suspeitos ap\u00f3s confirma\u00e7\u00e3o do Minist\u00e9rio da Sa\u00fade, o que ainda n\u00e3o ocorreu.<\/p>\n<p style=\"text-align: justify;\">A Secretaria de Sa\u00fade de Dracena (SP) comunica que nesta quarta-feira (11) apura um caso suspeito de Covid-19,<span class=\"text_exposed_show\">\u00a0o novo coronav\u00edrus, em uma moradora da cidade de 60 anos.<\/span><\/p>\n<div class=\"text_exposed_show\">\n<p style=\"text-align: justify;\">De acordo com a pasta, a moradora fez uma viagem internacional entre os dias 13 e 24 de fevereiro, passando pela Fran\u00e7a, Portugal e Espanha. O marido da paciente procurou o Posto de Sa\u00fade Takashi Enokibara apenas no dia 10 de mar\u00e7o, relatando que sua esposa apresentava alguns sintomas como tosse e dor na garganta, sendo descartado o estado febril.<\/p>\n<p style=\"text-align: justify;\">No post\u00e3o, a enfermeira-chefe Karina Akiyama recebeu o marido da paciente, lhe entregou m\u00e1scaras, forneceu toda orienta\u00e7\u00e3o protocolar baseado pelo Minist\u00e9rio da Sa\u00fade e agendou uma avalia\u00e7\u00e3o m\u00e9dica com a infectologista da rede municipal de sa\u00fade.<\/p>\n<p style=\"text-align: justify;\">Vale ressaltar que a paciente apresentou os sintomas nove dias ap\u00f3s regressar ao Brasil, o quadro cl\u00ednico \u00e9 bom e n\u00e3o apresenta febre. O marido n\u00e3o apresenta nenhum sintoma.<\/p>\n<p style=\"text-align: justify;\">A paciente j\u00e1 realizou consulta m\u00e9dica e ser\u00e1 colhido ainda hoje (11) amostras de swab de secre\u00e7\u00e3o nasal e oral que ser\u00e3o imediatamente enviadas ao Instituto Adolfo Lutz de Presidente Prudente, e o mesmo encaminhar\u00e1 para a matriz em S\u00e3o Paulo.<\/p>\n<p style=\"text-align: justify;\">O caso est\u00e1 sendo seguido de perto pela equipe da Vigil\u00e2ncia Epidemiol\u00f3gica de Dracena. Todos os protocolos determinados pelo Minist\u00e9rio da Sa\u00fade ser\u00e3o seguidos no acompanhamento e na confirma\u00e7\u00e3o ou n\u00e3o do resultado dos exames. A paciente e o marido ficar\u00e3o em isolamento domiciliar por 14 dias ou at\u00e9 que o resultado do exame seja negativo.<\/p>\n<p style=\"text-align: justify;\">Segundo a Organiza\u00e7\u00e3o Mundial da Sa\u00fade (OMS) em casos menos graves o paciente pode apresentar sintomas como febre e dificuldade para respirar, e em casos mais graves, pode apresentar s\u00edndrome respirat\u00f3ria aguda grave e insufici\u00eancia renal.<\/p>\n<p style=\"text-align: justify;\">As recomenda\u00e7\u00f5es de preven\u00e7\u00f5es s\u00e3o: Limpar objetos e superf\u00edcies tocados frequentemente (celulares), evitar tocar o nariz, olhos e boca antes de limpar as m\u00e3os; manter-se a um metro de dist\u00e2ncia de pessoas doentes, lavar as m\u00e3os com \u00e1gua e sab\u00e3o, cobrir a boca e nariz ao espirrar, cozinhar bem as carnes e os ovos e fazer uso frequente de \u00e1lcool em gel nas m\u00e3os.<\/p>\n<p style=\"text-align: justify;\">DIRETORIA DE COMUNICA\u00c7\u00c3O<br \/>\nPrefeitura de Dracena<\/p>\n<p style=\"text-align: justify;\">Fonte: https:\/\/www.facebook.com\/prefeituradracena\/<\/p>\n<\/div>\n","protected":false},"excerpt":{"rendered":"<p>Paciente \u00e9 uma mulher de 60 anos que viajou \u00e0 Fran\u00e7a, Portugal e Espanha h\u00e1 14 dias. Ela passou por consulta hoje (11) com infectologista da rede municipal de sa\u00fade. Casos s\u00f3 s\u00e3o oficialmente reconhecidos como suspeitos ap\u00f3s confirma\u00e7\u00e3o do Minist\u00e9rio da Sa\u00fade, o que ainda n\u00e3o ocorreu. A Secretaria de Sa\u00fade de Dracena (SP) [&hellip;]<\/p>\n","protected":false},"author":1,"featured_media":20964,"comment_status":"closed","ping_status":"open","sticky":false,"template":"","format":"standard","meta":{"footnotes":""},"categories":[110,122],"tags":[],"class_list":["post-20963","post","type-post","status-publish","format-standard","has-post-thumbnail","hentry","category-noticiasdestaque","category-saudeeducacaoeconcurso"],"_links":{"self":[{"href":"https:\/\/jorgezanoni.com.br\/2019\/wp-json\/wp\/v2\/posts\/20963","targetHints":{"allow":["GET"]}}],"collection":[{"href":"https:\/\/jorgezanoni.com.br\/2019\/wp-json\/wp\/v2\/posts"}],"about":[{"href":"https:\/\/jorgezanoni.com.br\/2019\/wp-json\/wp\/v2\/types\/post"}],"author":[{"embeddable":true,"href":"https:\/\/jorgezanoni.com.br\/2019\/wp-json\/wp\/v2\/users\/1"}],"replies":[{"embeddable":true,"href":"https:\/\/jorgezanoni.com.br\/2019\/wp-json\/wp\/v2\/comments?post=20963"}],"version-history":[{"count":0,"href":"https:\/\/jorgezanoni.com.br\/2019\/wp-json\/wp\/v2\/posts\/20963\/revisions"}],"wp:featuredmedia":[{"embeddable":true,"href":"https:\/\/jorgezanoni.com.br\/2019\/wp-json\/wp\/v2\/media\/20964"}],"wp:attachment":[{"href":"https:\/\/jorgezanoni.com.br\/2019\/wp-json\/wp\/v2\/media?parent=20963"}],"wp:term":[{"taxonomy":"category","embeddable":true,"href":"https:\/\/jorgezanoni.com.br\/2019\/wp-json\/wp\/v2\/categories?post=20963"},{"taxonomy":"post_tag","embeddable":true,"href":"https:\/\/jorgezanoni.com.br\/2019\/wp-json\/wp\/v2\/tags?post=20963"}],"curies":[{"name":"wp","href":"https:\/\/api.w.org\/{rel}","templated":true}]}}