{"id":20944,"date":"2020-03-11T13:39:53","date_gmt":"2020-03-11T13:39:53","guid":{"rendered":"https:\/\/jorgezanoni.com.br\/2019\/?p=20944"},"modified":"2020-03-11T14:14:35","modified_gmt":"2020-03-11T14:14:35","slug":"aeard-associacao-dos-engenheiros-arquitetos-e-agronomos-da-regiao-de-dracena-promove-palestras","status":"publish","type":"post","link":"https:\/\/jorgezanoni.com.br\/2019\/aeard-associacao-dos-engenheiros-arquitetos-e-agronomos-da-regiao-de-dracena-promove-palestras\/","title":{"rendered":"AEARD &#8211; Associa\u00e7\u00e3o dos Engenheiros, Arquitetos e Agr\u00f4nomos da regi\u00e3o de Dracena, promove palestras"},"content":{"rendered":"<p style=\"text-align: justify;\"><strong>Podem participar associados, autoridades, convidados e interessados no ciclo das palestras.<\/strong><\/p>\n<p style=\"text-align: justify;\">Fundada h\u00e1 24 anos, a Associa\u00e7\u00e3o dos Engenheiros, Arquitetos e Agr\u00f4nomos da Regi\u00e3o de Dracena &#8211; AEARD, sempre atuou em prol dos profissionais defendendo os interesses da classe, promovendo estudo de quest\u00f5es t\u00e9cnicas e o interc\u00e2mbio cultural e social entre os profissionais sempre zelando pela \u00e9tica profissional.<\/p>\n<p style=\"text-align: justify;\">O Ciclo de Palestras: Recursos H\u00eddricos, Tecnologia e Meio Ambiente visa promover a participa\u00e7\u00e3o dos profissionais das diversas \u00e1reas da engenharia e tecnologia.<\/p>\n<p style=\"text-align: justify;\">A escassez de \u00e1gua doce \u00e9 um problema que aflige o mundo todo, seja ela provocada pela falta de chuva ou pela a\u00e7\u00e3o antr\u00f3pica nas bacias hidrogr\u00e1ficas, que degrada ou altera as \u00e1reas de preserva\u00e7\u00e3o permanentes (APPs), diminuindo a oferta deste recurso natural.<\/p>\n<p style=\"text-align: justify;\">Um evento que ser\u00e1 discutido a import\u00e2ncia e conscientiza\u00e7\u00e3o na preserva\u00e7\u00e3o do meio ambiente.<\/p>\n<p style=\"text-align: justify;\"><strong>VENHA PARTICIPAR:<\/strong><\/p>\n<p style=\"text-align: justify;\">Dias 18 e 19 de mar\u00e7o de 2020, das 13:00 \u00e0s 17:00.<br \/>\nLocal: UOP CREA-SP Dracena &#8211; Rua Miguel do Nascimento, 1016<br \/>\nEvento gratuito. Inscri\u00e7\u00f5es atrav\u00e9s do telefone 3821-2351<br \/>\nRealiza\u00e7\u00e3o: Associa\u00e7\u00e3o dos Engenheiros, Arquitetos e Agr\u00f4nomos da Regi\u00e3o de Dracena &#8211; AEARD, e apoio do CREA-SP (Conselho Regional de Engenharia e Agronomia do Estado de S\u00e3o Paulo)<\/p>\n","protected":false},"excerpt":{"rendered":"<p>Podem participar associados, autoridades, convidados e interessados no ciclo das palestras. Fundada h\u00e1 24 anos, a Associa\u00e7\u00e3o dos Engenheiros, Arquitetos e Agr\u00f4nomos da Regi\u00e3o de Dracena &#8211; AEARD, sempre atuou em prol dos profissionais defendendo os interesses da classe, promovendo estudo de quest\u00f5es t\u00e9cnicas e o interc\u00e2mbio cultural e social entre os profissionais sempre zelando [&hellip;]<\/p>\n","protected":false},"author":1,"featured_media":20945,"comment_status":"closed","ping_status":"open","sticky":false,"template":"","format":"standard","meta":{"footnotes":""},"categories":[176,110],"tags":[],"class_list":["post-20944","post","type-post","status-publish","format-standard","has-post-thumbnail","hentry","category-meioambienteeagricultura","category-noticiasdestaque"],"_links":{"self":[{"href":"https:\/\/jorgezanoni.com.br\/2019\/wp-json\/wp\/v2\/posts\/20944","targetHints":{"allow":["GET"]}}],"collection":[{"href":"https:\/\/jorgezanoni.com.br\/2019\/wp-json\/wp\/v2\/posts"}],"about":[{"href":"https:\/\/jorgezanoni.com.br\/2019\/wp-json\/wp\/v2\/types\/post"}],"author":[{"embeddable":true,"href":"https:\/\/jorgezanoni.com.br\/2019\/wp-json\/wp\/v2\/users\/1"}],"replies":[{"embeddable":true,"href":"https:\/\/jorgezanoni.com.br\/2019\/wp-json\/wp\/v2\/comments?post=20944"}],"version-history":[{"count":0,"href":"https:\/\/jorgezanoni.com.br\/2019\/wp-json\/wp\/v2\/posts\/20944\/revisions"}],"wp:featuredmedia":[{"embeddable":true,"href":"https:\/\/jorgezanoni.com.br\/2019\/wp-json\/wp\/v2\/media\/20945"}],"wp:attachment":[{"href":"https:\/\/jorgezanoni.com.br\/2019\/wp-json\/wp\/v2\/media?parent=20944"}],"wp:term":[{"taxonomy":"category","embeddable":true,"href":"https:\/\/jorgezanoni.com.br\/2019\/wp-json\/wp\/v2\/categories?post=20944"},{"taxonomy":"post_tag","embeddable":true,"href":"https:\/\/jorgezanoni.com.br\/2019\/wp-json\/wp\/v2\/tags?post=20944"}],"curies":[{"name":"wp","href":"https:\/\/api.w.org\/{rel}","templated":true}]}}