{"id":20928,"date":"2020-03-11T13:05:56","date_gmt":"2020-03-11T13:05:56","guid":{"rendered":"https:\/\/jorgezanoni.com.br\/2019\/?p=20928"},"modified":"2020-03-11T13:05:56","modified_gmt":"2020-03-11T13:05:56","slug":"forca-tarefa-da-policia-civil-ministerio-publico-tribunal-de-contas-e-secretaria-da-fazenda-deflagra-operacao-atoleiro-em-pacaembu-e-regiao","status":"publish","type":"post","link":"https:\/\/jorgezanoni.com.br\/2019\/forca-tarefa-da-policia-civil-ministerio-publico-tribunal-de-contas-e-secretaria-da-fazenda-deflagra-operacao-atoleiro-em-pacaembu-e-regiao\/","title":{"rendered":"For\u00e7a Tarefa da Pol\u00edcia Civil, Minist\u00e9rio P\u00fablico, Tribunal de Contas e Secretaria da Fazenda deflagra \u201cOpera\u00e7\u00e3o Atoleiro\u201d em Pacaembu e regi\u00e3o"},"content":{"rendered":"<p style=\"text-align: justify;\">No in\u00edcio da manh\u00e3 desta quarta-feira (11), policiais civis, membros do Minist\u00e9rio P\u00fablico e do Tribunal de Contas do Estado e da Secretaria da Fazenda, realizaram opera\u00e7\u00e3o policial no munic\u00edpio de Pacaembu e cidades da regi\u00e3o.<\/p>\n<p style=\"text-align: justify;\"><img loading=\"lazy\" decoding=\"async\" class=\"alignnone size-full wp-image-20929\" src=\"https:\/\/jorgezanoni.com.br\/2019\/wp-content\/uploads\/2020\/03\/civil1.jpg\" alt=\"\" width=\"960\" height=\"466\" srcset=\"https:\/\/jorgezanoni.com.br\/2019\/wp-content\/uploads\/2020\/03\/civil1.jpg 960w, https:\/\/jorgezanoni.com.br\/2019\/wp-content\/uploads\/2020\/03\/civil1-300x146.jpg 300w, https:\/\/jorgezanoni.com.br\/2019\/wp-content\/uploads\/2020\/03\/civil1-768x373.jpg 768w, https:\/\/jorgezanoni.com.br\/2019\/wp-content\/uploads\/2020\/03\/civil1-696x338.jpg 696w, https:\/\/jorgezanoni.com.br\/2019\/wp-content\/uploads\/2020\/03\/civil1-865x420.jpg 865w\" sizes=\"auto, (max-width: 960px) 100vw, 960px\" \/>Por meio de requisi\u00e7\u00e3o do Minist\u00e9rio P\u00fablico da Comarca de Pacaembu, foram instaurados os autos de Inqu\u00e9rito Policial n\u00b0 2069100-39.2019.090100, em raz\u00e3o de not\u00edcias de supostas ilicitudes praticadas naquela Municipalidade consistentes na contrata\u00e7\u00e3o de empresas locais para realiza\u00e7\u00e3o de obras por empreitada global, entretanto as mesmas receberiam vantagens indevidas, gerando preju\u00edzos ao Er\u00e1rio P\u00fablico Municipal.<\/p>\n<p style=\"text-align: justify;\"><img loading=\"lazy\" decoding=\"async\" class=\"alignnone size-full wp-image-20930\" src=\"https:\/\/jorgezanoni.com.br\/2019\/wp-content\/uploads\/2020\/03\/civil2.jpg\" alt=\"\" width=\"960\" height=\"540\" srcset=\"https:\/\/jorgezanoni.com.br\/2019\/wp-content\/uploads\/2020\/03\/civil2.jpg 960w, https:\/\/jorgezanoni.com.br\/2019\/wp-content\/uploads\/2020\/03\/civil2-300x169.jpg 300w, https:\/\/jorgezanoni.com.br\/2019\/wp-content\/uploads\/2020\/03\/civil2-768x432.jpg 768w, https:\/\/jorgezanoni.com.br\/2019\/wp-content\/uploads\/2020\/03\/civil2-696x392.jpg 696w, https:\/\/jorgezanoni.com.br\/2019\/wp-content\/uploads\/2020\/03\/civil2-747x420.jpg 747w\" sizes=\"auto, (max-width: 960px) 100vw, 960px\" \/><\/p>\n<p style=\"text-align: justify;\">Verificou-se a exist\u00eancia de ind\u00edcios da pr\u00e1tica de crimes previstos nos artigos artigo 312 do C\u00f3digo Penal; de Fraude \u00e0 Licita\u00e7\u00e3o \u2013 artigo 90 da Lei Federal n. 8.666\/93 \u2013 e do artigo 2\u00ba da Lei Federal n. 12.850\/2013, figurando como v\u00edtima a municipalidade de Pacaembu.<\/p>\n<p style=\"text-align: justify;\">Durante a investiga\u00e7\u00e3o, a Pol\u00edcia Civil representou pela pris\u00e3o preventiva de oito pessoas, dentre elas, funcion\u00e1rios p\u00fablicos municipais e empres\u00e1rios, bem como se representou pela expedi\u00e7\u00e3o de mandado de busca e apreens\u00e3o nas resid\u00eancias, empresas e locais de trabalho dos investigados e na sede da Prefeitura Municipal de Pacaembu visando a localiza\u00e7\u00e3o de documentos e provas relacionadas \u00e0 investiga\u00e7\u00e3o, em 19 locais distintos.<\/p>\n<p style=\"text-align: justify;\"><img loading=\"lazy\" decoding=\"async\" class=\"alignnone size-full wp-image-20931\" src=\"https:\/\/jorgezanoni.com.br\/2019\/wp-content\/uploads\/2020\/03\/civil3.jpg\" alt=\"\" width=\"960\" height=\"466\" srcset=\"https:\/\/jorgezanoni.com.br\/2019\/wp-content\/uploads\/2020\/03\/civil3.jpg 960w, https:\/\/jorgezanoni.com.br\/2019\/wp-content\/uploads\/2020\/03\/civil3-300x146.jpg 300w, https:\/\/jorgezanoni.com.br\/2019\/wp-content\/uploads\/2020\/03\/civil3-768x373.jpg 768w, https:\/\/jorgezanoni.com.br\/2019\/wp-content\/uploads\/2020\/03\/civil3-696x338.jpg 696w, https:\/\/jorgezanoni.com.br\/2019\/wp-content\/uploads\/2020\/03\/civil3-865x420.jpg 865w\" sizes=\"auto, (max-width: 960px) 100vw, 960px\" \/><\/p>\n<p style=\"text-align: justify;\">Finalmente, tamb\u00e9m foi representado judicialmente pelo afastamento cautelar do cargo, emprego ou fun\u00e7\u00e3o, sem preju\u00edzo da remunera\u00e7\u00e3o de outros tr\u00eas investigados (secret\u00e1rios e servidores).<\/p>\n<p style=\"text-align: justify;\">Importante ressaltar, que durante a tramita\u00e7\u00e3o da investiga\u00e7\u00e3o, foi celebrado acordo de coopera\u00e7\u00e3o entre o Minist\u00e9rio P\u00fablico da Comarca de Pacaembu, a Pol\u00edcia Civil e o Tribunal de Contas de Adamantina, agilizando o compartilhamento de informa\u00e7\u00f5es entre as institui\u00e7\u00f5es envolvidas na investiga\u00e7\u00e3o.<\/p>\n<p style=\"text-align: justify;\">A a\u00e7\u00e3o policial conta com a participa\u00e7\u00e3o de 20 Delegados de Pol\u00edcia, 72 policiais civis, quatro Promotores de Justi\u00e7a, seis agentes de fiscaliza\u00e7\u00e3o do TCE do Estado de S\u00e3o Paulo e quatro agentes fiscais da Secret\u00e1ria da Fazenda do Estado de S\u00e3o Paulo.<\/p>\n<p style=\"text-align: justify;\">Ap\u00f3s a formaliza\u00e7\u00e3o dos trabalhos de Pol\u00edcia Judici\u00e1ria os presos ser\u00e3o encaminhados para o CDP de Pacaembu, onde permanecer\u00e3o \u00e0 disposi\u00e7\u00e3o da Justi\u00e7a.<\/p>\n<p style=\"text-align: justify;\">Fonte e Fotos: Deinter 8 \u2013 Presidente Prudente<\/p>\n","protected":false},"excerpt":{"rendered":"<p>No in\u00edcio da manh\u00e3 desta quarta-feira (11), policiais civis, membros do Minist\u00e9rio P\u00fablico e do Tribunal de Contas do Estado e da Secretaria da Fazenda, realizaram opera\u00e7\u00e3o policial no munic\u00edpio de Pacaembu e cidades da regi\u00e3o. Por meio de requisi\u00e7\u00e3o do Minist\u00e9rio P\u00fablico da Comarca de Pacaembu, foram instaurados os autos de Inqu\u00e9rito Policial n\u00b0 [&hellip;]<\/p>\n","protected":false},"author":1,"featured_media":20932,"comment_status":"closed","ping_status":"open","sticky":false,"template":"","format":"standard","meta":{"footnotes":""},"categories":[179,110,191,2],"tags":[],"class_list":["post-20928","post","type-post","status-publish","format-standard","has-post-thumbnail","hentry","category-cidadeseregiao","category-noticiasdestaque","category-pacaembu","category-policial"],"_links":{"self":[{"href":"https:\/\/jorgezanoni.com.br\/2019\/wp-json\/wp\/v2\/posts\/20928","targetHints":{"allow":["GET"]}}],"collection":[{"href":"https:\/\/jorgezanoni.com.br\/2019\/wp-json\/wp\/v2\/posts"}],"about":[{"href":"https:\/\/jorgezanoni.com.br\/2019\/wp-json\/wp\/v2\/types\/post"}],"author":[{"embeddable":true,"href":"https:\/\/jorgezanoni.com.br\/2019\/wp-json\/wp\/v2\/users\/1"}],"replies":[{"embeddable":true,"href":"https:\/\/jorgezanoni.com.br\/2019\/wp-json\/wp\/v2\/comments?post=20928"}],"version-history":[{"count":0,"href":"https:\/\/jorgezanoni.com.br\/2019\/wp-json\/wp\/v2\/posts\/20928\/revisions"}],"wp:featuredmedia":[{"embeddable":true,"href":"https:\/\/jorgezanoni.com.br\/2019\/wp-json\/wp\/v2\/media\/20932"}],"wp:attachment":[{"href":"https:\/\/jorgezanoni.com.br\/2019\/wp-json\/wp\/v2\/media?parent=20928"}],"wp:term":[{"taxonomy":"category","embeddable":true,"href":"https:\/\/jorgezanoni.com.br\/2019\/wp-json\/wp\/v2\/categories?post=20928"},{"taxonomy":"post_tag","embeddable":true,"href":"https:\/\/jorgezanoni.com.br\/2019\/wp-json\/wp\/v2\/tags?post=20928"}],"curies":[{"name":"wp","href":"https:\/\/api.w.org\/{rel}","templated":true}]}}