{"id":20921,"date":"2020-03-11T12:51:38","date_gmt":"2020-03-11T12:51:38","guid":{"rendered":"https:\/\/jorgezanoni.com.br\/2019\/?p=20921"},"modified":"2020-03-11T12:51:38","modified_gmt":"2020-03-11T12:51:38","slug":"adao-viscardi-e-empossado-prefeito-de-pacaembu","status":"publish","type":"post","link":"https:\/\/jorgezanoni.com.br\/2019\/adao-viscardi-e-empossado-prefeito-de-pacaembu\/","title":{"rendered":"Ad\u00e3o Viscardi \u00e9 empossado prefeito de Pacaembu"},"content":{"rendered":"<p style=\"text-align: justify;\">Em cerim\u00f4nia na C\u00e2mara Municipal de Pacaembu realizada na tarde desta ter\u00e7a-feira, que durou pouco mais de 10 minutos, o vice-prefeito Ad\u00e3o Viscardi tomou posse do cargo de chefe do Executivo de Pacaembu.<\/p>\n<p style=\"text-align: justify;\"><img loading=\"lazy\" decoding=\"async\" class=\"alignnone size-full wp-image-20922\" src=\"https:\/\/jorgezanoni.com.br\/2019\/wp-content\/uploads\/2020\/03\/ad\u00e3o-e-esposa.jpg\" alt=\"\" width=\"800\" height=\"531\" srcset=\"https:\/\/jorgezanoni.com.br\/2019\/wp-content\/uploads\/2020\/03\/ad\u00e3o-e-esposa.jpg 800w, https:\/\/jorgezanoni.com.br\/2019\/wp-content\/uploads\/2020\/03\/ad\u00e3o-e-esposa-300x199.jpg 300w, https:\/\/jorgezanoni.com.br\/2019\/wp-content\/uploads\/2020\/03\/ad\u00e3o-e-esposa-768x510.jpg 768w, https:\/\/jorgezanoni.com.br\/2019\/wp-content\/uploads\/2020\/03\/ad\u00e3o-e-esposa-696x462.jpg 696w, https:\/\/jorgezanoni.com.br\/2019\/wp-content\/uploads\/2020\/03\/ad\u00e3o-e-esposa-633x420.jpg 633w\" sizes=\"auto, (max-width: 800px) 100vw, 800px\" \/>O ent\u00e3o vice-prefeito assume a prefeitura ap\u00f3s o afastamento do prefeito Maciel Corpa, determinado pela Justi\u00e7a.\u00a0<a href=\"https:\/\/folharegionalpacaembu.com.br\/2020\/03\/10\/pacaembu-justica-manda-afastar-o-prefeito-maciel-corpa-e-vice-deve-assumir\/\"><em>(VEJA AQUI)<\/em><\/a><\/p>\n<p>A posse foi realizada na presen\u00e7a dos vereadores, imprensa e algumas pessoas que foram at\u00e9 o local acompanhar o ato.<\/p>\n<p style=\"text-align: justify;\"><img loading=\"lazy\" decoding=\"async\" class=\"alignnone size-full wp-image-20923\" src=\"https:\/\/jorgezanoni.com.br\/2019\/wp-content\/uploads\/2020\/03\/camara.jpg\" alt=\"\" width=\"800\" height=\"531\" srcset=\"https:\/\/jorgezanoni.com.br\/2019\/wp-content\/uploads\/2020\/03\/camara.jpg 800w, https:\/\/jorgezanoni.com.br\/2019\/wp-content\/uploads\/2020\/03\/camara-300x199.jpg 300w, https:\/\/jorgezanoni.com.br\/2019\/wp-content\/uploads\/2020\/03\/camara-768x510.jpg 768w, https:\/\/jorgezanoni.com.br\/2019\/wp-content\/uploads\/2020\/03\/camara-696x462.jpg 696w, https:\/\/jorgezanoni.com.br\/2019\/wp-content\/uploads\/2020\/03\/camara-633x420.jpg 633w\" sizes=\"auto, (max-width: 800px) 100vw, 800px\" \/>A presidente do legislativo Luzia Vecchiatti conduziu os trabalhos e ap\u00f3s a assinatura da ata de posse, declarou Ad\u00e3o Viscardi empossado oficialmente no cargo de prefeito.<\/p>\n<p style=\"text-align: justify;\"><img loading=\"lazy\" decoding=\"async\" class=\"alignnone size-full wp-image-20924\" src=\"https:\/\/jorgezanoni.com.br\/2019\/wp-content\/uploads\/2020\/03\/discurso.jpg\" alt=\"\" width=\"800\" height=\"531\" srcset=\"https:\/\/jorgezanoni.com.br\/2019\/wp-content\/uploads\/2020\/03\/discurso.jpg 800w, https:\/\/jorgezanoni.com.br\/2019\/wp-content\/uploads\/2020\/03\/discurso-300x199.jpg 300w, https:\/\/jorgezanoni.com.br\/2019\/wp-content\/uploads\/2020\/03\/discurso-768x510.jpg 768w, https:\/\/jorgezanoni.com.br\/2019\/wp-content\/uploads\/2020\/03\/discurso-696x462.jpg 696w, https:\/\/jorgezanoni.com.br\/2019\/wp-content\/uploads\/2020\/03\/discurso-633x420.jpg 633w\" sizes=\"auto, (max-width: 800px) 100vw, 800px\" \/>Em seu discurso bastante emocionado e ainda surpreso com o fato, Ad\u00e3o destacou tratar-se de um cap\u00edtulo triste na hist\u00f3ria de Pacaembu e afirmou ainda que contar\u00e1 com o apoio dos vereadores e dos funcion\u00e1rios da municipalidade para conduzir a m\u00e1quina p\u00fablica da melhor forma poss\u00edvel.<\/p>\n<p style=\"text-align: justify;\"><img loading=\"lazy\" decoding=\"async\" class=\"alignnone size-full wp-image-20925\" src=\"https:\/\/jorgezanoni.com.br\/2019\/wp-content\/uploads\/2020\/03\/Posse.jpg\" alt=\"\" width=\"960\" height=\"639\" srcset=\"https:\/\/jorgezanoni.com.br\/2019\/wp-content\/uploads\/2020\/03\/Posse.jpg 960w, https:\/\/jorgezanoni.com.br\/2019\/wp-content\/uploads\/2020\/03\/Posse-300x200.jpg 300w, https:\/\/jorgezanoni.com.br\/2019\/wp-content\/uploads\/2020\/03\/Posse-768x511.jpg 768w, https:\/\/jorgezanoni.com.br\/2019\/wp-content\/uploads\/2020\/03\/Posse-696x463.jpg 696w, https:\/\/jorgezanoni.com.br\/2019\/wp-content\/uploads\/2020\/03\/Posse-631x420.jpg 631w\" sizes=\"auto, (max-width: 960px) 100vw, 960px\" \/>Ap\u00f3s a posse, Ad\u00e3o se dirigiu para a Prefeitura onde realizou contato com secret\u00e1rios e funcion\u00e1rios.<\/p>\n<p>A informa\u00e7\u00e3o obtida pela reportagem do site e jornal Folha Regional Pacaembu \u00e9 de que o novo prefeito inicie os trabalhos ainda nesta quarta-feira (11).<br \/>\n<strong><br \/>\n<\/strong>Fonte e Fotos: Folha Regional<\/p>\n<p style=\"text-align: justify;\">\n","protected":false},"excerpt":{"rendered":"<p>Em cerim\u00f4nia na C\u00e2mara Municipal de Pacaembu realizada na tarde desta ter\u00e7a-feira, que durou pouco mais de 10 minutos, o vice-prefeito Ad\u00e3o Viscardi tomou posse do cargo de chefe do Executivo de Pacaembu. O ent\u00e3o vice-prefeito assume a prefeitura ap\u00f3s o afastamento do prefeito Maciel Corpa, determinado pela Justi\u00e7a.\u00a0(VEJA AQUI) A posse foi realizada na [&hellip;]<\/p>\n","protected":false},"author":1,"featured_media":20926,"comment_status":"closed","ping_status":"open","sticky":false,"template":"","format":"standard","meta":{"footnotes":""},"categories":[179,110,191],"tags":[],"class_list":["post-20921","post","type-post","status-publish","format-standard","has-post-thumbnail","hentry","category-cidadeseregiao","category-noticiasdestaque","category-pacaembu"],"_links":{"self":[{"href":"https:\/\/jorgezanoni.com.br\/2019\/wp-json\/wp\/v2\/posts\/20921","targetHints":{"allow":["GET"]}}],"collection":[{"href":"https:\/\/jorgezanoni.com.br\/2019\/wp-json\/wp\/v2\/posts"}],"about":[{"href":"https:\/\/jorgezanoni.com.br\/2019\/wp-json\/wp\/v2\/types\/post"}],"author":[{"embeddable":true,"href":"https:\/\/jorgezanoni.com.br\/2019\/wp-json\/wp\/v2\/users\/1"}],"replies":[{"embeddable":true,"href":"https:\/\/jorgezanoni.com.br\/2019\/wp-json\/wp\/v2\/comments?post=20921"}],"version-history":[{"count":0,"href":"https:\/\/jorgezanoni.com.br\/2019\/wp-json\/wp\/v2\/posts\/20921\/revisions"}],"wp:featuredmedia":[{"embeddable":true,"href":"https:\/\/jorgezanoni.com.br\/2019\/wp-json\/wp\/v2\/media\/20926"}],"wp:attachment":[{"href":"https:\/\/jorgezanoni.com.br\/2019\/wp-json\/wp\/v2\/media?parent=20921"}],"wp:term":[{"taxonomy":"category","embeddable":true,"href":"https:\/\/jorgezanoni.com.br\/2019\/wp-json\/wp\/v2\/categories?post=20921"},{"taxonomy":"post_tag","embeddable":true,"href":"https:\/\/jorgezanoni.com.br\/2019\/wp-json\/wp\/v2\/tags?post=20921"}],"curies":[{"name":"wp","href":"https:\/\/api.w.org\/{rel}","templated":true}]}}