{"id":20917,"date":"2020-03-11T12:35:58","date_gmt":"2020-03-11T12:35:58","guid":{"rendered":"https:\/\/jorgezanoni.com.br\/2019\/?p=20917"},"modified":"2020-03-11T12:37:42","modified_gmt":"2020-03-11T12:37:42","slug":"pacaembu-justica-manda-afastar-o-prefeito-maciel-corpa-e-vice-deve-assumir","status":"publish","type":"post","link":"https:\/\/jorgezanoni.com.br\/2019\/pacaembu-justica-manda-afastar-o-prefeito-maciel-corpa-e-vice-deve-assumir\/","title":{"rendered":"PACAEMBU: Justi\u00e7a manda afastar o prefeito Maciel Corpa e vice deve assumir"},"content":{"rendered":"<p style=\"text-align: justify;\">O juiz de direito Dr. Rodrigo Menegatti acatou pedido da Promotoria de Justi\u00e7a e determinou nesta ter\u00e7a-feira (10), o afastamento do prefeito de Pacaembu Maciel do Carmo Colpas (PSDB).<\/p>\n<p style=\"text-align: justify;\">A reportagem do\u00a0<strong><em>jornal e site Folha Regional Pacaembu<\/em><\/strong>\u00a0apurou junto \u00e0 presidente da C\u00e2mara Municipal, vereadora Luzia Vecchiatti (PT), que a notifica\u00e7\u00e3o foi feita por volta das 10h atrav\u00e9s de um oficial de Justi\u00e7a que esteve na Casa de Leis e protocolou o documento judicial e tamb\u00e9m do Cart\u00f3rio Eleitoral dando ci\u00eancia da ordem de afastamento do chefe do Executivo.<\/p>\n<p style=\"text-align: justify;\">Tamb\u00e9m no documento, o juiz determinou que fosse dada ci\u00eancia aos demais vereadores sobre a fato e que seja dada posse imediata ao vice-prefeito Ad\u00e3o Viscardi (PV).<\/p>\n<p style=\"text-align: justify;\">De acordo com a presidente do legislativo, a solenidade de posse de Ad\u00e3o Viscardi est\u00e1 marcada para ocorrer \u00e0s 17h de hoje na C\u00e2mara Municipal.<\/p>\n<p style=\"text-align: justify;\"><strong>JUIZ DETERMINA BLOQUEIO DE BENS DE QUATRO VEREADORES<br \/>\n<\/strong><br \/>\nAinda segundo a presidente do legislativo, a Justi\u00e7a determinou o bloqueio de bens de quatro vereadores, s\u00e3o eles: Aparecido Donizeti Frias \u2013 (PMDB), Jos\u00e9 Messias Fagundes de Almeida (PSDB), Marcos Leandro Lourencetti (PP) e Valdecir Pessan (PMDB).<\/p>\n<p style=\"text-align: justify;\"><strong>MOTIVO DO AFASTAMENTO<br \/>\n<\/strong><br \/>\nDe acordo com apurado pela reportagem, o afastamento faz parte do processo movido pela Promotoria de Justi\u00e7a que investiga supostos gastos com viagens feitas pelo Poder Executivo com a participa\u00e7\u00e3o dos vereadores em compromissos pol\u00edticos na capital paulista e outras.<\/p>\n<p style=\"text-align: justify;\">O afastamento do prefeito, visa a apura\u00e7\u00e3o dos fatos e informa\u00e7\u00f5es que constam no processo e tem a dura\u00e7\u00e3o de seis meses a contar da presente data.<\/p>\n<p style=\"text-align: justify;\">Apesar da liminar concedida pela F\u00f3rum da Comarca de Pacaembu, o caso ainda cabe recurso no Tribunal de Justi\u00e7a.<br \/>\nA reportagem do jornal e site Folha Regional segue acompanhando o passo a passo deste caso e mais informa\u00e7\u00f5es a qualquer momento.<\/p>\n<p style=\"text-align: justify;\"><em>Fonte e Foto: Arquivo\/Folha Regional<\/em><\/p>\n","protected":false},"excerpt":{"rendered":"<p>O juiz de direito Dr. Rodrigo Menegatti acatou pedido da Promotoria de Justi\u00e7a e determinou nesta ter\u00e7a-feira (10), o afastamento do prefeito de Pacaembu Maciel do Carmo Colpas (PSDB). A reportagem do\u00a0jornal e site Folha Regional Pacaembu\u00a0apurou junto \u00e0 presidente da C\u00e2mara Municipal, vereadora Luzia Vecchiatti (PT), que a notifica\u00e7\u00e3o foi feita por volta das [&hellip;]<\/p>\n","protected":false},"author":1,"featured_media":20918,"comment_status":"closed","ping_status":"open","sticky":false,"template":"","format":"standard","meta":{"footnotes":""},"categories":[179,110,191],"tags":[],"class_list":["post-20917","post","type-post","status-publish","format-standard","has-post-thumbnail","hentry","category-cidadeseregiao","category-noticiasdestaque","category-pacaembu"],"_links":{"self":[{"href":"https:\/\/jorgezanoni.com.br\/2019\/wp-json\/wp\/v2\/posts\/20917","targetHints":{"allow":["GET"]}}],"collection":[{"href":"https:\/\/jorgezanoni.com.br\/2019\/wp-json\/wp\/v2\/posts"}],"about":[{"href":"https:\/\/jorgezanoni.com.br\/2019\/wp-json\/wp\/v2\/types\/post"}],"author":[{"embeddable":true,"href":"https:\/\/jorgezanoni.com.br\/2019\/wp-json\/wp\/v2\/users\/1"}],"replies":[{"embeddable":true,"href":"https:\/\/jorgezanoni.com.br\/2019\/wp-json\/wp\/v2\/comments?post=20917"}],"version-history":[{"count":0,"href":"https:\/\/jorgezanoni.com.br\/2019\/wp-json\/wp\/v2\/posts\/20917\/revisions"}],"wp:featuredmedia":[{"embeddable":true,"href":"https:\/\/jorgezanoni.com.br\/2019\/wp-json\/wp\/v2\/media\/20918"}],"wp:attachment":[{"href":"https:\/\/jorgezanoni.com.br\/2019\/wp-json\/wp\/v2\/media?parent=20917"}],"wp:term":[{"taxonomy":"category","embeddable":true,"href":"https:\/\/jorgezanoni.com.br\/2019\/wp-json\/wp\/v2\/categories?post=20917"},{"taxonomy":"post_tag","embeddable":true,"href":"https:\/\/jorgezanoni.com.br\/2019\/wp-json\/wp\/v2\/tags?post=20917"}],"curies":[{"name":"wp","href":"https:\/\/api.w.org\/{rel}","templated":true}]}}