{"id":20764,"date":"2020-03-10T00:54:16","date_gmt":"2020-03-10T00:54:16","guid":{"rendered":"https:\/\/jorgezanoni.com.br\/2019\/?p=20764"},"modified":"2020-03-10T01:08:13","modified_gmt":"2020-03-10T01:08:13","slug":"superlua-ocorre-nesta-segunda-entenda-o-fenomeno-e-por-que-tambem-sera-lua-de-minhoca","status":"publish","type":"post","link":"https:\/\/jorgezanoni.com.br\/2019\/superlua-ocorre-nesta-segunda-entenda-o-fenomeno-e-por-que-tambem-sera-lua-de-minhoca\/","title":{"rendered":"&#8216;Superlua&#8217; ocorre nesta segunda; entenda o fen\u00f4meno e por que tamb\u00e9m ser\u00e1 &#8216;Lua de minhoca&#8217;"},"content":{"rendered":"<h2 class=\"content-head__subtitle\" style=\"text-align: justify;\"><strong>Durante a &#8216;Superlua&#8217;, sat\u00e9lite natural poder\u00e1 parecer at\u00e9 14% maior e 30% mais brilhante ao ser visto da Terra.<\/strong><\/h2>\n<div class=\"mc-column content-text active-extra-styles \" data-block-type=\"unstyled\" data-block-weight=\"52\" data-block-id=\"2\">\n<p class=\"content-text__container \" style=\"text-align: justify;\" data-track-category=\"Link no Texto\" data-track-links=\"\">Nesta segunda-feira (9), a Lua estar\u00e1 em seu perigeu \u2013 ponto de sua \u00f3rbita mais perto da Terra. Por isso, ela parecer\u00e1 maior para quem a observa da perspectiva do nosso planeta. Quando isso acontece, o fen\u00f4meno \u00e9 chamado de &#8220;superlua&#8221;. Ele poder\u00e1 ser visto at\u00e9 o in\u00edcio da quarta-feira (11).<\/p>\n<\/div>\n<div class=\"wall protected-content\">\n<div class=\"mc-column content-text active-extra-styles\" style=\"text-align: justify;\" data-block-type=\"raw\" data-block-weight=\"9\" data-block-id=\"3\">\n<ul class=\"content-unordered-list\">\n<li><a href=\"https:\/\/g1.globo.com\/ciencia-e-saude\/noticia\/2019\/02\/19\/saiba-como-assistir-e-fotografar-a-melhor-superlua-de-2019.ghtml\">Saiba como assistir e fotografar a melhor a Superlua<\/a><\/li>\n<\/ul>\n<\/div>\n<div class=\"mc-column content-text active-extra-styles \" style=\"text-align: justify;\" data-block-type=\"unstyled\" data-block-weight=\"55\" data-block-id=\"4\">\n<p class=\"content-text__container \" data-track-category=\"Link no Texto\" data-track-links=\"\">O termo &#8220;superlua&#8221; surgiu em 1979 e n\u00e3o \u00e9 o que poder\u00edamos chamar de um &#8220;conceito astron\u00f4mico&#8221;. Ele \u00e9 usado fora do meio acad\u00eamico para fazer refer\u00eancia \u00e0 uni\u00e3o do perigeu com a Lua cheia. N\u00e3o \u00e9 uma situa\u00e7\u00e3o rara de apreciar, mas \u00e9 uma excelente oportunidade para quem quer come\u00e7ar a observar o c\u00e9u.<\/p>\n<\/div>\n<div class=\"mc-column content-text active-extra-styles \" data-block-type=\"unstyled\" data-block-weight=\"55\" data-block-id=\"5\">\n<p class=\"content-text__container \" style=\"text-align: justify;\" data-track-category=\"Link no Texto\" data-track-links=\"\">De acordo com a ag\u00eancia espacial americana (<a href=\"https:\/\/g1.globo.com\/tudo-sobre\/nasa\/\">Nasa<\/a>), desta vez tamb\u00e9m ser\u00e1 &#8220;Lua de Minhoca&#8221;. Ela recebe este nome por que \u00e9 a \u00faltima Lua cheia no m\u00eas de mar\u00e7o. Historicamente, os povos antigos mais ao Sul dos Estados Unidos chamavam essa \u00e9poca desta forma, j\u00e1 que as minhocas surgem quando o gelo derrete.<\/p>\n<div class=\"mc-column content-text active-extra-styles\" style=\"text-align: justify;\" data-block-type=\"raw\" data-block-weight=\"2\" data-block-id=\"8\">\n<div class=\"content-intertitle\">\n<h2>Detalhes importantes:<\/h2>\n<\/div>\n<\/div>\n<div data-track-category=\"multicontent\" data-track-action=\"ultimo chunk conteudo\" data-track-noninteraction=\"false\" data-track-scroll=\"view\">\n<div class=\"mc-column content-text active-extra-styles\" data-block-type=\"raw\" data-block-weight=\"79\" data-block-id=\"9\">\n<ul class=\"content-unordered-list\" style=\"text-align: justify;\">\n<li>A \u00f3rbita da Lua ao redor da Terra tem forma el\u00edptica &#8211; uma forma oval que aproxima e distancia o sat\u00e9lite do nosso planeta;<\/li>\n<li>O ponto mais distante dessa elipse \u00e9 chamado apogeu. \u00c9 quando acontece a Microlua;<\/li>\n<li>O ponto mais pr\u00f3ximo \u00e9 o perigeu;<\/li>\n<li>Quando a Lua est\u00e1 cheia e em seu perigeu (Superlua), ela pode parecer at\u00e9 14% maior e 30% mais brilhante ao ser vista da Terra do que no momento do apogeu, segundo a Nasa.<\/li>\n<\/ul>\n<p style=\"text-align: justify;\">Fonte: G1<\/p>\n<p><img loading=\"lazy\" decoding=\"async\" class=\"alignnone size-full wp-image-20767\" src=\"https:\/\/jorgezanoni.com.br\/2019\/wp-content\/uploads\/2020\/03\/IMG_3232-2.jpg\" alt=\"\" width=\"800\" height=\"479\" srcset=\"https:\/\/jorgezanoni.com.br\/2019\/wp-content\/uploads\/2020\/03\/IMG_3232-2.jpg 800w, https:\/\/jorgezanoni.com.br\/2019\/wp-content\/uploads\/2020\/03\/IMG_3232-2-300x180.jpg 300w, https:\/\/jorgezanoni.com.br\/2019\/wp-content\/uploads\/2020\/03\/IMG_3232-2-768x460.jpg 768w, https:\/\/jorgezanoni.com.br\/2019\/wp-content\/uploads\/2020\/03\/IMG_3232-2-696x417.jpg 696w, https:\/\/jorgezanoni.com.br\/2019\/wp-content\/uploads\/2020\/03\/IMG_3232-2-701x420.jpg 701w\" sizes=\"auto, (max-width: 800px) 100vw, 800px\" \/> <img loading=\"lazy\" decoding=\"async\" class=\"alignnone size-full wp-image-20768\" src=\"https:\/\/jorgezanoni.com.br\/2019\/wp-content\/uploads\/2020\/03\/IMG_3233-2.jpg\" alt=\"\" width=\"800\" height=\"777\" srcset=\"https:\/\/jorgezanoni.com.br\/2019\/wp-content\/uploads\/2020\/03\/IMG_3233-2.jpg 800w, https:\/\/jorgezanoni.com.br\/2019\/wp-content\/uploads\/2020\/03\/IMG_3233-2-300x291.jpg 300w, https:\/\/jorgezanoni.com.br\/2019\/wp-content\/uploads\/2020\/03\/IMG_3233-2-768x746.jpg 768w, https:\/\/jorgezanoni.com.br\/2019\/wp-content\/uploads\/2020\/03\/IMG_3233-2-696x676.jpg 696w, https:\/\/jorgezanoni.com.br\/2019\/wp-content\/uploads\/2020\/03\/IMG_3233-2-432x420.jpg 432w\" sizes=\"auto, (max-width: 800px) 100vw, 800px\" \/> <img loading=\"lazy\" decoding=\"async\" class=\"alignnone size-full wp-image-20769\" src=\"https:\/\/jorgezanoni.com.br\/2019\/wp-content\/uploads\/2020\/03\/IMG_3234-2.jpg\" alt=\"\" width=\"800\" height=\"795\" srcset=\"https:\/\/jorgezanoni.com.br\/2019\/wp-content\/uploads\/2020\/03\/IMG_3234-2.jpg 800w, https:\/\/jorgezanoni.com.br\/2019\/wp-content\/uploads\/2020\/03\/IMG_3234-2-150x150.jpg 150w, https:\/\/jorgezanoni.com.br\/2019\/wp-content\/uploads\/2020\/03\/IMG_3234-2-300x298.jpg 300w, https:\/\/jorgezanoni.com.br\/2019\/wp-content\/uploads\/2020\/03\/IMG_3234-2-768x763.jpg 768w, https:\/\/jorgezanoni.com.br\/2019\/wp-content\/uploads\/2020\/03\/IMG_3234-2-696x692.jpg 696w, https:\/\/jorgezanoni.com.br\/2019\/wp-content\/uploads\/2020\/03\/IMG_3234-2-423x420.jpg 423w\" sizes=\"auto, (max-width: 800px) 100vw, 800px\" \/> <img loading=\"lazy\" decoding=\"async\" class=\"alignnone size-full wp-image-20770\" src=\"https:\/\/jorgezanoni.com.br\/2019\/wp-content\/uploads\/2020\/03\/IMG_3235-2.jpg\" alt=\"\" width=\"800\" height=\"854\" srcset=\"https:\/\/jorgezanoni.com.br\/2019\/wp-content\/uploads\/2020\/03\/IMG_3235-2.jpg 800w, https:\/\/jorgezanoni.com.br\/2019\/wp-content\/uploads\/2020\/03\/IMG_3235-2-281x300.jpg 281w, https:\/\/jorgezanoni.com.br\/2019\/wp-content\/uploads\/2020\/03\/IMG_3235-2-768x820.jpg 768w, https:\/\/jorgezanoni.com.br\/2019\/wp-content\/uploads\/2020\/03\/IMG_3235-2-696x743.jpg 696w, https:\/\/jorgezanoni.com.br\/2019\/wp-content\/uploads\/2020\/03\/IMG_3235-2-393x420.jpg 393w\" sizes=\"auto, (max-width: 800px) 100vw, 800px\" \/><\/p>\n<p style=\"text-align: justify;\">Fotos: Jorge Zanoni<\/p>\n<\/div>\n<\/div>\n<\/div>\n<\/div>\n","protected":false},"excerpt":{"rendered":"<p>Durante a &#8216;Superlua&#8217;, sat\u00e9lite natural poder\u00e1 parecer at\u00e9 14% maior e 30% mais brilhante ao ser visto da Terra. Nesta segunda-feira (9), a Lua estar\u00e1 em seu perigeu \u2013 ponto de sua \u00f3rbita mais perto da Terra. Por isso, ela parecer\u00e1 maior para quem a observa da perspectiva do nosso planeta. Quando isso acontece, o [&hellip;]<\/p>\n","protected":false},"author":1,"featured_media":20765,"comment_status":"closed","ping_status":"open","sticky":false,"template":"","format":"standard","meta":{"footnotes":""},"categories":[114],"tags":[],"class_list":["post-20764","post","type-post","status-publish","format-standard","has-post-thumbnail","hentry","category-geralecomercio"],"_links":{"self":[{"href":"https:\/\/jorgezanoni.com.br\/2019\/wp-json\/wp\/v2\/posts\/20764","targetHints":{"allow":["GET"]}}],"collection":[{"href":"https:\/\/jorgezanoni.com.br\/2019\/wp-json\/wp\/v2\/posts"}],"about":[{"href":"https:\/\/jorgezanoni.com.br\/2019\/wp-json\/wp\/v2\/types\/post"}],"author":[{"embeddable":true,"href":"https:\/\/jorgezanoni.com.br\/2019\/wp-json\/wp\/v2\/users\/1"}],"replies":[{"embeddable":true,"href":"https:\/\/jorgezanoni.com.br\/2019\/wp-json\/wp\/v2\/comments?post=20764"}],"version-history":[{"count":0,"href":"https:\/\/jorgezanoni.com.br\/2019\/wp-json\/wp\/v2\/posts\/20764\/revisions"}],"wp:featuredmedia":[{"embeddable":true,"href":"https:\/\/jorgezanoni.com.br\/2019\/wp-json\/wp\/v2\/media\/20765"}],"wp:attachment":[{"href":"https:\/\/jorgezanoni.com.br\/2019\/wp-json\/wp\/v2\/media?parent=20764"}],"wp:term":[{"taxonomy":"category","embeddable":true,"href":"https:\/\/jorgezanoni.com.br\/2019\/wp-json\/wp\/v2\/categories?post=20764"},{"taxonomy":"post_tag","embeddable":true,"href":"https:\/\/jorgezanoni.com.br\/2019\/wp-json\/wp\/v2\/tags?post=20764"}],"curies":[{"name":"wp","href":"https:\/\/api.w.org\/{rel}","templated":true}]}}