{"id":20712,"date":"2020-03-09T11:27:06","date_gmt":"2020-03-09T11:27:06","guid":{"rendered":"https:\/\/jorgezanoni.com.br\/2019\/?p=20712"},"modified":"2020-03-09T12:00:37","modified_gmt":"2020-03-09T12:00:37","slug":"morre-a-senhora-ivoni-andrade-esposa-do-jornalista-amorim-sangue-novo","status":"publish","type":"post","link":"https:\/\/jorgezanoni.com.br\/2019\/morre-a-senhora-ivoni-andrade-esposa-do-jornalista-amorim-sangue-novo\/","title":{"rendered":"Morre a senhora Ivoni Andrade, esposa do jornalista Amorim Sangue Novo"},"content":{"rendered":"<p style=\"text-align: justify;\">Faleceu a senhora Ivoni Andrade aos 67 anos. Foi casado com o jornalista Amorim Sangue Novo por 49 anos.<\/p>\n<p style=\"text-align: justify;\">Deixa o marido, filha Erika Andrade, os netos Erick e Vin\u00edcius, ambos residentes em Panorama, al\u00e9m de irm\u00e3os e cunhados.<\/p>\n<p style=\"text-align: justify;\">O Corpo ser\u00e1 velado no Vel\u00f3rio Municipal de Panorama e o sepultamento ocorre hoje (9), \u00e0s 16 horas no cemit\u00e9rio da cidade.<\/p>\n<p style=\"text-align: justify;\">O Site JZ se solidariza com o amigo Amorim e demais familiares neste momento dif\u00edcil e roga a Deus que d\u00ea conforto, for\u00e7a e f\u00e9 a toda a fam\u00edlia.<\/p>\n<p><img loading=\"lazy\" decoding=\"async\" class=\"alignnone size-full wp-image-20718\" src=\"https:\/\/jorgezanoni.com.br\/2019\/wp-content\/uploads\/2020\/03\/ivoni.jpg\" alt=\"\" width=\"364\" height=\"280\" srcset=\"https:\/\/jorgezanoni.com.br\/2019\/wp-content\/uploads\/2020\/03\/ivoni.jpg 364w, https:\/\/jorgezanoni.com.br\/2019\/wp-content\/uploads\/2020\/03\/ivoni-300x231.jpg 300w\" sizes=\"auto, (max-width: 364px) 100vw, 364px\" \/><\/p>\n<p style=\"text-align: justify;\">Jorge Zanoni<\/p>\n<p>&nbsp;<\/p>\n<p>&nbsp;<\/p>\n<p>&nbsp;<\/p>\n<p>.<\/p>\n","protected":false},"excerpt":{"rendered":"<p>Faleceu a senhora Ivoni Andrade aos 67 anos. Foi casado com o jornalista Amorim Sangue Novo por 49 anos. Deixa o marido, filha Erika Andrade, os netos Erick e Vin\u00edcius, ambos residentes em Panorama, al\u00e9m de irm\u00e3os e cunhados. O Corpo ser\u00e1 velado no Vel\u00f3rio Municipal de Panorama e o sepultamento ocorre hoje (9), \u00e0s [&hellip;]<\/p>\n","protected":false},"author":1,"featured_media":20713,"comment_status":"closed","ping_status":"open","sticky":false,"template":"","format":"standard","meta":{"footnotes":""},"categories":[178,110],"tags":[],"class_list":["post-20712","post","type-post","status-publish","format-standard","has-post-thumbnail","hentry","category-notadefalecimento","category-noticiasdestaque"],"_links":{"self":[{"href":"https:\/\/jorgezanoni.com.br\/2019\/wp-json\/wp\/v2\/posts\/20712","targetHints":{"allow":["GET"]}}],"collection":[{"href":"https:\/\/jorgezanoni.com.br\/2019\/wp-json\/wp\/v2\/posts"}],"about":[{"href":"https:\/\/jorgezanoni.com.br\/2019\/wp-json\/wp\/v2\/types\/post"}],"author":[{"embeddable":true,"href":"https:\/\/jorgezanoni.com.br\/2019\/wp-json\/wp\/v2\/users\/1"}],"replies":[{"embeddable":true,"href":"https:\/\/jorgezanoni.com.br\/2019\/wp-json\/wp\/v2\/comments?post=20712"}],"version-history":[{"count":0,"href":"https:\/\/jorgezanoni.com.br\/2019\/wp-json\/wp\/v2\/posts\/20712\/revisions"}],"wp:featuredmedia":[{"embeddable":true,"href":"https:\/\/jorgezanoni.com.br\/2019\/wp-json\/wp\/v2\/media\/20713"}],"wp:attachment":[{"href":"https:\/\/jorgezanoni.com.br\/2019\/wp-json\/wp\/v2\/media?parent=20712"}],"wp:term":[{"taxonomy":"category","embeddable":true,"href":"https:\/\/jorgezanoni.com.br\/2019\/wp-json\/wp\/v2\/categories?post=20712"},{"taxonomy":"post_tag","embeddable":true,"href":"https:\/\/jorgezanoni.com.br\/2019\/wp-json\/wp\/v2\/tags?post=20712"}],"curies":[{"name":"wp","href":"https:\/\/api.w.org\/{rel}","templated":true}]}}