{"id":20697,"date":"2020-03-08T20:55:04","date_gmt":"2020-03-08T20:55:04","guid":{"rendered":"https:\/\/jorgezanoni.com.br\/2019\/?p=20697"},"modified":"2020-03-08T20:55:04","modified_gmt":"2020-03-08T20:55:04","slug":"brasil-tem-25-casos-confirmados-de-coronavirus","status":"publish","type":"post","link":"https:\/\/jorgezanoni.com.br\/2019\/brasil-tem-25-casos-confirmados-de-coronavirus\/","title":{"rendered":"Brasil tem 25 casos confirmados de coronav\u00edrus"},"content":{"rendered":"<h2 class=\"content-head__subtitle\" style=\"text-align: justify;\"><strong>Estados do Rio de Janeiro, Minas Gerais e Alagoas apresentaram novos pacientes com a doen\u00e7a. S\u00e3o Paulo tem tr\u00eas novos casos.<\/strong><\/h2>\n<div class=\"mc-column content-text active-extra-styles \" data-block-type=\"unstyled\" data-block-weight=\"44\" data-block-id=\"2\">\n<p class=\"content-text__container \" style=\"text-align: justify;\" data-track-category=\"Link no Texto\" data-track-links=\"\">At\u00e9 a tarde deste domingo (8), o Brasil confirmou 25 casos do\u00a0<a href=\"https:\/\/g1.globo.com\/bemestar\/coronavirus\/\">novo coronav\u00edrus<\/a>\u00a0(Sars-CoV-2). Tr\u00eas novos pacientes foram contabilizados pelos estados do Rio de Janeiro, Minas Gerais e Alagoas, de acordo com o\u00a0<a href=\"https:\/\/g1.globo.com\/tudo-sobre\/ministerio-da-saude\/\">Minist\u00e9rio da Sa\u00fade<\/a>. S\u00e3o Paulo tamb\u00e9m apresentou mais tr\u00eas casos.<\/p>\n<\/div>\n<div class=\"wall protected-content\">\n<div class=\"mc-column content-text active-extra-styles\" style=\"text-align: justify;\" data-block-type=\"raw\" data-block-weight=\"16\" data-block-id=\"3\">\n<ul class=\"content-unordered-list\">\n<li>21 casos s\u00e3o importados<\/li>\n<li>4 s\u00e3o transmiss\u00e3o local<\/li>\n<li>663 casos ainda s\u00e3o suspeitos<\/li>\n<li>632 foram descartados<\/li>\n<\/ul>\n<\/div>\n<div class=\"row medium-uncollapsed content-text\" style=\"text-align: justify;\" data-block-type=\"table-plugin\" data-block-id=\"4\">\n<div class=\"column medium-centered medium-22 large-20\">\n<div class=\"show-table content-media content-media--normal\">\n<p class=\"mc-column show-table__title\">Coronav\u00edrus no Brasil<\/p>\n<div class=\"show-table__centralized\">\n<div class=\"show-table__container\">\n<table class=\"show-table__content\n show-table__content--highlight-top show-table__content--highlight-bottom        \"><\/p>\n<tbody>\n<tr>\n<td>ESTADO<\/td>\n<td>CASOS CONFIRMADOS<\/td>\n<\/tr>\n<tr>\n<td>ALAGOAS<\/td>\n<td>1<\/td>\n<\/tr>\n<tr>\n<td>BAHIA<\/td>\n<td>2<\/td>\n<\/tr>\n<tr>\n<td>ESP\u00cdRITO SANTO<\/td>\n<td>1<\/td>\n<\/tr>\n<tr>\n<td>MINAS GERAIS<\/td>\n<td>1<\/td>\n<\/tr>\n<tr>\n<td>RIO DE JANEIRO<\/td>\n<td>3<\/td>\n<\/tr>\n<tr>\n<td>S\u00c3O PAULO<\/td>\n<td>16<\/td>\n<\/tr>\n<tr>\n<td>DISTRITO FEDERAL<\/td>\n<td>1<\/td>\n<\/tr>\n<tr>\n<td>TOTAL<\/td>\n<td>25<\/td>\n<\/tr>\n<\/tbody>\n<\/table>\n<\/div>\n<div class=\"show-table__footer\">\n<div class=\"show-table__source\">Fonte: Minist\u00e9rio da Sa\u00fade<\/div>\n<\/div>\n<\/div>\n<\/div>\n<\/div>\n<\/div>\n<div class=\"mc-column content-text active-extra-styles\" style=\"text-align: justify;\" data-block-type=\"raw\" data-block-weight=\"2\" data-block-id=\"5\">\n<div class=\"content-intertitle\">\n<h2>No Rio<\/h2>\n<\/div>\n<\/div>\n<div class=\"mc-column content-text active-extra-styles \" style=\"text-align: justify;\" data-block-type=\"unstyled\" data-block-weight=\"57\" data-block-id=\"6\">\n<p class=\"content-text__container \" data-track-category=\"Link no Texto\" data-track-links=\"\">De acordo com a secretaria de sa\u00fade,\u00a0<a href=\"https:\/\/g1.globo.com\/rj\/rio-de-janeiro\/noticia\/2020\/03\/08\/saude-do-rj-confirma-o-3o-caso-do-novo-coronavirus-o-2o-na-capital.ghtml\">o terceiro caso confirmado \u00e9 de uma mulher de 42 anos<\/a>, que mora no Rio e acompanhou a paciente que teve a confirma\u00e7\u00e3o da doen\u00e7a no s\u00e1bado (7) em viagem \u00e0 It\u00e1lia. Os primeiros sintomas apareceram um dia ap\u00f3s o retorno ao Brasil, que aconteceu no dia 4 de mar\u00e7o.<\/p>\n<\/div>\n<div class=\"content-ads content-ads--reveal\" style=\"text-align: justify;\" data-block-type=\"ads\" data-block-id=\"7\">\n<div id=\"banner_materia2\" class=\"tag-manager-publicidade-container mc-has-reveal mc-has-ad-lazyload tag-manager-publicidade-banner_materia2 tag-manager-publicidade-container--carregado tag-manager-publicidade-container--visivel\" data-id=\"banner_materia2\" data-google-query-id=\"CPa5wOrgi-gCFcoFuQYdLdcArw\" data-cid=\"138304758168\" data-lid=\"5316338854\">\n<div id=\"google_ads_iframe_\/95377733\/tvg_G1\/Bem_Estar_2__container__\">Ela j\u00e1 estava sendo monitorada por profissionais da vigil\u00e2ncia da secretaria, em parceria com o \u00f3rg\u00e3o municipal. O estado de sa\u00fade da mulher \u00e9 est\u00e1vel e ela est\u00e1 em isolamento domiciliar.<\/div>\n<\/div>\n<\/div>\n<div class=\"mc-column content-text active-extra-styles \" data-block-type=\"unstyled\" data-block-weight=\"13\" data-block-id=\"9\">\n<p class=\"content-text__container \" style=\"text-align: justify;\" data-track-category=\"Link no Texto\" data-track-links=\"\">Al\u00e9m dos tr\u00eas casos j\u00e1 confirmados no estado, h\u00e1 outros 111 suspeitos.<\/p>\n<div class=\"mc-column content-text active-extra-styles\" style=\"text-align: justify;\" data-block-type=\"raw\" data-block-weight=\"2\" data-block-id=\"11\">\n<div class=\"content-intertitle\">\n<h2>Em Alagoas<\/h2>\n<\/div>\n<\/div>\n<div class=\"mc-column content-text active-extra-styles \" style=\"text-align: justify;\" data-block-type=\"unstyled\" data-block-weight=\"52\" data-block-id=\"12\">\n<p class=\"content-text__container \" data-track-category=\"Link no Texto\" data-track-links=\"\">A Secretaria Estadual de Sa\u00fade (Sesau)\u00a0<a href=\"https:\/\/g1.globo.com\/al\/alagoas\/noticia\/2020\/03\/08\/homem-que-veio-da-italia-e-o-primeiro-caso-confirmado-de-coronavirus-em-alagoas-diz-secretaria.ghtml\">do estado confirmou o primeiro caso neste domingo<\/a>. O paciente \u00e9 um alagoano de 42 anos que voltou da It\u00e1lia no dia 3 de mar\u00e7o e procurou atendimento m\u00e9dico em Macei\u00f3 por apresentar sintomas. Ele est\u00e1 em isolamento domiciliar e o estado de sa\u00fade \u00e9 est\u00e1vel.<\/p>\n<\/div>\n<div class=\"mc-column content-text active-extra-styles\" style=\"text-align: justify;\" data-block-type=\"raw\" data-block-weight=\"3\" data-block-id=\"13\">\n<div class=\"content-intertitle\">\n<h2>Em S\u00e3o Paulo<\/h2>\n<\/div>\n<\/div>\n<div class=\"mc-column content-text active-extra-styles \" style=\"text-align: justify;\" data-block-type=\"unstyled\" data-block-weight=\"20\" data-block-id=\"14\">\n<p class=\"content-text__container \" data-track-category=\"Link no Texto\" data-track-links=\"\">Com tr\u00eas novos casos,<a href=\"https:\/\/g1.globo.com\/sp\/sao-paulo\/noticia\/2020\/03\/08\/sobe-para-16-o-numero-de-casos-confirmados-de-coronavirus-em-sao-paulo.ghtml\">\u00a0o estado totaliza 16 pacientes infectados.<\/a>\u00a0Registra, ainda, 176 suspeitas da doen\u00e7a e 258 casos descartados.<\/p>\n<\/div>\n<div class=\"mc-column content-text active-extra-styles \" style=\"text-align: justify;\" data-block-type=\"unstyled\" data-block-weight=\"34\" data-block-id=\"15\">\n<p class=\"content-text__container \" data-track-category=\"Link no Texto\" data-track-links=\"\">No \u00faltimo balan\u00e7o, divulgado no s\u00e1bado (7), S\u00e3o Paulo tinha 13 casos confirmados e 184 suspeitas da doen\u00e7a. O estado registrou tamb\u00e9m os primeiros dois casos de transmiss\u00e3o local no pa\u00eds nesta semana.<\/p>\n<\/div>\n<div class=\"mc-column content-text active-extra-styles \" style=\"text-align: justify;\" data-block-type=\"unstyled\" data-block-weight=\"27\" data-block-id=\"16\">\n<p class=\"content-text__container \" data-track-category=\"Link no Texto\" data-track-links=\"\">De acordo com o infectologista David Uip, que coordena comit\u00ea de contingenciamento estadual, uma das pessoas contaminadas \u00e9 irm\u00e3 do primeiro paciente e a outra, a sobrinha.<\/p>\n<\/div>\n<div class=\"mc-column content-text active-extra-styles \" style=\"text-align: justify;\" data-block-type=\"unstyled\" data-block-weight=\"41\" data-block-id=\"17\">\n<p class=\"content-text__container \" data-track-category=\"Link no Texto\" data-track-links=\"\">&#8220;O caso n\u00famero um tem a sua irm\u00e3 e a filha da irm\u00e3, portanto a sobrinha, positivas e sintom\u00e1ticas. Ent\u00e3o provavelmente se contaminaram naquele almo\u00e7o, e por apresentarem sintomas fizeram os exames que n\u00f3s acabamos de saber que s\u00e3o positivas&#8221;, afirma.<\/p>\n<\/div>\n<div class=\"mc-column content-text active-extra-styles \" data-block-type=\"unstyled\" data-block-weight=\"18\" data-block-id=\"19\">\n<p class=\"content-text__container \" style=\"text-align: justify;\" data-track-category=\"Link no Texto\" data-track-links=\"\">Ainda segundo Uip, o estado de sa\u00fade das duas &#8220;\u00e9 muito bom&#8221;. &#8220;Sem problemas. Est\u00e3o em casa&#8221;, completou.<\/p>\n<p style=\"text-align: justify;\" data-track-category=\"Link no Texto\" data-track-links=\"\">Fonte: https:\/\/g1.globo.com\/bemestar\/coronavirus\/noticia\/2020\/03\/08\/brasil-tem-21-casos-confirmados-de-coronavirus.ghtml<\/p>\n<\/div>\n<\/div>\n<\/div>\n","protected":false},"excerpt":{"rendered":"<p>Estados do Rio de Janeiro, Minas Gerais e Alagoas apresentaram novos pacientes com a doen\u00e7a. S\u00e3o Paulo tem tr\u00eas novos casos. At\u00e9 a tarde deste domingo (8), o Brasil confirmou 25 casos do\u00a0novo coronav\u00edrus\u00a0(Sars-CoV-2). Tr\u00eas novos pacientes foram contabilizados pelos estados do Rio de Janeiro, Minas Gerais e Alagoas, de acordo com o\u00a0Minist\u00e9rio da Sa\u00fade. [&hellip;]<\/p>\n","protected":false},"author":1,"featured_media":20699,"comment_status":"closed","ping_status":"open","sticky":false,"template":"","format":"standard","meta":{"footnotes":""},"categories":[110,122],"tags":[],"class_list":["post-20697","post","type-post","status-publish","format-standard","has-post-thumbnail","hentry","category-noticiasdestaque","category-saudeeducacaoeconcurso"],"_links":{"self":[{"href":"https:\/\/jorgezanoni.com.br\/2019\/wp-json\/wp\/v2\/posts\/20697","targetHints":{"allow":["GET"]}}],"collection":[{"href":"https:\/\/jorgezanoni.com.br\/2019\/wp-json\/wp\/v2\/posts"}],"about":[{"href":"https:\/\/jorgezanoni.com.br\/2019\/wp-json\/wp\/v2\/types\/post"}],"author":[{"embeddable":true,"href":"https:\/\/jorgezanoni.com.br\/2019\/wp-json\/wp\/v2\/users\/1"}],"replies":[{"embeddable":true,"href":"https:\/\/jorgezanoni.com.br\/2019\/wp-json\/wp\/v2\/comments?post=20697"}],"version-history":[{"count":0,"href":"https:\/\/jorgezanoni.com.br\/2019\/wp-json\/wp\/v2\/posts\/20697\/revisions"}],"wp:featuredmedia":[{"embeddable":true,"href":"https:\/\/jorgezanoni.com.br\/2019\/wp-json\/wp\/v2\/media\/20699"}],"wp:attachment":[{"href":"https:\/\/jorgezanoni.com.br\/2019\/wp-json\/wp\/v2\/media?parent=20697"}],"wp:term":[{"taxonomy":"category","embeddable":true,"href":"https:\/\/jorgezanoni.com.br\/2019\/wp-json\/wp\/v2\/categories?post=20697"},{"taxonomy":"post_tag","embeddable":true,"href":"https:\/\/jorgezanoni.com.br\/2019\/wp-json\/wp\/v2\/tags?post=20697"}],"curies":[{"name":"wp","href":"https:\/\/api.w.org\/{rel}","templated":true}]}}