{"id":20692,"date":"2020-03-08T20:32:43","date_gmt":"2020-03-08T20:32:43","guid":{"rendered":"https:\/\/jorgezanoni.com.br\/2019\/?p=20692"},"modified":"2020-03-08T20:33:59","modified_gmt":"2020-03-08T20:33:59","slug":"grupo-e-preso-por-trafico-de-drogas-e-associacao-apos-bater-carro-em-poste-em-presidente-prudente","status":"publish","type":"post","link":"https:\/\/jorgezanoni.com.br\/2019\/grupo-e-preso-por-trafico-de-drogas-e-associacao-apos-bater-carro-em-poste-em-presidente-prudente\/","title":{"rendered":"Grupo \u00e9 preso por tr\u00e1fico de drogas e associa\u00e7\u00e3o ap\u00f3s bater carro em poste em Presidente Prudente"},"content":{"rendered":"<h2 class=\"content-head__subtitle\" style=\"text-align: justify;\"><strong>Indiv\u00edduos tentaram fugir com o autom\u00f3vel ap\u00f3s pegarem o entorpecente em uma mata no Jardim Humberto Salvador. Caso foi registrado na Delegacia Participativa da Pol\u00edcia Civil.<\/strong><\/h2>\n<div class=\"mc-column content-text active-extra-styles \" data-block-type=\"unstyled\" data-block-weight=\"24\" data-block-id=\"2\">\n<p class=\"content-text__container \" style=\"text-align: justify;\" data-track-category=\"Link no Texto\" data-track-links=\"\">Quatro homens foram presos em flagrante por tr\u00e1fico de drogas e associa\u00e7\u00e3o na noite deste s\u00e1bado (7), no Jardim Humberto Salvador, em\u00a0<a href=\"https:\/\/g1.globo.com\/sp\/presidente-prudente-regiao\/cidade\/presidente-prudente\/\">Presidente Prudente<\/a>.<\/p>\n<\/div>\n<div class=\"wall protected-content\">\n<div class=\"mc-column content-text active-extra-styles \" style=\"text-align: justify;\" data-block-type=\"unstyled\" data-block-weight=\"36\" data-block-id=\"3\">\n<p class=\"content-text__container \" data-track-category=\"Link no Texto\" data-track-links=\"\">Conforme as informa\u00e7\u00f5es do Boletim de Ocorr\u00eancia, uma equipe da Pol\u00edcia Militar realizava patrulhamento pela Avenida Manoel Romeu Caires quando avistou quatro indiv\u00edduos saindo de uma mata e um deles entregou algo para os outros tr\u00eas.<\/p>\n<\/div>\n<div class=\"mc-column content-text active-extra-styles \" style=\"text-align: justify;\" data-block-type=\"unstyled\" data-block-weight=\"6\" data-block-id=\"4\">\n<p class=\"content-text__container \" data-track-category=\"Link no Texto\" data-track-links=\"\">Na rua estavam estacionados dois ve\u00edculos.<\/p>\n<\/div>\n<div class=\"mc-column content-text active-extra-styles \" style=\"text-align: justify;\" data-block-type=\"unstyled\" data-block-weight=\"30\" data-block-id=\"5\">\n<p class=\"content-text__container \" data-track-category=\"Link no Texto\" data-track-links=\"\">Tr\u00eas suspeitos entraram em um dos ve\u00edculos, seguiram rumo \u00e0 Avenida Juscelino Kubitschek de Oliveira, mas foram abordados na Rua Maur\u00edlio Luciano Lopes ap\u00f3s o ve\u00edculo bater em um poste.<\/p>\n<\/div>\n<div class=\"mc-column content-text active-extra-styles \" style=\"text-align: justify;\" data-block-type=\"unstyled\" data-block-weight=\"9\" data-block-id=\"6\">\n<p class=\"content-text__container \" data-track-category=\"Link no Texto\" data-track-links=\"\">Os indiv\u00edduos desembarcaram e sa\u00edram correndo no sentido Centro.<\/p>\n<\/div>\n<div class=\"mc-column content-text active-extra-styles \" style=\"text-align: justify;\" data-block-type=\"unstyled\" data-block-weight=\"49\" data-block-id=\"7\">\n<p class=\"content-text__container \" data-track-category=\"Link no Texto\" data-track-links=\"\">Dois dos suspeitos foram abordados e o terceiro foi localizado por uma equipe de For\u00e7a T\u00e1tica. No momento da fuga, o terceiro indiv\u00edduo caiu, se feriu na testa e foi levado para a Unidade de Pronto Atendimento (UPA) da zona norte. Ele foi liberado da unidade ap\u00f3s ser medicado.<\/p>\n<\/div>\n<div class=\"mc-column content-text active-extra-styles \" style=\"text-align: justify;\" data-block-type=\"unstyled\" data-block-weight=\"21\" data-block-id=\"8\">\n<p class=\"content-text__container \" data-track-category=\"Link no Texto\" data-track-links=\"\">Dentro do carro que eles estavam foram encontrados dois tabletes de maconha, mais alguns peda\u00e7os da mesma droga e um celular.<\/p>\n<\/div>\n<div class=\"mc-column content-text active-extra-styles \" style=\"text-align: justify;\" data-block-type=\"unstyled\" data-block-weight=\"23\" data-block-id=\"9\">\n<p class=\"content-text__container \" data-track-category=\"Link no Texto\" data-track-links=\"\">No trajeto que dois dos suspeitos percorreram, os policiais localizaram R$ 582 jogados no ch\u00e3o, mas nenhum deles assumiu a propriedade do dinheiro.<\/p>\n<\/div>\n<div class=\"mc-column content-text active-extra-styles \" style=\"text-align: justify;\" data-block-type=\"unstyled\" data-block-weight=\"17\" data-block-id=\"10\">\n<p class=\"content-text__container \" data-track-category=\"Link no Texto\" data-track-links=\"\">O quarto suspeito foi localizado por outra equipe policial. Ele estava com R$ 250 e um celular.<\/p>\n<\/div>\n<div class=\"mc-column content-text active-extra-styles \" style=\"text-align: justify;\" data-block-type=\"unstyled\" data-block-weight=\"30\" data-block-id=\"12\">\n<p class=\"content-text__container \" data-track-category=\"Link no Texto\" data-track-links=\"\">Um c\u00e3o de faro da PM foi at\u00e9 o local onde os suspeitos foram vistos e localizou aproximadamente sete quilos de maconha que estavam enterrados e em meio a vegeta\u00e7\u00e3o.<\/p>\n<\/div>\n<div class=\"mc-column content-text active-extra-styles \" style=\"text-align: justify;\" data-block-type=\"unstyled\" data-block-weight=\"24\" data-block-id=\"13\">\n<p class=\"content-text__container \" data-track-category=\"Link no Texto\" data-track-links=\"\">Os quatro suspeitos, de 18, 21 e dois de 23 anos, negaram a propriedade da droga e do dinheiro jogado no caminho da fuga.<\/p>\n<\/div>\n<div class=\"mc-column content-text active-extra-styles \" style=\"text-align: justify;\" data-block-type=\"unstyled\" data-block-weight=\"18\" data-block-id=\"14\">\n<p class=\"content-text__container \" data-track-category=\"Link no Texto\" data-track-links=\"\">Segundo o boletim, alguns dos indiv\u00edduos j\u00e1 possuem passagem por tr\u00e1fico. Eles receberam voz de pris\u00e3o em flagrante.<\/p>\n<\/div>\n<div class=\"mc-column content-text active-extra-styles \" data-block-type=\"unstyled\" data-block-weight=\"20\" data-block-id=\"15\">\n<p class=\"content-text__container \" style=\"text-align: justify;\" data-track-category=\"Link no Texto\" data-track-links=\"\">Os quatro homens permaneceram presos na Delegacia Participativa da Pol\u00edcia Civil at\u00e9 serem apresentados em audi\u00eancia de cust\u00f3dia na Justi\u00e7a.<\/p>\n<p style=\"text-align: justify;\" data-track-category=\"Link no Texto\" data-track-links=\"\"><img loading=\"lazy\" decoding=\"async\" class=\"alignnone size-full wp-image-20694\" src=\"https:\/\/jorgezanoni.com.br\/2019\/wp-content\/uploads\/2020\/03\/suspeitos1.jpeg\" alt=\"\" width=\"640\" height=\"501\" srcset=\"https:\/\/jorgezanoni.com.br\/2019\/wp-content\/uploads\/2020\/03\/suspeitos1.jpeg 640w, https:\/\/jorgezanoni.com.br\/2019\/wp-content\/uploads\/2020\/03\/suspeitos1-300x235.jpeg 300w, https:\/\/jorgezanoni.com.br\/2019\/wp-content\/uploads\/2020\/03\/suspeitos1-537x420.jpeg 537w\" sizes=\"auto, (max-width: 640px) 100vw, 640px\" \/> <img loading=\"lazy\" decoding=\"async\" class=\"alignnone size-full wp-image-20695\" src=\"https:\/\/jorgezanoni.com.br\/2019\/wp-content\/uploads\/2020\/03\/suspeitos2.jpeg\" alt=\"\" width=\"640\" height=\"360\" srcset=\"https:\/\/jorgezanoni.com.br\/2019\/wp-content\/uploads\/2020\/03\/suspeitos2.jpeg 640w, https:\/\/jorgezanoni.com.br\/2019\/wp-content\/uploads\/2020\/03\/suspeitos2-300x169.jpeg 300w\" sizes=\"auto, (max-width: 640px) 100vw, 640px\" \/><\/p>\n<p style=\"text-align: justify;\" data-track-category=\"Link no Texto\" data-track-links=\"\">Drogas foram localizadas no Jardim Humberto Salvador, em Presidente Prudente \u2014 Foto: Pol\u00edcia Militar<\/p>\n<p style=\"text-align: justify;\" data-track-category=\"Link no Texto\" data-track-links=\"\">Fonte: G1<\/p>\n<\/div>\n<div class=\"row medium-uncollapsed content-media content-photo\" data-block-type=\"backstage-photo\" data-block-id=\"16\">\n<div class=\"mc-column content-media__container\">\n<div class=\"progressive-img can-open-lightbox\" data-min-size=\"1008x789\" data-min-size-url=\"https:\/\/s2.glbimg.com\/TNtm-3q5GEwYfeo9FiEUCFWMIVc=\/0x478:960x1230\/1008x0\/smart\/filters:strip_icc()\/i.s3.glbimg.com\/v1\/AUTH_59edd422c0c84a879bd37670ae4f538a\/internal_photos\/bs\/2020\/e\/k\/7gKcDrTMiiwVMtnOCW3w\/whatsapp-image-2020-03-08-at-11.15.13.jpeg\" data-max-size=\"1600x1253\" data-max-size-url=\"https:\/\/s2.glbimg.com\/k1mTFPryfnSZGEc0cypOAB4Ip3Q=\/0x478:960x1230\/1600x0\/smart\/filters:strip_icc()\/i.s3.glbimg.com\/v1\/AUTH_59edd422c0c84a879bd37670ae4f538a\/internal_photos\/bs\/2020\/e\/k\/7gKcDrTMiiwVMtnOCW3w\/whatsapp-image-2020-03-08-at-11.15.13.jpeg\" data-media-index=\"1\"><\/div>\n<\/div>\n<\/div>\n<\/div>\n","protected":false},"excerpt":{"rendered":"<p>Indiv\u00edduos tentaram fugir com o autom\u00f3vel ap\u00f3s pegarem o entorpecente em uma mata no Jardim Humberto Salvador. Caso foi registrado na Delegacia Participativa da Pol\u00edcia Civil. Quatro homens foram presos em flagrante por tr\u00e1fico de drogas e associa\u00e7\u00e3o na noite deste s\u00e1bado (7), no Jardim Humberto Salvador, em\u00a0Presidente Prudente. Conforme as informa\u00e7\u00f5es do Boletim de [&hellip;]<\/p>\n","protected":false},"author":1,"featured_media":20693,"comment_status":"closed","ping_status":"open","sticky":false,"template":"","format":"standard","meta":{"footnotes":""},"categories":[170,110,2],"tags":[],"class_list":["post-20692","post","type-post","status-publish","format-standard","has-post-thumbnail","hentry","category-acidentes","category-noticiasdestaque","category-policial"],"_links":{"self":[{"href":"https:\/\/jorgezanoni.com.br\/2019\/wp-json\/wp\/v2\/posts\/20692","targetHints":{"allow":["GET"]}}],"collection":[{"href":"https:\/\/jorgezanoni.com.br\/2019\/wp-json\/wp\/v2\/posts"}],"about":[{"href":"https:\/\/jorgezanoni.com.br\/2019\/wp-json\/wp\/v2\/types\/post"}],"author":[{"embeddable":true,"href":"https:\/\/jorgezanoni.com.br\/2019\/wp-json\/wp\/v2\/users\/1"}],"replies":[{"embeddable":true,"href":"https:\/\/jorgezanoni.com.br\/2019\/wp-json\/wp\/v2\/comments?post=20692"}],"version-history":[{"count":0,"href":"https:\/\/jorgezanoni.com.br\/2019\/wp-json\/wp\/v2\/posts\/20692\/revisions"}],"wp:featuredmedia":[{"embeddable":true,"href":"https:\/\/jorgezanoni.com.br\/2019\/wp-json\/wp\/v2\/media\/20693"}],"wp:attachment":[{"href":"https:\/\/jorgezanoni.com.br\/2019\/wp-json\/wp\/v2\/media?parent=20692"}],"wp:term":[{"taxonomy":"category","embeddable":true,"href":"https:\/\/jorgezanoni.com.br\/2019\/wp-json\/wp\/v2\/categories?post=20692"},{"taxonomy":"post_tag","embeddable":true,"href":"https:\/\/jorgezanoni.com.br\/2019\/wp-json\/wp\/v2\/tags?post=20692"}],"curies":[{"name":"wp","href":"https:\/\/api.w.org\/{rel}","templated":true}]}}