{"id":20683,"date":"2020-03-08T18:48:21","date_gmt":"2020-03-08T18:48:21","guid":{"rendered":"https:\/\/jorgezanoni.com.br\/2019\/?p=20683"},"modified":"2020-03-08T18:48:21","modified_gmt":"2020-03-08T18:48:21","slug":"carreta-com-carga-de-amendoim-tomba-na-sp-294","status":"publish","type":"post","link":"https:\/\/jorgezanoni.com.br\/2019\/carreta-com-carga-de-amendoim-tomba-na-sp-294\/","title":{"rendered":"Carreta com carga de amendoim tomba na SP-294"},"content":{"rendered":"<p style=\"text-align: justify;\">Uma carreta carregada com amendoim tombou no in\u00edcio da tarde desta quinta-feira (05) em um dos trevos de acesso a Hercul\u00e2ndia. O acidente ocorreu por volta das 12h.<\/p>\n<p style=\"text-align: justify;\">Segundo apurado, o condutor seguia com o ve\u00edculo com placas de Tup\u00e3 pela Rodovia Comandante Jo\u00e3o Ribeiro de Barros, SP- 294, no sentindo Quintana para Tup\u00e3, quando ao contornar a rotat\u00f3ria de acesso da cidade Hercul\u00e2ndia tombou derramando parte da carga de amendoim sobre o acostamento.<\/p>\n<p><img loading=\"lazy\" decoding=\"async\" class=\"alignnone size-full wp-image-20684\" src=\"https:\/\/jorgezanoni.com.br\/2019\/wp-content\/uploads\/2020\/03\/carreta-2.jpg\" alt=\"\" width=\"660\" height=\"371\" srcset=\"https:\/\/jorgezanoni.com.br\/2019\/wp-content\/uploads\/2020\/03\/carreta-2.jpg 660w, https:\/\/jorgezanoni.com.br\/2019\/wp-content\/uploads\/2020\/03\/carreta-2-300x169.jpg 300w\" sizes=\"auto, (max-width: 660px) 100vw, 660px\" \/><\/p>\n<p style=\"text-align: justify;\">O motorista teve ferimentos leves e foi socorrido pelo Resgate do Corpo de Bombeiros de Tup\u00e3 para o hospital S\u00e3o Jos\u00e9 de Hercul\u00e2ndia.<\/p>\n<p style=\"text-align: justify;\">A Pol\u00edcia Militar Rodovi\u00e1ria esteve no local para registro da ocorr\u00eancia, o motivo do acidente ser\u00e1 apurado. \u00a0Agentes do DER auxiliaram na sinaliza\u00e7\u00e3o da pista.<\/p>\n<p style=\"text-align: justify;\">Fonte: Tup\u00e3 Not\u00edcias)<\/p>\n","protected":false},"excerpt":{"rendered":"<p>Uma carreta carregada com amendoim tombou no in\u00edcio da tarde desta quinta-feira (05) em um dos trevos de acesso a Hercul\u00e2ndia. O acidente ocorreu por volta das 12h. Segundo apurado, o condutor seguia com o ve\u00edculo com placas de Tup\u00e3 pela Rodovia Comandante Jo\u00e3o Ribeiro de Barros, SP- 294, no sentindo Quintana para Tup\u00e3, quando [&hellip;]<\/p>\n","protected":false},"author":1,"featured_media":20685,"comment_status":"closed","ping_status":"open","sticky":false,"template":"","format":"standard","meta":{"footnotes":""},"categories":[170,110],"tags":[],"class_list":["post-20683","post","type-post","status-publish","format-standard","has-post-thumbnail","hentry","category-acidentes","category-noticiasdestaque"],"_links":{"self":[{"href":"https:\/\/jorgezanoni.com.br\/2019\/wp-json\/wp\/v2\/posts\/20683","targetHints":{"allow":["GET"]}}],"collection":[{"href":"https:\/\/jorgezanoni.com.br\/2019\/wp-json\/wp\/v2\/posts"}],"about":[{"href":"https:\/\/jorgezanoni.com.br\/2019\/wp-json\/wp\/v2\/types\/post"}],"author":[{"embeddable":true,"href":"https:\/\/jorgezanoni.com.br\/2019\/wp-json\/wp\/v2\/users\/1"}],"replies":[{"embeddable":true,"href":"https:\/\/jorgezanoni.com.br\/2019\/wp-json\/wp\/v2\/comments?post=20683"}],"version-history":[{"count":0,"href":"https:\/\/jorgezanoni.com.br\/2019\/wp-json\/wp\/v2\/posts\/20683\/revisions"}],"wp:featuredmedia":[{"embeddable":true,"href":"https:\/\/jorgezanoni.com.br\/2019\/wp-json\/wp\/v2\/media\/20685"}],"wp:attachment":[{"href":"https:\/\/jorgezanoni.com.br\/2019\/wp-json\/wp\/v2\/media?parent=20683"}],"wp:term":[{"taxonomy":"category","embeddable":true,"href":"https:\/\/jorgezanoni.com.br\/2019\/wp-json\/wp\/v2\/categories?post=20683"},{"taxonomy":"post_tag","embeddable":true,"href":"https:\/\/jorgezanoni.com.br\/2019\/wp-json\/wp\/v2\/tags?post=20683"}],"curies":[{"name":"wp","href":"https:\/\/api.w.org\/{rel}","templated":true}]}}