{"id":20677,"date":"2020-03-08T18:12:20","date_gmt":"2020-03-08T18:12:20","guid":{"rendered":"https:\/\/jorgezanoni.com.br\/2019\/?p=20677"},"modified":"2020-03-08T18:12:20","modified_gmt":"2020-03-08T18:12:20","slug":"prefeitura-de-irapuru-e-alvo-de-roubo-e-vigia-foi-agredido-por-criminosos","status":"publish","type":"post","link":"https:\/\/jorgezanoni.com.br\/2019\/prefeitura-de-irapuru-e-alvo-de-roubo-e-vigia-foi-agredido-por-criminosos\/","title":{"rendered":"Prefeitura de Irapuru \u00e9 alvo de roubo e vigia foi agredido por criminosos"},"content":{"rendered":"<p style=\"text-align: justify;\"><strong>A Prefeitura de Irapuru foi alvo de um roubo na madrugada deste s\u00e1bado (7).<\/strong><\/p>\n<p>De acordo com as primeiras informa\u00e7\u00f5es levantadas pela reportagem do site e jornal Folha Regional, os criminosos agiram no local por volta da 1h, na parte externa do pr\u00e9dio, renderam o vigilante que tem 54 anos de idade e que foi amarrado e agredido. Eles teriam ficado por cerca de uma hora no local dos fatos.<\/p>\n<p style=\"text-align: justify;\"><img loading=\"lazy\" decoding=\"async\" class=\"alignnone size-full wp-image-20678\" src=\"https:\/\/jorgezanoni.com.br\/2019\/wp-content\/uploads\/2020\/03\/prefeitura1.jpg\" alt=\"\" width=\"960\" height=\"708\" srcset=\"https:\/\/jorgezanoni.com.br\/2019\/wp-content\/uploads\/2020\/03\/prefeitura1.jpg 960w, https:\/\/jorgezanoni.com.br\/2019\/wp-content\/uploads\/2020\/03\/prefeitura1-300x221.jpg 300w, https:\/\/jorgezanoni.com.br\/2019\/wp-content\/uploads\/2020\/03\/prefeitura1-768x566.jpg 768w, https:\/\/jorgezanoni.com.br\/2019\/wp-content\/uploads\/2020\/03\/prefeitura1-80x60.jpg 80w, https:\/\/jorgezanoni.com.br\/2019\/wp-content\/uploads\/2020\/03\/prefeitura1-696x513.jpg 696w, https:\/\/jorgezanoni.com.br\/2019\/wp-content\/uploads\/2020\/03\/prefeitura1-569x420.jpg 569w\" sizes=\"auto, (max-width: 960px) 100vw, 960px\" \/>Ap\u00f3s as agress\u00f5es e roubo de um celular e rel\u00f3gio do funcion\u00e1rio, os assaltantes teriam adentrado as depend\u00eancias do Pa\u00e7o Municipal onde tentaram acessar o cofre, por\u00e9m, sem sucesso.<\/p>\n<p>Em outra sala do pr\u00e9dio, os indiv\u00edduos teriam subtra\u00eddo cerca de R$ 140 em dinheiro.<\/p>\n<p>Eles teriam utilizado um ve\u00edculo de cor preta, eram magros, altos e de cor negra.<\/p>\n<p style=\"text-align: justify;\"><img loading=\"lazy\" decoding=\"async\" class=\"alignnone size-full wp-image-20679\" src=\"https:\/\/jorgezanoni.com.br\/2019\/wp-content\/uploads\/2020\/03\/prefeitura2.jpg\" alt=\"\" width=\"960\" height=\"720\" srcset=\"https:\/\/jorgezanoni.com.br\/2019\/wp-content\/uploads\/2020\/03\/prefeitura2.jpg 960w, https:\/\/jorgezanoni.com.br\/2019\/wp-content\/uploads\/2020\/03\/prefeitura2-300x225.jpg 300w, https:\/\/jorgezanoni.com.br\/2019\/wp-content\/uploads\/2020\/03\/prefeitura2-768x576.jpg 768w, https:\/\/jorgezanoni.com.br\/2019\/wp-content\/uploads\/2020\/03\/prefeitura2-80x60.jpg 80w, https:\/\/jorgezanoni.com.br\/2019\/wp-content\/uploads\/2020\/03\/prefeitura2-265x198.jpg 265w, https:\/\/jorgezanoni.com.br\/2019\/wp-content\/uploads\/2020\/03\/prefeitura2-696x522.jpg 696w, https:\/\/jorgezanoni.com.br\/2019\/wp-content\/uploads\/2020\/03\/prefeitura2-560x420.jpg 560w\" sizes=\"auto, (max-width: 960px) 100vw, 960px\" \/>As Pol\u00edcias Civil e Militar foram acionadas e compareceram ao local. A Pol\u00edcia Cient\u00edfica realizou a per\u00edcia coletando dados e fotos que v\u00e3o fazer parte de um laudo compondo \u00a0inqu\u00e9rito policial.<\/p>\n<p>O vigia que foi atingido por um golpe de objeto que aparentava ser uma barra de ferro na cabe\u00e7a e segue internado sob cuidados m\u00e9dicos.<\/p>\n<p style=\"text-align: justify;\"><img loading=\"lazy\" decoding=\"async\" class=\"alignnone size-full wp-image-20680\" src=\"https:\/\/jorgezanoni.com.br\/2019\/wp-content\/uploads\/2020\/03\/prefeitura3.jpg\" alt=\"\" width=\"960\" height=\"720\" srcset=\"https:\/\/jorgezanoni.com.br\/2019\/wp-content\/uploads\/2020\/03\/prefeitura3.jpg 960w, https:\/\/jorgezanoni.com.br\/2019\/wp-content\/uploads\/2020\/03\/prefeitura3-300x225.jpg 300w, https:\/\/jorgezanoni.com.br\/2019\/wp-content\/uploads\/2020\/03\/prefeitura3-768x576.jpg 768w, https:\/\/jorgezanoni.com.br\/2019\/wp-content\/uploads\/2020\/03\/prefeitura3-80x60.jpg 80w, https:\/\/jorgezanoni.com.br\/2019\/wp-content\/uploads\/2020\/03\/prefeitura3-265x198.jpg 265w, https:\/\/jorgezanoni.com.br\/2019\/wp-content\/uploads\/2020\/03\/prefeitura3-696x522.jpg 696w, https:\/\/jorgezanoni.com.br\/2019\/wp-content\/uploads\/2020\/03\/prefeitura3-560x420.jpg 560w\" sizes=\"auto, (max-width: 960px) 100vw, 960px\" \/>Tentamos contato telef\u00f4nico com a Prefeitura, por\u00e9m, n\u00e3o obtivemos retorno.<\/p>\n<p>Nossa reportagem segue acompanhando esta ocorr\u00eancia e maiores informa\u00e7\u00f5es bem como a atualiza\u00e7\u00e3o desta mat\u00e9ria podem ocorrer a qualquer momento.<\/p>\n<p style=\"text-align: justify;\">Fonte: Folha Regional<\/p>\n","protected":false},"excerpt":{"rendered":"<p>A Prefeitura de Irapuru foi alvo de um roubo na madrugada deste s\u00e1bado (7). De acordo com as primeiras informa\u00e7\u00f5es levantadas pela reportagem do site e jornal Folha Regional, os criminosos agiram no local por volta da 1h, na parte externa do pr\u00e9dio, renderam o vigilante que tem 54 anos de idade e que foi [&hellip;]<\/p>\n","protected":false},"author":1,"featured_media":20681,"comment_status":"closed","ping_status":"open","sticky":false,"template":"","format":"standard","meta":{"footnotes":""},"categories":[110,2],"tags":[],"class_list":["post-20677","post","type-post","status-publish","format-standard","has-post-thumbnail","hentry","category-noticiasdestaque","category-policial"],"_links":{"self":[{"href":"https:\/\/jorgezanoni.com.br\/2019\/wp-json\/wp\/v2\/posts\/20677","targetHints":{"allow":["GET"]}}],"collection":[{"href":"https:\/\/jorgezanoni.com.br\/2019\/wp-json\/wp\/v2\/posts"}],"about":[{"href":"https:\/\/jorgezanoni.com.br\/2019\/wp-json\/wp\/v2\/types\/post"}],"author":[{"embeddable":true,"href":"https:\/\/jorgezanoni.com.br\/2019\/wp-json\/wp\/v2\/users\/1"}],"replies":[{"embeddable":true,"href":"https:\/\/jorgezanoni.com.br\/2019\/wp-json\/wp\/v2\/comments?post=20677"}],"version-history":[{"count":0,"href":"https:\/\/jorgezanoni.com.br\/2019\/wp-json\/wp\/v2\/posts\/20677\/revisions"}],"wp:featuredmedia":[{"embeddable":true,"href":"https:\/\/jorgezanoni.com.br\/2019\/wp-json\/wp\/v2\/media\/20681"}],"wp:attachment":[{"href":"https:\/\/jorgezanoni.com.br\/2019\/wp-json\/wp\/v2\/media?parent=20677"}],"wp:term":[{"taxonomy":"category","embeddable":true,"href":"https:\/\/jorgezanoni.com.br\/2019\/wp-json\/wp\/v2\/categories?post=20677"},{"taxonomy":"post_tag","embeddable":true,"href":"https:\/\/jorgezanoni.com.br\/2019\/wp-json\/wp\/v2\/tags?post=20677"}],"curies":[{"name":"wp","href":"https:\/\/api.w.org\/{rel}","templated":true}]}}