{"id":2063,"date":"2019-07-25T15:53:20","date_gmt":"2019-07-25T15:53:20","guid":{"rendered":"http:\/\/jorgezanoni.com.br\/2019\/?p=2063"},"modified":"2019-07-25T15:53:20","modified_gmt":"2019-07-25T15:53:20","slug":"senhora-centenaria-moradora-de-pauliceia-necessita-de-uma-cadeira-de-rodas","status":"publish","type":"post","link":"https:\/\/jorgezanoni.com.br\/2019\/senhora-centenaria-moradora-de-pauliceia-necessita-de-uma-cadeira-de-rodas\/","title":{"rendered":"Senhora centen\u00e1ria moradora de Paulic\u00e9ia necessita de uma Cadeira de Rodas"},"content":{"rendered":"<p style=\"text-align: justify;\">Uma vov\u00f3zinha centen\u00e1ria muito querida e humilde na cidade de Paulic\u00e9ia precisou fazer uma amputa\u00e7\u00e3o em umas das pernas. Por favor, quem puder doar ou emprestar uma cadeira de rodas para este amor de ser, agradecemos muito!<\/p>\n<p style=\"text-align: justify;\">\u00c9 a senhora Maria Vieira de Souza, nascida em 07\/09\/1925, Mmradora na avenida Ezequiel Joaquim de Oliveira, n\u00b0 106 em Pauliceia, portadora do CPF 158761738-27.<\/p>\n<p style=\"text-align: justify;\">Ap\u00f3s uma trombose vascular precisou passar por amputa\u00e7\u00e3o da perna esquerda no dia, e pelo fato de estar s\u00f3 deitada est\u00e1 com escara no c\u00f3ccix.<\/p>\n<p style=\"text-align: justify;\">\u00c9 de fam\u00edlia muito humilde e n\u00e3o tem nem conv\u00eanio com a funer\u00e1ria pra conseguir uma cadeira dessas, que no caso s\u00f3 emprestaria por 30 dias. Quem puder colaborar favor entrar em contato com o Cel.\u00a0(18) 981071242 &#8211; falar com Simoni.<\/p>\n","protected":false},"excerpt":{"rendered":"<p>Uma vov\u00f3zinha centen\u00e1ria muito querida e humilde na cidade de Paulic\u00e9ia precisou fazer uma amputa\u00e7\u00e3o em umas das pernas. Por favor, quem puder doar ou emprestar uma cadeira de rodas para este amor de ser, agradecemos muito! \u00c9 a senhora Maria Vieira de Souza, nascida em 07\/09\/1925, Mmradora na avenida Ezequiel Joaquim de Oliveira, n\u00b0 [&hellip;]<\/p>\n","protected":false},"author":1,"featured_media":2064,"comment_status":"open","ping_status":"open","sticky":false,"template":"","format":"standard","meta":{"footnotes":""},"categories":[110],"tags":[],"class_list":["post-2063","post","type-post","status-publish","format-standard","has-post-thumbnail","hentry","category-noticiasdestaque"],"_links":{"self":[{"href":"https:\/\/jorgezanoni.com.br\/2019\/wp-json\/wp\/v2\/posts\/2063","targetHints":{"allow":["GET"]}}],"collection":[{"href":"https:\/\/jorgezanoni.com.br\/2019\/wp-json\/wp\/v2\/posts"}],"about":[{"href":"https:\/\/jorgezanoni.com.br\/2019\/wp-json\/wp\/v2\/types\/post"}],"author":[{"embeddable":true,"href":"https:\/\/jorgezanoni.com.br\/2019\/wp-json\/wp\/v2\/users\/1"}],"replies":[{"embeddable":true,"href":"https:\/\/jorgezanoni.com.br\/2019\/wp-json\/wp\/v2\/comments?post=2063"}],"version-history":[{"count":0,"href":"https:\/\/jorgezanoni.com.br\/2019\/wp-json\/wp\/v2\/posts\/2063\/revisions"}],"wp:featuredmedia":[{"embeddable":true,"href":"https:\/\/jorgezanoni.com.br\/2019\/wp-json\/wp\/v2\/media\/2064"}],"wp:attachment":[{"href":"https:\/\/jorgezanoni.com.br\/2019\/wp-json\/wp\/v2\/media?parent=2063"}],"wp:term":[{"taxonomy":"category","embeddable":true,"href":"https:\/\/jorgezanoni.com.br\/2019\/wp-json\/wp\/v2\/categories?post=2063"},{"taxonomy":"post_tag","embeddable":true,"href":"https:\/\/jorgezanoni.com.br\/2019\/wp-json\/wp\/v2\/tags?post=2063"}],"curies":[{"name":"wp","href":"https:\/\/api.w.org\/{rel}","templated":true}]}}