{"id":20611,"date":"2020-03-08T12:55:21","date_gmt":"2020-03-08T12:55:21","guid":{"rendered":"https:\/\/jorgezanoni.com.br\/2019\/?p=20611"},"modified":"2020-03-08T17:19:02","modified_gmt":"2020-03-08T17:19:02","slug":"aniversariantes-do-dia-08-03-20","status":"publish","type":"post","link":"https:\/\/jorgezanoni.com.br\/2019\/aniversariantes-do-dia-08-03-20\/","title":{"rendered":"Aniversariantes do Dia 08\/03\/20"},"content":{"rendered":"<p>PARABENIZAMOS OS ANIVERSARIANTES DE HOJE:<\/p>\n<p><img loading=\"lazy\" decoding=\"async\" class=\"alignnone size-full wp-image-20612\" src=\"https:\/\/jorgezanoni.com.br\/2019\/wp-content\/uploads\/2020\/03\/Am\u00e9lia-Brianes.jpg\" alt=\"\" width=\"960\" height=\"960\" srcset=\"https:\/\/jorgezanoni.com.br\/2019\/wp-content\/uploads\/2020\/03\/Am\u00e9lia-Brianes.jpg 960w, https:\/\/jorgezanoni.com.br\/2019\/wp-content\/uploads\/2020\/03\/Am\u00e9lia-Brianes-150x150.jpg 150w, https:\/\/jorgezanoni.com.br\/2019\/wp-content\/uploads\/2020\/03\/Am\u00e9lia-Brianes-300x300.jpg 300w, https:\/\/jorgezanoni.com.br\/2019\/wp-content\/uploads\/2020\/03\/Am\u00e9lia-Brianes-768x768.jpg 768w, https:\/\/jorgezanoni.com.br\/2019\/wp-content\/uploads\/2020\/03\/Am\u00e9lia-Brianes-696x696.jpg 696w, https:\/\/jorgezanoni.com.br\/2019\/wp-content\/uploads\/2020\/03\/Am\u00e9lia-Brianes-420x420.jpg 420w\" sizes=\"auto, (max-width: 960px) 100vw, 960px\" \/>Am\u00e9lia Brianes<\/p>\n<p><img loading=\"lazy\" decoding=\"async\" class=\"alignnone size-full wp-image-20635\" src=\"https:\/\/jorgezanoni.com.br\/2019\/wp-content\/uploads\/2020\/03\/Anaisa-Montrezol.jpg\" alt=\"\" width=\"960\" height=\"960\" srcset=\"https:\/\/jorgezanoni.com.br\/2019\/wp-content\/uploads\/2020\/03\/Anaisa-Montrezol.jpg 960w, https:\/\/jorgezanoni.com.br\/2019\/wp-content\/uploads\/2020\/03\/Anaisa-Montrezol-150x150.jpg 150w, https:\/\/jorgezanoni.com.br\/2019\/wp-content\/uploads\/2020\/03\/Anaisa-Montrezol-300x300.jpg 300w, https:\/\/jorgezanoni.com.br\/2019\/wp-content\/uploads\/2020\/03\/Anaisa-Montrezol-768x768.jpg 768w, https:\/\/jorgezanoni.com.br\/2019\/wp-content\/uploads\/2020\/03\/Anaisa-Montrezol-696x696.jpg 696w, https:\/\/jorgezanoni.com.br\/2019\/wp-content\/uploads\/2020\/03\/Anaisa-Montrezol-420x420.jpg 420w\" sizes=\"auto, (max-width: 960px) 100vw, 960px\" \/>Anaisa Montrezol<\/p>\n<p><img loading=\"lazy\" decoding=\"async\" class=\"alignnone size-full wp-image-20613\" src=\"https:\/\/jorgezanoni.com.br\/2019\/wp-content\/uploads\/2020\/03\/C\u00e9lia-Vieira.jpg\" alt=\"\" width=\"540\" height=\"540\" srcset=\"https:\/\/jorgezanoni.com.br\/2019\/wp-content\/uploads\/2020\/03\/C\u00e9lia-Vieira.jpg 540w, https:\/\/jorgezanoni.com.br\/2019\/wp-content\/uploads\/2020\/03\/C\u00e9lia-Vieira-150x150.jpg 150w, https:\/\/jorgezanoni.com.br\/2019\/wp-content\/uploads\/2020\/03\/C\u00e9lia-Vieira-300x300.jpg 300w, https:\/\/jorgezanoni.com.br\/2019\/wp-content\/uploads\/2020\/03\/C\u00e9lia-Vieira-420x420.jpg 420w\" sizes=\"auto, (max-width: 540px) 100vw, 540px\" \/> C\u00e9lia Vieira<\/p>\n<p><img loading=\"lazy\" decoding=\"async\" class=\"alignnone size-full wp-image-20614\" src=\"https:\/\/jorgezanoni.com.br\/2019\/wp-content\/uploads\/2020\/03\/Claudio-Geisa-Antonio.jpg\" alt=\"\" width=\"960\" height=\"720\" srcset=\"https:\/\/jorgezanoni.com.br\/2019\/wp-content\/uploads\/2020\/03\/Claudio-Geisa-Antonio.jpg 960w, https:\/\/jorgezanoni.com.br\/2019\/wp-content\/uploads\/2020\/03\/Claudio-Geisa-Antonio-300x225.jpg 300w, https:\/\/jorgezanoni.com.br\/2019\/wp-content\/uploads\/2020\/03\/Claudio-Geisa-Antonio-768x576.jpg 768w, https:\/\/jorgezanoni.com.br\/2019\/wp-content\/uploads\/2020\/03\/Claudio-Geisa-Antonio-80x60.jpg 80w, https:\/\/jorgezanoni.com.br\/2019\/wp-content\/uploads\/2020\/03\/Claudio-Geisa-Antonio-265x198.jpg 265w, https:\/\/jorgezanoni.com.br\/2019\/wp-content\/uploads\/2020\/03\/Claudio-Geisa-Antonio-696x522.jpg 696w, https:\/\/jorgezanoni.com.br\/2019\/wp-content\/uploads\/2020\/03\/Claudio-Geisa-Antonio-560x420.jpg 560w\" sizes=\"auto, (max-width: 960px) 100vw, 960px\" \/>Claudio Geisa Antonio<\/p>\n<p><img loading=\"lazy\" decoding=\"async\" class=\"alignnone size-full wp-image-20615\" src=\"https:\/\/jorgezanoni.com.br\/2019\/wp-content\/uploads\/2020\/03\/Edson-Augusto-Andreo.jpg\" alt=\"\" width=\"325\" height=\"425\" srcset=\"https:\/\/jorgezanoni.com.br\/2019\/wp-content\/uploads\/2020\/03\/Edson-Augusto-Andreo.jpg 325w, https:\/\/jorgezanoni.com.br\/2019\/wp-content\/uploads\/2020\/03\/Edson-Augusto-Andreo-229x300.jpg 229w, https:\/\/jorgezanoni.com.br\/2019\/wp-content\/uploads\/2020\/03\/Edson-Augusto-Andreo-321x420.jpg 321w\" sizes=\"auto, (max-width: 325px) 100vw, 325px\" \/> Edson Augusto Andreo<\/p>\n<p><img loading=\"lazy\" decoding=\"async\" class=\"alignnone size-full wp-image-20616\" src=\"https:\/\/jorgezanoni.com.br\/2019\/wp-content\/uploads\/2020\/03\/Fabio-Rodrigues-de-Campos.jpg\" alt=\"\" width=\"720\" height=\"720\" srcset=\"https:\/\/jorgezanoni.com.br\/2019\/wp-content\/uploads\/2020\/03\/Fabio-Rodrigues-de-Campos.jpg 720w, https:\/\/jorgezanoni.com.br\/2019\/wp-content\/uploads\/2020\/03\/Fabio-Rodrigues-de-Campos-150x150.jpg 150w, https:\/\/jorgezanoni.com.br\/2019\/wp-content\/uploads\/2020\/03\/Fabio-Rodrigues-de-Campos-300x300.jpg 300w, https:\/\/jorgezanoni.com.br\/2019\/wp-content\/uploads\/2020\/03\/Fabio-Rodrigues-de-Campos-696x696.jpg 696w, https:\/\/jorgezanoni.com.br\/2019\/wp-content\/uploads\/2020\/03\/Fabio-Rodrigues-de-Campos-420x420.jpg 420w\" sizes=\"auto, (max-width: 720px) 100vw, 720px\" \/>F\u00e1bio Rodrigues de Campos<\/p>\n<p><img loading=\"lazy\" decoding=\"async\" class=\"alignnone size-full wp-image-20668\" src=\"https:\/\/jorgezanoni.com.br\/2019\/wp-content\/uploads\/2020\/03\/felipe.jpg\" alt=\"\" width=\"959\" height=\"1280\" srcset=\"https:\/\/jorgezanoni.com.br\/2019\/wp-content\/uploads\/2020\/03\/felipe.jpg 959w, https:\/\/jorgezanoni.com.br\/2019\/wp-content\/uploads\/2020\/03\/felipe-225x300.jpg 225w, https:\/\/jorgezanoni.com.br\/2019\/wp-content\/uploads\/2020\/03\/felipe-768x1025.jpg 768w, https:\/\/jorgezanoni.com.br\/2019\/wp-content\/uploads\/2020\/03\/felipe-767x1024.jpg 767w, https:\/\/jorgezanoni.com.br\/2019\/wp-content\/uploads\/2020\/03\/felipe-696x929.jpg 696w, https:\/\/jorgezanoni.com.br\/2019\/wp-content\/uploads\/2020\/03\/felipe-315x420.jpg 315w\" sizes=\"auto, (max-width: 959px) 100vw, 959px\" \/>Felipe Lima Fernandes (1\u00ba aninho) com o pai Wanderlei<\/p>\n<p><img loading=\"lazy\" decoding=\"async\" class=\"alignnone size-full wp-image-20617\" src=\"https:\/\/jorgezanoni.com.br\/2019\/wp-content\/uploads\/2020\/03\/Francisco-Torturello.jpg\" alt=\"\" width=\"960\" height=\"960\" srcset=\"https:\/\/jorgezanoni.com.br\/2019\/wp-content\/uploads\/2020\/03\/Francisco-Torturello.jpg 960w, https:\/\/jorgezanoni.com.br\/2019\/wp-content\/uploads\/2020\/03\/Francisco-Torturello-150x150.jpg 150w, https:\/\/jorgezanoni.com.br\/2019\/wp-content\/uploads\/2020\/03\/Francisco-Torturello-300x300.jpg 300w, https:\/\/jorgezanoni.com.br\/2019\/wp-content\/uploads\/2020\/03\/Francisco-Torturello-768x768.jpg 768w, https:\/\/jorgezanoni.com.br\/2019\/wp-content\/uploads\/2020\/03\/Francisco-Torturello-696x696.jpg 696w, https:\/\/jorgezanoni.com.br\/2019\/wp-content\/uploads\/2020\/03\/Francisco-Torturello-420x420.jpg 420w\" sizes=\"auto, (max-width: 960px) 100vw, 960px\" \/>Francisco Torturello<\/p>\n<p><img loading=\"lazy\" decoding=\"async\" class=\"alignnone size-full wp-image-20618\" src=\"https:\/\/jorgezanoni.com.br\/2019\/wp-content\/uploads\/2020\/03\/Helio-Rond\u00e3o-Gutierres.jpg\" alt=\"\" width=\"540\" height=\"540\" srcset=\"https:\/\/jorgezanoni.com.br\/2019\/wp-content\/uploads\/2020\/03\/Helio-Rond\u00e3o-Gutierres.jpg 540w, https:\/\/jorgezanoni.com.br\/2019\/wp-content\/uploads\/2020\/03\/Helio-Rond\u00e3o-Gutierres-150x150.jpg 150w, https:\/\/jorgezanoni.com.br\/2019\/wp-content\/uploads\/2020\/03\/Helio-Rond\u00e3o-Gutierres-300x300.jpg 300w, https:\/\/jorgezanoni.com.br\/2019\/wp-content\/uploads\/2020\/03\/Helio-Rond\u00e3o-Gutierres-420x420.jpg 420w\" sizes=\"auto, (max-width: 540px) 100vw, 540px\" \/><\/p>\n<p>H\u00e9lio Rond\u00e3o Gutierres<\/p>\n<p><img loading=\"lazy\" decoding=\"async\" class=\"alignnone size-full wp-image-20619\" src=\"https:\/\/jorgezanoni.com.br\/2019\/wp-content\/uploads\/2020\/03\/Islei-Alcasas.jpg\" alt=\"\" width=\"953\" height=\"960\" srcset=\"https:\/\/jorgezanoni.com.br\/2019\/wp-content\/uploads\/2020\/03\/Islei-Alcasas.jpg 953w, https:\/\/jorgezanoni.com.br\/2019\/wp-content\/uploads\/2020\/03\/Islei-Alcasas-150x150.jpg 150w, https:\/\/jorgezanoni.com.br\/2019\/wp-content\/uploads\/2020\/03\/Islei-Alcasas-298x300.jpg 298w, https:\/\/jorgezanoni.com.br\/2019\/wp-content\/uploads\/2020\/03\/Islei-Alcasas-768x774.jpg 768w, https:\/\/jorgezanoni.com.br\/2019\/wp-content\/uploads\/2020\/03\/Islei-Alcasas-696x701.jpg 696w, https:\/\/jorgezanoni.com.br\/2019\/wp-content\/uploads\/2020\/03\/Islei-Alcasas-417x420.jpg 417w\" sizes=\"auto, (max-width: 953px) 100vw, 953px\" \/>Islei Alcasas<\/p>\n<p><img loading=\"lazy\" decoding=\"async\" class=\"alignnone size-full wp-image-20620\" src=\"https:\/\/jorgezanoni.com.br\/2019\/wp-content\/uploads\/2020\/03\/Luciana-Gibotti-Meirelles.jpg\" alt=\"\" width=\"960\" height=\"640\" srcset=\"https:\/\/jorgezanoni.com.br\/2019\/wp-content\/uploads\/2020\/03\/Luciana-Gibotti-Meirelles.jpg 960w, https:\/\/jorgezanoni.com.br\/2019\/wp-content\/uploads\/2020\/03\/Luciana-Gibotti-Meirelles-300x200.jpg 300w, https:\/\/jorgezanoni.com.br\/2019\/wp-content\/uploads\/2020\/03\/Luciana-Gibotti-Meirelles-768x512.jpg 768w, https:\/\/jorgezanoni.com.br\/2019\/wp-content\/uploads\/2020\/03\/Luciana-Gibotti-Meirelles-696x464.jpg 696w, https:\/\/jorgezanoni.com.br\/2019\/wp-content\/uploads\/2020\/03\/Luciana-Gibotti-Meirelles-630x420.jpg 630w\" sizes=\"auto, (max-width: 960px) 100vw, 960px\" \/>Luciana Gibotti Meirelles<\/p>\n<p><img loading=\"lazy\" decoding=\"async\" class=\"alignnone size-full wp-image-20621\" src=\"https:\/\/jorgezanoni.com.br\/2019\/wp-content\/uploads\/2020\/03\/Marcelo-D.-Mansano.jpg\" alt=\"\" width=\"540\" height=\"960\" srcset=\"https:\/\/jorgezanoni.com.br\/2019\/wp-content\/uploads\/2020\/03\/Marcelo-D.-Mansano.jpg 540w, https:\/\/jorgezanoni.com.br\/2019\/wp-content\/uploads\/2020\/03\/Marcelo-D.-Mansano-169x300.jpg 169w, https:\/\/jorgezanoni.com.br\/2019\/wp-content\/uploads\/2020\/03\/Marcelo-D.-Mansano-236x420.jpg 236w\" sizes=\"auto, (max-width: 540px) 100vw, 540px\" \/><\/p>\n<p>Marcelo D. Mansano<\/p>\n<p><img loading=\"lazy\" decoding=\"async\" class=\"alignnone size-full wp-image-20622\" src=\"https:\/\/jorgezanoni.com.br\/2019\/wp-content\/uploads\/2020\/03\/Renata-Eliza-Fernando-Cardoso.jpg\" alt=\"\" width=\"720\" height=\"960\" srcset=\"https:\/\/jorgezanoni.com.br\/2019\/wp-content\/uploads\/2020\/03\/Renata-Eliza-Fernando-Cardoso.jpg 720w, https:\/\/jorgezanoni.com.br\/2019\/wp-content\/uploads\/2020\/03\/Renata-Eliza-Fernando-Cardoso-225x300.jpg 225w, https:\/\/jorgezanoni.com.br\/2019\/wp-content\/uploads\/2020\/03\/Renata-Eliza-Fernando-Cardoso-696x928.jpg 696w, https:\/\/jorgezanoni.com.br\/2019\/wp-content\/uploads\/2020\/03\/Renata-Eliza-Fernando-Cardoso-315x420.jpg 315w\" sizes=\"auto, (max-width: 720px) 100vw, 720px\" \/>Renata Eliza Fernando Cardoso<\/p>\n<p><img loading=\"lazy\" decoding=\"async\" class=\"alignnone size-full wp-image-20623\" src=\"https:\/\/jorgezanoni.com.br\/2019\/wp-content\/uploads\/2020\/03\/Talita-Garcia.jpg\" alt=\"\" width=\"480\" height=\"480\" srcset=\"https:\/\/jorgezanoni.com.br\/2019\/wp-content\/uploads\/2020\/03\/Talita-Garcia.jpg 480w, https:\/\/jorgezanoni.com.br\/2019\/wp-content\/uploads\/2020\/03\/Talita-Garcia-150x150.jpg 150w, https:\/\/jorgezanoni.com.br\/2019\/wp-content\/uploads\/2020\/03\/Talita-Garcia-300x300.jpg 300w, https:\/\/jorgezanoni.com.br\/2019\/wp-content\/uploads\/2020\/03\/Talita-Garcia-420x420.jpg 420w\" sizes=\"auto, (max-width: 480px) 100vw, 480px\" \/> Talita Garcia<\/p>\n<p><img loading=\"lazy\" decoding=\"async\" class=\"alignnone size-full wp-image-20624\" src=\"https:\/\/jorgezanoni.com.br\/2019\/wp-content\/uploads\/2020\/03\/Valdenir-Frederico.jpg\" alt=\"\" width=\"957\" height=\"960\" srcset=\"https:\/\/jorgezanoni.com.br\/2019\/wp-content\/uploads\/2020\/03\/Valdenir-Frederico.jpg 957w, https:\/\/jorgezanoni.com.br\/2019\/wp-content\/uploads\/2020\/03\/Valdenir-Frederico-150x150.jpg 150w, https:\/\/jorgezanoni.com.br\/2019\/wp-content\/uploads\/2020\/03\/Valdenir-Frederico-300x300.jpg 300w, https:\/\/jorgezanoni.com.br\/2019\/wp-content\/uploads\/2020\/03\/Valdenir-Frederico-768x770.jpg 768w, https:\/\/jorgezanoni.com.br\/2019\/wp-content\/uploads\/2020\/03\/Valdenir-Frederico-696x698.jpg 696w, https:\/\/jorgezanoni.com.br\/2019\/wp-content\/uploads\/2020\/03\/Valdenir-Frederico-419x420.jpg 419w\" sizes=\"auto, (max-width: 957px) 100vw, 957px\" \/>Valdenir Frederico<\/p>\n<p><img loading=\"lazy\" decoding=\"async\" class=\"alignnone size-full wp-image-20625\" src=\"https:\/\/jorgezanoni.com.br\/2019\/wp-content\/uploads\/2020\/03\/Vanessa-Tatiane.jpg\" alt=\"\" width=\"953\" height=\"960\" srcset=\"https:\/\/jorgezanoni.com.br\/2019\/wp-content\/uploads\/2020\/03\/Vanessa-Tatiane.jpg 953w, https:\/\/jorgezanoni.com.br\/2019\/wp-content\/uploads\/2020\/03\/Vanessa-Tatiane-150x150.jpg 150w, https:\/\/jorgezanoni.com.br\/2019\/wp-content\/uploads\/2020\/03\/Vanessa-Tatiane-298x300.jpg 298w, https:\/\/jorgezanoni.com.br\/2019\/wp-content\/uploads\/2020\/03\/Vanessa-Tatiane-768x774.jpg 768w, https:\/\/jorgezanoni.com.br\/2019\/wp-content\/uploads\/2020\/03\/Vanessa-Tatiane-696x701.jpg 696w, https:\/\/jorgezanoni.com.br\/2019\/wp-content\/uploads\/2020\/03\/Vanessa-Tatiane-417x420.jpg 417w\" sizes=\"auto, (max-width: 953px) 100vw, 953px\" \/>Vanessa Tatiane<\/p>\n","protected":false},"excerpt":{"rendered":"<p>PARABENIZAMOS OS ANIVERSARIANTES DE HOJE: Am\u00e9lia Brianes Anaisa Montrezol C\u00e9lia Vieira Claudio Geisa Antonio Edson Augusto Andreo F\u00e1bio Rodrigues de Campos Felipe Lima Fernandes (1\u00ba aninho) com o pai Wanderlei Francisco Torturello H\u00e9lio Rond\u00e3o Gutierres Islei Alcasas Luciana Gibotti Meirelles Marcelo D. Mansano Renata Eliza Fernando Cardoso Talita Garcia Valdenir Frederico Vanessa Tatiane<\/p>\n","protected":false},"author":1,"featured_media":20619,"comment_status":"closed","ping_status":"open","sticky":false,"template":"","format":"standard","meta":{"footnotes":""},"categories":[174],"tags":[],"class_list":["post-20611","post","type-post","status-publish","format-standard","has-post-thumbnail","hentry","category-aniversariantes"],"_links":{"self":[{"href":"https:\/\/jorgezanoni.com.br\/2019\/wp-json\/wp\/v2\/posts\/20611","targetHints":{"allow":["GET"]}}],"collection":[{"href":"https:\/\/jorgezanoni.com.br\/2019\/wp-json\/wp\/v2\/posts"}],"about":[{"href":"https:\/\/jorgezanoni.com.br\/2019\/wp-json\/wp\/v2\/types\/post"}],"author":[{"embeddable":true,"href":"https:\/\/jorgezanoni.com.br\/2019\/wp-json\/wp\/v2\/users\/1"}],"replies":[{"embeddable":true,"href":"https:\/\/jorgezanoni.com.br\/2019\/wp-json\/wp\/v2\/comments?post=20611"}],"version-history":[{"count":0,"href":"https:\/\/jorgezanoni.com.br\/2019\/wp-json\/wp\/v2\/posts\/20611\/revisions"}],"wp:featuredmedia":[{"embeddable":true,"href":"https:\/\/jorgezanoni.com.br\/2019\/wp-json\/wp\/v2\/media\/20619"}],"wp:attachment":[{"href":"https:\/\/jorgezanoni.com.br\/2019\/wp-json\/wp\/v2\/media?parent=20611"}],"wp:term":[{"taxonomy":"category","embeddable":true,"href":"https:\/\/jorgezanoni.com.br\/2019\/wp-json\/wp\/v2\/categories?post=20611"},{"taxonomy":"post_tag","embeddable":true,"href":"https:\/\/jorgezanoni.com.br\/2019\/wp-json\/wp\/v2\/tags?post=20611"}],"curies":[{"name":"wp","href":"https:\/\/api.w.org\/{rel}","templated":true}]}}