{"id":2056,"date":"2019-07-25T13:52:41","date_gmt":"2019-07-25T13:52:41","guid":{"rendered":"http:\/\/jorgezanoni.com.br\/2019\/?p=2056"},"modified":"2019-07-25T13:52:41","modified_gmt":"2019-07-25T13:52:41","slug":"policia-civil-instaura-inquerito-para-apurar-morte-de-mulher-em-dracena","status":"publish","type":"post","link":"https:\/\/jorgezanoni.com.br\/2019\/policia-civil-instaura-inquerito-para-apurar-morte-de-mulher-em-dracena\/","title":{"rendered":"Pol\u00edcia Civil instaura inqu\u00e9rito para apurar morte de mulher, em Dracena"},"content":{"rendered":"<h2 class=\"content-head__subtitle\" style=\"text-align: justify;\"><strong>Exames devem indicar o que levou a \u00f3bito a v\u00edtima, de 40 anos. Seu corpo foi encontrado por familiares, na casa onde morava.<\/strong><\/h2>\n<div class=\"mc-column content-text active-extra-styles active-capital-letter\" style=\"text-align: justify;\" data-block-type=\"unstyled\" data-block-weight=\"32\" data-block-id=\"1\">\n<p class=\"content-text__container theme-color-primary-first-letter\" data-track-category=\"Link no Texto\" data-track-links=\"\">A Pol\u00edcia Civil de Dracena instaurou inqu\u00e9rito para apurar a morte de uma mulher, de 40 anos, cujo corpo foi encontrado, nesta quarta-feira (24), em uma casa no Conjunto Habitacional Paulo Vendramin.<\/p>\n<\/div>\n<div class=\"wall protected-content\">\n<div class=\"mc-column content-text active-extra-styles \" style=\"text-align: justify;\" data-block-type=\"unstyled\" data-block-weight=\"19\" data-block-id=\"2\">\n<p class=\"content-text__container \" data-track-category=\"Link no Texto\" data-track-links=\"\">A ocorr\u00eancia foi registrada na Delegacia da Pol\u00edcia Civil como morte suspeita, procedimento padr\u00e3o para \u00f3bitos sem causa aparente.<\/p>\n<\/div>\n<div class=\"mc-column content-text active-extra-styles \" style=\"text-align: justify;\" data-block-type=\"unstyled\" data-block-weight=\"34\" data-block-id=\"3\">\n<p class=\"content-text__container \" data-track-category=\"Link no Texto\" data-track-links=\"\">A v\u00edtima foi encontrada sem vida por familiares no interior do banheiro de sua casa, onde morava sozinha. Na ocasi\u00e3o, o Corpo de Bombeiros foi acionado, por\u00e9m, o corpo j\u00e1 se apresentava rigidez cadav\u00e9rica.<\/p>\n<\/div>\n<div class=\"mc-column content-text active-extra-styles \" style=\"text-align: justify;\" data-block-type=\"unstyled\" data-block-weight=\"46\" data-block-id=\"4\">\n<p class=\"content-text__container \" data-track-category=\"Link no Texto\" data-track-links=\"\">De acordo com a pol\u00edcia, n\u00e3o foi notado arrombamento no im\u00f3vel, exceto o telhado, que, segundo o namorado da v\u00edtima, foi destalhado para poder acessar o interior do im\u00f3vel, devido a sua preocupa\u00e7\u00e3o e a dos demais familiares que desconfiavam de suposto mau s\u00fabito da mulher.<\/p>\n<\/div>\n<div class=\"mc-column content-text active-extra-styles \" style=\"text-align: justify;\" data-block-type=\"unstyled\" data-block-weight=\"29\" data-block-id=\"5\">\n<p class=\"content-text__container \" data-track-category=\"Link no Texto\" data-track-links=\"\">Os familiares relataram \u00e0 pol\u00edcia que a v\u00edtima sofria de diabetes e trombose, no entanto, nos \u00faltimos dias apresentava um estado de boa sa\u00fade, trabalhava e realizava atividades f\u00edsicas.<\/p>\n<\/div>\n<div class=\"mc-column content-text active-extra-styles \" style=\"text-align: justify;\" data-block-type=\"unstyled\" data-block-weight=\"11\" data-block-id=\"6\">\n<p class=\"content-text__container \" data-track-category=\"Link no Texto\" data-track-links=\"\">A Per\u00edcia compareceu ao local e foi requisitado exame necrosc\u00f3pico.<\/p>\n<\/div>\n<div data-track-category=\"multicontent\" data-track-action=\"ultimo chunk conteudo\" data-track-noninteraction=\"false\" data-track-scroll=\"view\">\n<div class=\"mc-column content-text active-extra-styles \" data-block-type=\"unstyled\" data-block-weight=\"18\" data-block-id=\"7\">\n<p class=\"content-text__container \" style=\"text-align: justify;\" data-track-category=\"Link no Texto\" data-track-links=\"\">Um inqu\u00e9rito foi instaurado e aguarda-se os resultados dos exames para uma conclus\u00e3o correta da causa da morte.<\/p>\n<p style=\"text-align: justify;\" data-track-category=\"Link no Texto\" data-track-links=\"\">Fonte: Com. Social Pol\u00edcia Civil e G1<\/p>\n<p data-track-category=\"Link no Texto\" data-track-links=\"\">Foto: Facebook<\/p>\n<\/div>\n<\/div>\n<\/div>\n","protected":false},"excerpt":{"rendered":"<p>Exames devem indicar o que levou a \u00f3bito a v\u00edtima, de 40 anos. Seu corpo foi encontrado por familiares, na casa onde morava. A Pol\u00edcia Civil de Dracena instaurou inqu\u00e9rito para apurar a morte de uma mulher, de 40 anos, cujo corpo foi encontrado, nesta quarta-feira (24), em uma casa no Conjunto Habitacional Paulo Vendramin. [&hellip;]<\/p>\n","protected":false},"author":1,"featured_media":2057,"comment_status":"open","ping_status":"open","sticky":false,"template":"","format":"standard","meta":{"footnotes":""},"categories":[110,2],"tags":[],"class_list":["post-2056","post","type-post","status-publish","format-standard","has-post-thumbnail","hentry","category-noticiasdestaque","category-policial"],"_links":{"self":[{"href":"https:\/\/jorgezanoni.com.br\/2019\/wp-json\/wp\/v2\/posts\/2056","targetHints":{"allow":["GET"]}}],"collection":[{"href":"https:\/\/jorgezanoni.com.br\/2019\/wp-json\/wp\/v2\/posts"}],"about":[{"href":"https:\/\/jorgezanoni.com.br\/2019\/wp-json\/wp\/v2\/types\/post"}],"author":[{"embeddable":true,"href":"https:\/\/jorgezanoni.com.br\/2019\/wp-json\/wp\/v2\/users\/1"}],"replies":[{"embeddable":true,"href":"https:\/\/jorgezanoni.com.br\/2019\/wp-json\/wp\/v2\/comments?post=2056"}],"version-history":[{"count":0,"href":"https:\/\/jorgezanoni.com.br\/2019\/wp-json\/wp\/v2\/posts\/2056\/revisions"}],"wp:featuredmedia":[{"embeddable":true,"href":"https:\/\/jorgezanoni.com.br\/2019\/wp-json\/wp\/v2\/media\/2057"}],"wp:attachment":[{"href":"https:\/\/jorgezanoni.com.br\/2019\/wp-json\/wp\/v2\/media?parent=2056"}],"wp:term":[{"taxonomy":"category","embeddable":true,"href":"https:\/\/jorgezanoni.com.br\/2019\/wp-json\/wp\/v2\/categories?post=2056"},{"taxonomy":"post_tag","embeddable":true,"href":"https:\/\/jorgezanoni.com.br\/2019\/wp-json\/wp\/v2\/tags?post=2056"}],"curies":[{"name":"wp","href":"https:\/\/api.w.org\/{rel}","templated":true}]}}