{"id":20532,"date":"2020-03-08T01:54:25","date_gmt":"2020-03-08T01:54:25","guid":{"rendered":"https:\/\/jorgezanoni.com.br\/2019\/?p=20532"},"modified":"2020-03-08T01:54:25","modified_gmt":"2020-03-08T01:54:25","slug":"capitao-pm-marcelo-cavalcante-conclui-formatura-do-mestrado-em-ciencias-da-seguranca-e-ordem-publica","status":"publish","type":"post","link":"https:\/\/jorgezanoni.com.br\/2019\/capitao-pm-marcelo-cavalcante-conclui-formatura-do-mestrado-em-ciencias-da-seguranca-e-ordem-publica\/","title":{"rendered":"Capit\u00e3o PM Marcelo Cavalcante conclui formatura do mestrado em Ci\u00eancias da Seguran\u00e7a e Ordem P\u00fablica"},"content":{"rendered":"<p style=\"text-align: justify;\">Na \u00faltima quinta-feira (5), ocorreu na cidade de S\u00e3o Paulo a Formatura do Mestrado em Ci\u00eancias da Seguran\u00e7a e Ordem P\u00fablica do Capit\u00e3o PM Marcelo Cavalcante, que exerce a fun\u00e7\u00e3o de Comandante da 1 Companhia sediada em Dracena, desenvolvido no Centro de Altos Estudos da Seguran\u00e7a.<br \/>\nParab\u00e9ns aos integrantes do CAO II\/2019.<br \/>\nParab\u00e9ns e sucesso ao nobre Cap PM Cavalcante.<\/p>\n<p><img loading=\"lazy\" decoding=\"async\" class=\"alignnone size-full wp-image-20533\" src=\"https:\/\/jorgezanoni.com.br\/2019\/wp-content\/uploads\/2020\/03\/cava.jpg\" alt=\"\" width=\"720\" height=\"480\" srcset=\"https:\/\/jorgezanoni.com.br\/2019\/wp-content\/uploads\/2020\/03\/cava.jpg 720w, https:\/\/jorgezanoni.com.br\/2019\/wp-content\/uploads\/2020\/03\/cava-300x200.jpg 300w, https:\/\/jorgezanoni.com.br\/2019\/wp-content\/uploads\/2020\/03\/cava-696x464.jpg 696w, https:\/\/jorgezanoni.com.br\/2019\/wp-content\/uploads\/2020\/03\/cava-630x420.jpg 630w\" sizes=\"auto, (max-width: 720px) 100vw, 720px\" \/> <img loading=\"lazy\" decoding=\"async\" class=\"alignnone size-full wp-image-20535\" src=\"https:\/\/jorgezanoni.com.br\/2019\/wp-content\/uploads\/2020\/03\/cava2.jpg\" alt=\"\" width=\"720\" height=\"614\" srcset=\"https:\/\/jorgezanoni.com.br\/2019\/wp-content\/uploads\/2020\/03\/cava2.jpg 720w, https:\/\/jorgezanoni.com.br\/2019\/wp-content\/uploads\/2020\/03\/cava2-300x256.jpg 300w, https:\/\/jorgezanoni.com.br\/2019\/wp-content\/uploads\/2020\/03\/cava2-696x594.jpg 696w, https:\/\/jorgezanoni.com.br\/2019\/wp-content\/uploads\/2020\/03\/cava2-493x420.jpg 493w\" sizes=\"auto, (max-width: 720px) 100vw, 720px\" \/> <img loading=\"lazy\" decoding=\"async\" class=\"alignnone size-full wp-image-20536\" src=\"https:\/\/jorgezanoni.com.br\/2019\/wp-content\/uploads\/2020\/03\/cava3.jpg\" alt=\"\" width=\"720\" height=\"897\" srcset=\"https:\/\/jorgezanoni.com.br\/2019\/wp-content\/uploads\/2020\/03\/cava3.jpg 720w, https:\/\/jorgezanoni.com.br\/2019\/wp-content\/uploads\/2020\/03\/cava3-241x300.jpg 241w, https:\/\/jorgezanoni.com.br\/2019\/wp-content\/uploads\/2020\/03\/cava3-696x867.jpg 696w, https:\/\/jorgezanoni.com.br\/2019\/wp-content\/uploads\/2020\/03\/cava3-337x420.jpg 337w\" sizes=\"auto, (max-width: 720px) 100vw, 720px\" \/><\/p>\n<p>&nbsp;<\/p>\n<p style=\"text-align: justify;\"><a class=\"_58cn\" href=\"https:\/\/www.facebook.com\/hashtag\/25bpmi?source=feed_text&amp;epa=HASHTAG&amp;__xts__%5B0%5D=68.ARCwWBcIGjCm7OX50zbvf6PVC-wDK2WPO0Zinj9-Xw8R7084su_EscEVIH-havPkqzrmcvp3YFLj815X51foW5748d-pAIbDe_XTMqOue5YR2cKMW_jqrDB5JQo_-Qtxy9UfRJ84wv0w0uSU58dOSp5EgpOqj6Hssyr3OK77gTD4ZvzcBwd9QGZUkkWnZ5w_3b7VBCN5qSIFgTS39P7caGITH9rbyne_ykvzb6MwQ4FXyssb-W__ALn4Avso66ZYam8vpO84CiZNEmNw-pAhwqFuHCXt7Nj3X8BHbVwmPh5D2tScvy8yg2f837nRjgx9Pf392cmaUfq1c_-duiaxYZQ&amp;__tn__=%2ANK-R\" data-ft=\"{&quot;type&quot;:104,&quot;tn&quot;:&quot;*N&quot;}\"><span class=\"_5afx\"><span class=\"_58cl _5afz\" aria-label=\"hashtag\">#<\/span><span class=\"_58cm\">25BPMI<\/span><\/span><\/a><br \/>\n<a class=\"_58cn\" href=\"https:\/\/www.facebook.com\/hashtag\/policiamilitarsp?source=feed_text&amp;epa=HASHTAG&amp;__xts__%5B0%5D=68.ARCwWBcIGjCm7OX50zbvf6PVC-wDK2WPO0Zinj9-Xw8R7084su_EscEVIH-havPkqzrmcvp3YFLj815X51foW5748d-pAIbDe_XTMqOue5YR2cKMW_jqrDB5JQo_-Qtxy9UfRJ84wv0w0uSU58dOSp5EgpOqj6Hssyr3OK77gTD4ZvzcBwd9QGZUkkWnZ5w_3b7VBCN5qSIFgTS39P7caGITH9rbyne_ykvzb6MwQ4FXyssb-W__ALn4Avso66ZYam8vpO84CiZNEmNw-pAhwqFuHCXt7Nj3X8BHbVwmPh5D2tScvy8yg2f837nRjgx9Pf392cmaUfq1c_-duiaxYZQ&amp;__tn__=%2ANK-R\" data-ft=\"{&quot;type&quot;:104,&quot;tn&quot;:&quot;*N&quot;}\"><span class=\"_5afx\"><span class=\"_58cl _5afz\" aria-label=\"hashtag\">#<\/span><span class=\"_58cm\">POLICIAMILITARSP<\/span><\/span><\/a><br \/>\n<a class=\"_58cn\" href=\"https:\/\/www.facebook.com\/hashtag\/afor%C3%A7apublicades%C3%A3opaulo?source=feed_text&amp;epa=HASHTAG&amp;__xts__%5B0%5D=68.ARCwWBcIGjCm7OX50zbvf6PVC-wDK2WPO0Zinj9-Xw8R7084su_EscEVIH-havPkqzrmcvp3YFLj815X51foW5748d-pAIbDe_XTMqOue5YR2cKMW_jqrDB5JQo_-Qtxy9UfRJ84wv0w0uSU58dOSp5EgpOqj6Hssyr3OK77gTD4ZvzcBwd9QGZUkkWnZ5w_3b7VBCN5qSIFgTS39P7caGITH9rbyne_ykvzb6MwQ4FXyssb-W__ALn4Avso66ZYam8vpO84CiZNEmNw-pAhwqFuHCXt7Nj3X8BHbVwmPh5D2tScvy8yg2f837nRjgx9Pf392cmaUfq1c_-duiaxYZQ&amp;__tn__=%2ANK-R\" data-ft=\"{&quot;type&quot;:104,&quot;tn&quot;:&quot;*N&quot;}\"><span class=\"_5afx\"><span class=\"_58cl _5afz\" aria-label=\"hashtag\">#<\/span><span class=\"_58cm\">AFOR\u00c7APUBLICADES\u00c3OPAULO<\/span><\/span><\/a><br \/>\nCOMUNICA\u00c7\u00c3O SOCIAL DO 25 BPMI<\/p>\n","protected":false},"excerpt":{"rendered":"<p>Na \u00faltima quinta-feira (5), ocorreu na cidade de S\u00e3o Paulo a Formatura do Mestrado em Ci\u00eancias da Seguran\u00e7a e Ordem P\u00fablica do Capit\u00e3o PM Marcelo Cavalcante, que exerce a fun\u00e7\u00e3o de Comandante da 1 Companhia sediada em Dracena, desenvolvido no Centro de Altos Estudos da Seguran\u00e7a. Parab\u00e9ns aos integrantes do CAO II\/2019. Parab\u00e9ns e sucesso [&hellip;]<\/p>\n","protected":false},"author":1,"featured_media":20534,"comment_status":"closed","ping_status":"open","sticky":false,"template":"","format":"standard","meta":{"footnotes":""},"categories":[110,2],"tags":[],"class_list":["post-20532","post","type-post","status-publish","format-standard","has-post-thumbnail","hentry","category-noticiasdestaque","category-policial"],"_links":{"self":[{"href":"https:\/\/jorgezanoni.com.br\/2019\/wp-json\/wp\/v2\/posts\/20532","targetHints":{"allow":["GET"]}}],"collection":[{"href":"https:\/\/jorgezanoni.com.br\/2019\/wp-json\/wp\/v2\/posts"}],"about":[{"href":"https:\/\/jorgezanoni.com.br\/2019\/wp-json\/wp\/v2\/types\/post"}],"author":[{"embeddable":true,"href":"https:\/\/jorgezanoni.com.br\/2019\/wp-json\/wp\/v2\/users\/1"}],"replies":[{"embeddable":true,"href":"https:\/\/jorgezanoni.com.br\/2019\/wp-json\/wp\/v2\/comments?post=20532"}],"version-history":[{"count":0,"href":"https:\/\/jorgezanoni.com.br\/2019\/wp-json\/wp\/v2\/posts\/20532\/revisions"}],"wp:featuredmedia":[{"embeddable":true,"href":"https:\/\/jorgezanoni.com.br\/2019\/wp-json\/wp\/v2\/media\/20534"}],"wp:attachment":[{"href":"https:\/\/jorgezanoni.com.br\/2019\/wp-json\/wp\/v2\/media?parent=20532"}],"wp:term":[{"taxonomy":"category","embeddable":true,"href":"https:\/\/jorgezanoni.com.br\/2019\/wp-json\/wp\/v2\/categories?post=20532"},{"taxonomy":"post_tag","embeddable":true,"href":"https:\/\/jorgezanoni.com.br\/2019\/wp-json\/wp\/v2\/tags?post=20532"}],"curies":[{"name":"wp","href":"https:\/\/api.w.org\/{rel}","templated":true}]}}