{"id":20529,"date":"2020-03-08T00:24:37","date_gmt":"2020-03-08T00:24:37","guid":{"rendered":"https:\/\/jorgezanoni.com.br\/2019\/?p=20529"},"modified":"2020-03-08T00:24:37","modified_gmt":"2020-03-08T00:24:37","slug":"policia-civil-realiza-operacao-geppetto","status":"publish","type":"post","link":"https:\/\/jorgezanoni.com.br\/2019\/policia-civil-realiza-operacao-geppetto\/","title":{"rendered":"Pol\u00edcia Civil realiza opera\u00e7\u00e3o &#8220;Geppetto&#8221;"},"content":{"rendered":"<p style=\"text-align: justify;\">A Pol\u00edcia Civil da regi\u00e3o de Dracena deflagrou nesta semana a opera\u00e7\u00e3o \u201cGEPPETTO\u201d objetivando o cumprimento de mandados de pris\u00e3o, busca e apreens\u00e3o, bem como policiamento preventivo especializado.<br \/>\nForam cumpridos no per\u00edodo da opera\u00e7\u00e3o 04 mandados de pris\u00e3o criminal, tratando-se de presos do sexo masculino, 01 pris\u00e3o de condenado regime aberto foi realizada pelo 1 DP de Dracena, bem como 03 pris\u00f5es realizadas pela Delegacia de Junqueir\u00f3polis, sendo 01 pris\u00e3o de condenado a 03 anos e 09 meses de reclus\u00e3o no regime fechado, 01 pris\u00e3o de condenado a 08 meses e 05 dias regime semi aberto e 01 pris\u00e3o de condenado a 06 meses regime aberto. Pela Delegacia de Panorama houve a pris\u00e3o em flagrante de uma mulher, por tr\u00e1fico de drogas. Tamb\u00e9m foi cumprido em Panorama, 01 mandado de pris\u00e3o civil em desfavor de um homem<\/p>\n<p>Ainda foram promovidas a\u00e7\u00f5es relacionadas ao policiamento preventivo especializado objetivando identificar e abordar pessoas suspeitas e coibir pr\u00e1ticas il\u00edcitas, bem como realizaram a fiscaliza\u00e7\u00f5es em estabelecimentos previamente identificados como sendo locais destinados a comercializa\u00e7\u00e3o de produtos de origem duvidosa<br \/>\nA popula\u00e7\u00e3o poder\u00e1 ajudar os trabalhos da Pol\u00edcia Civil neste e tamb\u00e9m em outros casos realizando den\u00fancias nos telefones do disque den\u00fancia, a saber, 197 e 181, lembrando que n\u00e3o \u00e9 necess\u00e1rio se identificar.<\/p>\n<p style=\"text-align: justify;\">Maiores informa\u00e7\u00f5es<br \/>\nDelegacia Seccional de Pol\u00edcia de Dracena<br \/>\n18-3822-2023<\/p>\n","protected":false},"excerpt":{"rendered":"<p>A Pol\u00edcia Civil da regi\u00e3o de Dracena deflagrou nesta semana a opera\u00e7\u00e3o \u201cGEPPETTO\u201d objetivando o cumprimento de mandados de pris\u00e3o, busca e apreens\u00e3o, bem como policiamento preventivo especializado. Foram cumpridos no per\u00edodo da opera\u00e7\u00e3o 04 mandados de pris\u00e3o criminal, tratando-se de presos do sexo masculino, 01 pris\u00e3o de condenado regime aberto foi realizada pelo 1 [&hellip;]<\/p>\n","protected":false},"author":1,"featured_media":20530,"comment_status":"closed","ping_status":"open","sticky":false,"template":"","format":"standard","meta":{"footnotes":""},"categories":[110,2],"tags":[],"class_list":["post-20529","post","type-post","status-publish","format-standard","has-post-thumbnail","hentry","category-noticiasdestaque","category-policial"],"_links":{"self":[{"href":"https:\/\/jorgezanoni.com.br\/2019\/wp-json\/wp\/v2\/posts\/20529","targetHints":{"allow":["GET"]}}],"collection":[{"href":"https:\/\/jorgezanoni.com.br\/2019\/wp-json\/wp\/v2\/posts"}],"about":[{"href":"https:\/\/jorgezanoni.com.br\/2019\/wp-json\/wp\/v2\/types\/post"}],"author":[{"embeddable":true,"href":"https:\/\/jorgezanoni.com.br\/2019\/wp-json\/wp\/v2\/users\/1"}],"replies":[{"embeddable":true,"href":"https:\/\/jorgezanoni.com.br\/2019\/wp-json\/wp\/v2\/comments?post=20529"}],"version-history":[{"count":0,"href":"https:\/\/jorgezanoni.com.br\/2019\/wp-json\/wp\/v2\/posts\/20529\/revisions"}],"wp:featuredmedia":[{"embeddable":true,"href":"https:\/\/jorgezanoni.com.br\/2019\/wp-json\/wp\/v2\/media\/20530"}],"wp:attachment":[{"href":"https:\/\/jorgezanoni.com.br\/2019\/wp-json\/wp\/v2\/media?parent=20529"}],"wp:term":[{"taxonomy":"category","embeddable":true,"href":"https:\/\/jorgezanoni.com.br\/2019\/wp-json\/wp\/v2\/categories?post=20529"},{"taxonomy":"post_tag","embeddable":true,"href":"https:\/\/jorgezanoni.com.br\/2019\/wp-json\/wp\/v2\/tags?post=20529"}],"curies":[{"name":"wp","href":"https:\/\/api.w.org\/{rel}","templated":true}]}}