{"id":2049,"date":"2019-07-25T13:10:38","date_gmt":"2019-07-25T13:10:38","guid":{"rendered":"http:\/\/jorgezanoni.com.br\/2019\/?p=2049"},"modified":"2019-07-25T20:59:33","modified_gmt":"2019-07-25T20:59:33","slug":"falecimento-25-07-19","status":"publish","type":"post","link":"https:\/\/jorgezanoni.com.br\/2019\/falecimento-25-07-19\/","title":{"rendered":"Falecimento 25\/07\/19"},"content":{"rendered":"<p>Comunicamos com pesar o falecimento da senhora Deolinda Vanzela Sartori, de 88 anos. O Seu Corpo est\u00e1 sendo velado na Mutu\u00e1ria Dracenense e o Sepultamento ocorre hoje (25) \u00e0s 16:00 horas. Era antiga costureira de Dracena.<\/p>\n<p>&nbsp;<\/p>\n","protected":false},"excerpt":{"rendered":"<p>Comunicamos com pesar o falecimento da senhora Deolinda Vanzela Sartori, de 88 anos. O Seu Corpo est\u00e1 sendo velado na Mutu\u00e1ria Dracenense e o Sepultamento ocorre hoje (25) \u00e0s 16:00 horas. Era antiga costureira de Dracena. &nbsp;<\/p>\n","protected":false},"author":1,"featured_media":2052,"comment_status":"open","ping_status":"open","sticky":false,"template":"","format":"standard","meta":{"footnotes":""},"categories":[178],"tags":[],"class_list":["post-2049","post","type-post","status-publish","format-standard","has-post-thumbnail","hentry","category-notadefalecimento"],"_links":{"self":[{"href":"https:\/\/jorgezanoni.com.br\/2019\/wp-json\/wp\/v2\/posts\/2049","targetHints":{"allow":["GET"]}}],"collection":[{"href":"https:\/\/jorgezanoni.com.br\/2019\/wp-json\/wp\/v2\/posts"}],"about":[{"href":"https:\/\/jorgezanoni.com.br\/2019\/wp-json\/wp\/v2\/types\/post"}],"author":[{"embeddable":true,"href":"https:\/\/jorgezanoni.com.br\/2019\/wp-json\/wp\/v2\/users\/1"}],"replies":[{"embeddable":true,"href":"https:\/\/jorgezanoni.com.br\/2019\/wp-json\/wp\/v2\/comments?post=2049"}],"version-history":[{"count":0,"href":"https:\/\/jorgezanoni.com.br\/2019\/wp-json\/wp\/v2\/posts\/2049\/revisions"}],"wp:featuredmedia":[{"embeddable":true,"href":"https:\/\/jorgezanoni.com.br\/2019\/wp-json\/wp\/v2\/media\/2052"}],"wp:attachment":[{"href":"https:\/\/jorgezanoni.com.br\/2019\/wp-json\/wp\/v2\/media?parent=2049"}],"wp:term":[{"taxonomy":"category","embeddable":true,"href":"https:\/\/jorgezanoni.com.br\/2019\/wp-json\/wp\/v2\/categories?post=2049"},{"taxonomy":"post_tag","embeddable":true,"href":"https:\/\/jorgezanoni.com.br\/2019\/wp-json\/wp\/v2\/tags?post=2049"}],"curies":[{"name":"wp","href":"https:\/\/api.w.org\/{rel}","templated":true}]}}