{"id":20443,"date":"2020-03-06T23:01:59","date_gmt":"2020-03-06T23:01:59","guid":{"rendered":"https:\/\/jorgezanoni.com.br\/2019\/?p=20443"},"modified":"2020-03-06T23:01:59","modified_gmt":"2020-03-06T23:01:59","slug":"unifadra-da-boas-vindas-aos-novos-alunos-com-atividades-de-integracao","status":"publish","type":"post","link":"https:\/\/jorgezanoni.com.br\/2019\/unifadra-da-boas-vindas-aos-novos-alunos-com-atividades-de-integracao\/","title":{"rendered":"Unifadra d\u00e1 boas-vindas aos novos alunos com atividades de integra\u00e7\u00e3o"},"content":{"rendered":"<p style=\"font-weight: 400; text-align: justify;\">Na noite de 2 de mar\u00e7o, a Unifadra recebeu seus novos alunos dos cursos de An\u00e1lise e Desenvolvimento de Sistemas, Educa\u00e7\u00e3o F\u00edsica, Enfermagem, Pedagogia e Psicologia com diversas atividades de integra\u00e7\u00e3o.<br \/>\nCada curso organizou a sua semana de recep\u00e7\u00e3o com atividades culturais, l\u00fadicas e de integra\u00e7\u00e3o, e visita\u00e7\u00e3o a toda a infraestrutura da Unifadra. Logo no primeiro dia, os alunos tiveram aulas diferenciadas em laborat\u00f3rios, participaram de din\u00e2micas, de conta\u00e7\u00e3o de hist\u00f3rias, de encena\u00e7\u00f5es teatrais, jogos e brincadeiras, entre outros. Ontem, dia 4, os diretores administrativos da Fundec foram apresentados a todos os estudantes.<br \/>\nAinda fazendo parte da semana de recep\u00e7\u00e3o solid\u00e1ria, duas campanhas foram lan\u00e7adas: uma para a arrecada\u00e7\u00e3o de lacres de latinhas e tampinhas pl\u00e1sticas de garrafas visando serem trocadas por cadeiras de rodas (organizada pelo curso de Psicologia, com t\u00e9rmino somente na Semana da Inclus\u00e3o, no m\u00eas de maio); a outra para a arrecada\u00e7\u00e3o de materiais escolares que ser\u00e3o doados para crian\u00e7as com fam\u00edlias de baixa renda (organizada pelo curso de Pedagogia, com dura\u00e7\u00e3o de um m\u00eas). Ambas as campanhas integrar\u00e3o todos os alunos da faculdade.<br \/>\nOs calouros, que d\u00e3o agora os primeiros passos na faculdade, participar\u00e3o de uma semana de atividades diferenciadas, organizadas para um acolhimento humanizado.<br \/>\nO diretor acad\u00eamico da Unifadra Enio Garbelini destacou que a institui\u00e7\u00e3o tem tradi\u00e7\u00e3o em receber seus alunos de forma harm\u00f4nica, consciente e solid\u00e1ria, prezando sempre pela sa\u00fade f\u00edsica e psicol\u00f3gica de todos, com a\u00e7\u00f5es altru\u00edstas que beneficiem a comunidade regional.<\/p>\n<p><strong>Ainda d\u00e1 tempo!<\/strong><br \/>\nPara os interessados que querem iniciar os estudos ainda em 2020, o vestibular agendado da Unifadra ainda est\u00e1 com inscri\u00e7\u00f5es abertas para ingresso imediato.<br \/>\nMais informa\u00e7\u00f5es: (18) 3821-9004 ou Whatsapp (18) 99802-1237.<\/p>\n<p><img loading=\"lazy\" decoding=\"async\" class=\"alignnone size-full wp-image-20444\" src=\"https:\/\/jorgezanoni.com.br\/2019\/wp-content\/uploads\/2020\/03\/FUNDEC.jpg\" alt=\"\" width=\"700\" height=\"340\" srcset=\"https:\/\/jorgezanoni.com.br\/2019\/wp-content\/uploads\/2020\/03\/FUNDEC.jpg 700w, https:\/\/jorgezanoni.com.br\/2019\/wp-content\/uploads\/2020\/03\/FUNDEC-300x146.jpg 300w, https:\/\/jorgezanoni.com.br\/2019\/wp-content\/uploads\/2020\/03\/FUNDEC-696x338.jpg 696w\" sizes=\"auto, (max-width: 700px) 100vw, 700px\" \/> <img loading=\"lazy\" decoding=\"async\" class=\"alignnone size-full wp-image-20446\" src=\"https:\/\/jorgezanoni.com.br\/2019\/wp-content\/uploads\/2020\/03\/fundec2.jpg\" alt=\"\" width=\"1280\" height=\"853\" srcset=\"https:\/\/jorgezanoni.com.br\/2019\/wp-content\/uploads\/2020\/03\/fundec2.jpg 1280w, https:\/\/jorgezanoni.com.br\/2019\/wp-content\/uploads\/2020\/03\/fundec2-300x200.jpg 300w, https:\/\/jorgezanoni.com.br\/2019\/wp-content\/uploads\/2020\/03\/fundec2-768x512.jpg 768w, https:\/\/jorgezanoni.com.br\/2019\/wp-content\/uploads\/2020\/03\/fundec2-1024x682.jpg 1024w, https:\/\/jorgezanoni.com.br\/2019\/wp-content\/uploads\/2020\/03\/fundec2-696x464.jpg 696w, https:\/\/jorgezanoni.com.br\/2019\/wp-content\/uploads\/2020\/03\/fundec2-1068x712.jpg 1068w, https:\/\/jorgezanoni.com.br\/2019\/wp-content\/uploads\/2020\/03\/fundec2-630x420.jpg 630w\" sizes=\"auto, (max-width: 1280px) 100vw, 1280px\" \/> <img loading=\"lazy\" decoding=\"async\" class=\"alignnone size-full wp-image-20447\" src=\"https:\/\/jorgezanoni.com.br\/2019\/wp-content\/uploads\/2020\/03\/Fundec3.jpg\" alt=\"\" width=\"1280\" height=\"622\" srcset=\"https:\/\/jorgezanoni.com.br\/2019\/wp-content\/uploads\/2020\/03\/Fundec3.jpg 1280w, https:\/\/jorgezanoni.com.br\/2019\/wp-content\/uploads\/2020\/03\/Fundec3-300x146.jpg 300w, https:\/\/jorgezanoni.com.br\/2019\/wp-content\/uploads\/2020\/03\/Fundec3-768x373.jpg 768w, https:\/\/jorgezanoni.com.br\/2019\/wp-content\/uploads\/2020\/03\/Fundec3-1024x498.jpg 1024w, https:\/\/jorgezanoni.com.br\/2019\/wp-content\/uploads\/2020\/03\/Fundec3-696x338.jpg 696w, https:\/\/jorgezanoni.com.br\/2019\/wp-content\/uploads\/2020\/03\/Fundec3-1068x519.jpg 1068w, https:\/\/jorgezanoni.com.br\/2019\/wp-content\/uploads\/2020\/03\/Fundec3-864x420.jpg 864w\" sizes=\"auto, (max-width: 1280px) 100vw, 1280px\" \/> <img loading=\"lazy\" decoding=\"async\" class=\"alignnone size-full wp-image-20448\" src=\"https:\/\/jorgezanoni.com.br\/2019\/wp-content\/uploads\/2020\/03\/Fundec4.jpg\" alt=\"\" width=\"1280\" height=\"622\" srcset=\"https:\/\/jorgezanoni.com.br\/2019\/wp-content\/uploads\/2020\/03\/Fundec4.jpg 1280w, https:\/\/jorgezanoni.com.br\/2019\/wp-content\/uploads\/2020\/03\/Fundec4-300x146.jpg 300w, https:\/\/jorgezanoni.com.br\/2019\/wp-content\/uploads\/2020\/03\/Fundec4-768x373.jpg 768w, https:\/\/jorgezanoni.com.br\/2019\/wp-content\/uploads\/2020\/03\/Fundec4-1024x498.jpg 1024w, https:\/\/jorgezanoni.com.br\/2019\/wp-content\/uploads\/2020\/03\/Fundec4-696x338.jpg 696w, https:\/\/jorgezanoni.com.br\/2019\/wp-content\/uploads\/2020\/03\/Fundec4-1068x519.jpg 1068w, https:\/\/jorgezanoni.com.br\/2019\/wp-content\/uploads\/2020\/03\/Fundec4-864x420.jpg 864w\" sizes=\"auto, (max-width: 1280px) 100vw, 1280px\" \/><\/p>\n<p style=\"font-weight: 400; text-align: justify;\"><strong>Carolina Colnago<\/strong><\/p>\n<p style=\"font-weight: 400; text-align: justify;\">Assessora de Comunica\u00e7\u00e3o da Fundec &#8211; Jornalista<\/p>\n","protected":false},"excerpt":{"rendered":"<p>Na noite de 2 de mar\u00e7o, a Unifadra recebeu seus novos alunos dos cursos de An\u00e1lise e Desenvolvimento de Sistemas, Educa\u00e7\u00e3o F\u00edsica, Enfermagem, Pedagogia e Psicologia com diversas atividades de integra\u00e7\u00e3o. Cada curso organizou a sua semana de recep\u00e7\u00e3o com atividades culturais, l\u00fadicas e de integra\u00e7\u00e3o, e visita\u00e7\u00e3o a toda a infraestrutura da Unifadra. Logo [&hellip;]<\/p>\n","protected":false},"author":1,"featured_media":20445,"comment_status":"closed","ping_status":"open","sticky":false,"template":"","format":"standard","meta":{"footnotes":""},"categories":[122],"tags":[],"class_list":["post-20443","post","type-post","status-publish","format-standard","has-post-thumbnail","hentry","category-saudeeducacaoeconcurso"],"_links":{"self":[{"href":"https:\/\/jorgezanoni.com.br\/2019\/wp-json\/wp\/v2\/posts\/20443","targetHints":{"allow":["GET"]}}],"collection":[{"href":"https:\/\/jorgezanoni.com.br\/2019\/wp-json\/wp\/v2\/posts"}],"about":[{"href":"https:\/\/jorgezanoni.com.br\/2019\/wp-json\/wp\/v2\/types\/post"}],"author":[{"embeddable":true,"href":"https:\/\/jorgezanoni.com.br\/2019\/wp-json\/wp\/v2\/users\/1"}],"replies":[{"embeddable":true,"href":"https:\/\/jorgezanoni.com.br\/2019\/wp-json\/wp\/v2\/comments?post=20443"}],"version-history":[{"count":0,"href":"https:\/\/jorgezanoni.com.br\/2019\/wp-json\/wp\/v2\/posts\/20443\/revisions"}],"wp:featuredmedia":[{"embeddable":true,"href":"https:\/\/jorgezanoni.com.br\/2019\/wp-json\/wp\/v2\/media\/20445"}],"wp:attachment":[{"href":"https:\/\/jorgezanoni.com.br\/2019\/wp-json\/wp\/v2\/media?parent=20443"}],"wp:term":[{"taxonomy":"category","embeddable":true,"href":"https:\/\/jorgezanoni.com.br\/2019\/wp-json\/wp\/v2\/categories?post=20443"},{"taxonomy":"post_tag","embeddable":true,"href":"https:\/\/jorgezanoni.com.br\/2019\/wp-json\/wp\/v2\/tags?post=20443"}],"curies":[{"name":"wp","href":"https:\/\/api.w.org\/{rel}","templated":true}]}}