{"id":20440,"date":"2020-03-06T22:48:27","date_gmt":"2020-03-06T22:48:27","guid":{"rendered":"https:\/\/jorgezanoni.com.br\/2019\/?p=20440"},"modified":"2020-03-06T22:48:27","modified_gmt":"2020-03-06T22:48:27","slug":"cep-ume-recebe-calouros-dos-cursos-tecnicos-de-estetica-e-enfermagem","status":"publish","type":"post","link":"https:\/\/jorgezanoni.com.br\/2019\/cep-ume-recebe-calouros-dos-cursos-tecnicos-de-estetica-e-enfermagem\/","title":{"rendered":"CEP\/UME recebe calouros dos cursos t\u00e9cnicos de Est\u00e9tica e Enfermagem"},"content":{"rendered":"<p style=\"text-align: justify;\">O CEP\/UME recebeu os alunos das novas turmas dos cursos t\u00e9cnicos em Est\u00e9tica e Enfermagem nesta segunda-feira, dia 2 de mar\u00e7o, com atividades de integra\u00e7\u00e3o. No dia 5, os diretores da Fundec foram apresentados aos estudantes.<br \/>\nOs alunos veteranos receberam os calouros com muita anima\u00e7\u00e3o. No curso T\u00e9cnico em Enfermagem, os novatos contaram com uma aula inaugural de motiva\u00e7\u00e3o e apresenta\u00e7\u00e3o do curso, na qual os veteranos deram depoimentos, expondo suas experi\u00eancias, conhecimentos e satisfa\u00e7\u00e3o em estudar no CEP\/UME.<br \/>\n&#8220;O evento buscou colaborar para um conhecimento maior da profiss\u00e3o e seu mercado de trabalho, contribuindo para a intera\u00e7\u00e3o e descontra\u00e7\u00e3o dos alunos&#8221;, comentou a coordenadora de Enfermagem Lucilena Esteves.<br \/>\nA psic\u00f3loga e professora Paloma Emanoela Fava iniciou a noite com uma apresenta\u00e7\u00e3o da nova turma de T\u00e9cnico em Est\u00e9tica. Em seguida, proporcionou um momento de relaxamento e finalizou com uma din\u00e2mica envolvendo as duas turmas do curso. A din\u00e2mica promoveu acolhimento, intera\u00e7\u00e3o, forma\u00e7\u00e3o de v\u00ednculos e trabalhou a criatividade. Ao t\u00e9rmino da aula, as professoras presentes e a coordenadora de Est\u00e9tica Cynthia Esteves agradeceram as alunas pela participa\u00e7\u00e3o e enalteceram a import\u00e2ncia de cada uma para a institui\u00e7\u00e3o educacional.<\/p>\n<p style=\"text-align: justify;\">\u00a0Foto: Alunos ingressantes do curso T\u00e9cnico em Est\u00e9tica.<\/p>\n<p style=\"text-align: justify;\"><b>Carolina Colnago<\/b><\/p>\n<p style=\"text-align: justify;\">Assessora de Comunica\u00e7\u00e3o da Fundec &#8211; Jornalista<\/p>\n","protected":false},"excerpt":{"rendered":"<p>O CEP\/UME recebeu os alunos das novas turmas dos cursos t\u00e9cnicos em Est\u00e9tica e Enfermagem nesta segunda-feira, dia 2 de mar\u00e7o, com atividades de integra\u00e7\u00e3o. No dia 5, os diretores da Fundec foram apresentados aos estudantes. Os alunos veteranos receberam os calouros com muita anima\u00e7\u00e3o. No curso T\u00e9cnico em Enfermagem, os novatos contaram com uma [&hellip;]<\/p>\n","protected":false},"author":1,"featured_media":20441,"comment_status":"closed","ping_status":"open","sticky":false,"template":"","format":"standard","meta":{"footnotes":""},"categories":[118],"tags":[],"class_list":["post-20440","post","type-post","status-publish","format-standard","has-post-thumbnail","hentry","category-religiaoesolidariedade"],"_links":{"self":[{"href":"https:\/\/jorgezanoni.com.br\/2019\/wp-json\/wp\/v2\/posts\/20440","targetHints":{"allow":["GET"]}}],"collection":[{"href":"https:\/\/jorgezanoni.com.br\/2019\/wp-json\/wp\/v2\/posts"}],"about":[{"href":"https:\/\/jorgezanoni.com.br\/2019\/wp-json\/wp\/v2\/types\/post"}],"author":[{"embeddable":true,"href":"https:\/\/jorgezanoni.com.br\/2019\/wp-json\/wp\/v2\/users\/1"}],"replies":[{"embeddable":true,"href":"https:\/\/jorgezanoni.com.br\/2019\/wp-json\/wp\/v2\/comments?post=20440"}],"version-history":[{"count":0,"href":"https:\/\/jorgezanoni.com.br\/2019\/wp-json\/wp\/v2\/posts\/20440\/revisions"}],"wp:featuredmedia":[{"embeddable":true,"href":"https:\/\/jorgezanoni.com.br\/2019\/wp-json\/wp\/v2\/media\/20441"}],"wp:attachment":[{"href":"https:\/\/jorgezanoni.com.br\/2019\/wp-json\/wp\/v2\/media?parent=20440"}],"wp:term":[{"taxonomy":"category","embeddable":true,"href":"https:\/\/jorgezanoni.com.br\/2019\/wp-json\/wp\/v2\/categories?post=20440"},{"taxonomy":"post_tag","embeddable":true,"href":"https:\/\/jorgezanoni.com.br\/2019\/wp-json\/wp\/v2\/tags?post=20440"}],"curies":[{"name":"wp","href":"https:\/\/api.w.org\/{rel}","templated":true}]}}