{"id":20430,"date":"2020-03-06T22:12:56","date_gmt":"2020-03-06T22:12:56","guid":{"rendered":"https:\/\/jorgezanoni.com.br\/2019\/?p=20430"},"modified":"2020-03-06T22:19:18","modified_gmt":"2020-03-06T22:19:18","slug":"camara-homenageia-voluntarias-pelo-dia-internacional-da-mulher","status":"publish","type":"post","link":"https:\/\/jorgezanoni.com.br\/2019\/camara-homenageia-voluntarias-pelo-dia-internacional-da-mulher\/","title":{"rendered":"C\u00e2mara homenageia volunt\u00e1rias pelo Dia Internacional da Mulher"},"content":{"rendered":"<p style=\"text-align: justify;\">Solenidade foi institu\u00edda atrav\u00e9s da Lei N\u00ba 3.435, de 15.02.07<\/p>\n<p style=\"text-align: justify;\">A C\u00e2mara Municipal de Dracena realizar\u00e1 a homenagem pelo Dia Internacional da Mulher na sess\u00e3o desta segunda-feira, 9 de mar\u00e7o, a partir das 20h.<\/p>\n<p style=\"text-align: justify;\">Ser\u00e3o entregues Diplomas de Honra ao M\u00e9rito a mulheres que se destacam no servi\u00e7o \u00e0 comunidade nas diversas entidades assistenciais, e que com seu trabalho contribuem significativamente no desenvolvimento do munic\u00edpio.<\/p>\n<p style=\"text-align: justify;\">A indica\u00e7\u00e3o dos nomes foi feita pelas pr\u00f3prias entidades. Ao todo, ser\u00e3o 25 homenageadas:<\/p>\n<p style=\"text-align: justify;\">&#8211; Aparecida Soares Mota Bueno (Santu\u00e1rio Nossa Senhora de F\u00e1tima);<\/p>\n<p style=\"text-align: justify;\">&#8211; Adriana Aparecida de Souza Miyagaki (Grupo de Fraternidade Esp\u00edrita &#8220;Severino Chagas&#8221;);<\/p>\n<p style=\"text-align: justify;\">&#8211; Anainda Dias Barbosa (AVAPAC);<\/p>\n<p style=\"text-align: justify;\">&#8211; C\u00e9lia Irani Zanata Daniel (Loja Ma\u00e7\u00f4nica &#8220;Patriarca da Independ\u00eancia&#8221;);<\/p>\n<p style=\"text-align: justify;\">&#8211; Claudete Flores Morelli (Instituto Novo Amanhecer &#8220;Guiomar C. A. da Silva&#8221;);<\/p>\n<p style=\"text-align: justify;\">&#8211; Cl\u00e1udia Zanqueta Garcia (Rotary Club Imperial);<\/p>\n<p style=\"text-align: justify;\">&#8211; Elda Let\u00edcia Seabra (Pousada Bom Samaritano);<\/p>\n<p style=\"text-align: justify;\">&#8211; Eunice Marques da Silva (Par\u00f3quia Nossa Senhora Aparecida);<\/p>\n<p style=\"text-align: justify;\">&#8211; Eva da Silva Rodrigues (Casa dos Velhos);<\/p>\n<p style=\"text-align: justify;\">&#8211; Helena Marangoni Hengli (Centro Esp\u00edrita &#8220;Caibar Schutel&#8221;);<\/p>\n<p style=\"text-align: justify;\">&#8211; Heloisa Castellazzi Romanini Monteiro da Silva (Loja Ma\u00e7\u00f4nica &#8220;Ac\u00e1cia do Oeste&#8221;);<\/p>\n<p style=\"text-align: justify;\">&#8211; Isabel da Silva Utumi (ADRIM);<\/p>\n<p style=\"text-align: justify;\">&#8211; J\u00falia Hiroko Kawagishi Takano (Associa\u00e7\u00e3o de Prote\u00e7\u00e3o \u00e0 Crian\u00e7a de Dracena);<\/p>\n<p style=\"text-align: justify;\">&#8211; Kuniko Chiba (ADEC);<\/p>\n<p style=\"text-align: justify;\">&#8211; Lenita Reis Branquinho de Carvalho Ferreira (Rotary Club Dracena);<\/p>\n<p style=\"text-align: justify;\">&#8211; L\u00facia Maria Soto Bacaro (Lions Clube Cinquenten\u00e1rio);<\/p>\n<p style=\"text-align: justify;\">&#8211; Maria de Lourdes Villar C\u00e9sar (APAE);<\/p>\n<p style=\"text-align: justify;\">&#8211; Maria Dias Pereira (Cejusc);<\/p>\n<p style=\"text-align: justify;\">&#8211; Maria Sonia Ferreira Rangel (Loja Ma\u00e7\u00f4nica &#8220;2 de Julho&#8221;);<\/p>\n<p style=\"text-align: justify;\">&#8211; Marly Isabel Carvalho da Silva (AVAHU);<\/p>\n<p style=\"text-align: justify;\">&#8211; Neusa Caetano de Jesus (Loja Ma\u00e7\u00f4nica &#8220;Uni\u00e3o, Justi\u00e7a e Amor&#8221;);<\/p>\n<p style=\"text-align: justify;\">&#8211; Roseli Lopes Ara\u00fajo Mena (Lar Beneficente &#8220;S\u00e3 Doutrina do S\u00e9timo Dia de Dracena&#8221;);<\/p>\n<p style=\"text-align: justify;\">&#8211; Rosimeire Fortunato Leite Palma (Par\u00f3quia S\u00e3o Francisco de Assis);<\/p>\n<p style=\"text-align: justify;\">&#8211; Santina F\u00e1tima Cenerini Cardoso (Lions Clube de Dracena)<\/p>\n<p style=\"text-align: justify;\">&#8211; Tatiana Ang\u00e9lica Aguilera Mainoli, (Associa\u00e7\u00e3o de Prote\u00e7\u00e3o ao Adolescente de Dracena)<\/p>\n<p style=\"text-align: justify;\">Fonte: Assessoria de Imprensa C\u00e2mara<\/p>\n<p>Imagem Arquivo<\/p>\n","protected":false},"excerpt":{"rendered":"<p>Solenidade foi institu\u00edda atrav\u00e9s da Lei N\u00ba 3.435, de 15.02.07 A C\u00e2mara Municipal de Dracena realizar\u00e1 a homenagem pelo Dia Internacional da Mulher na sess\u00e3o desta segunda-feira, 9 de mar\u00e7o, a partir das 20h. Ser\u00e3o entregues Diplomas de Honra ao M\u00e9rito a mulheres que se destacam no servi\u00e7o \u00e0 comunidade nas diversas entidades assistenciais, e [&hellip;]<\/p>\n","protected":false},"author":1,"featured_media":20431,"comment_status":"closed","ping_status":"open","sticky":false,"template":"","format":"standard","meta":{"footnotes":""},"categories":[116],"tags":[],"class_list":["post-20430","post","type-post","status-publish","format-standard","has-post-thumbnail","hentry","category-politicaeeconomia"],"_links":{"self":[{"href":"https:\/\/jorgezanoni.com.br\/2019\/wp-json\/wp\/v2\/posts\/20430","targetHints":{"allow":["GET"]}}],"collection":[{"href":"https:\/\/jorgezanoni.com.br\/2019\/wp-json\/wp\/v2\/posts"}],"about":[{"href":"https:\/\/jorgezanoni.com.br\/2019\/wp-json\/wp\/v2\/types\/post"}],"author":[{"embeddable":true,"href":"https:\/\/jorgezanoni.com.br\/2019\/wp-json\/wp\/v2\/users\/1"}],"replies":[{"embeddable":true,"href":"https:\/\/jorgezanoni.com.br\/2019\/wp-json\/wp\/v2\/comments?post=20430"}],"version-history":[{"count":0,"href":"https:\/\/jorgezanoni.com.br\/2019\/wp-json\/wp\/v2\/posts\/20430\/revisions"}],"wp:featuredmedia":[{"embeddable":true,"href":"https:\/\/jorgezanoni.com.br\/2019\/wp-json\/wp\/v2\/media\/20431"}],"wp:attachment":[{"href":"https:\/\/jorgezanoni.com.br\/2019\/wp-json\/wp\/v2\/media?parent=20430"}],"wp:term":[{"taxonomy":"category","embeddable":true,"href":"https:\/\/jorgezanoni.com.br\/2019\/wp-json\/wp\/v2\/categories?post=20430"},{"taxonomy":"post_tag","embeddable":true,"href":"https:\/\/jorgezanoni.com.br\/2019\/wp-json\/wp\/v2\/tags?post=20430"}],"curies":[{"name":"wp","href":"https:\/\/api.w.org\/{rel}","templated":true}]}}