{"id":20427,"date":"2020-03-06T21:50:58","date_gmt":"2020-03-06T21:50:58","guid":{"rendered":"https:\/\/jorgezanoni.com.br\/2019\/?p=20427"},"modified":"2020-03-06T21:50:58","modified_gmt":"2020-03-06T21:50:58","slug":"14-dias-em-casa","status":"publish","type":"post","link":"https:\/\/jorgezanoni.com.br\/2019\/14-dias-em-casa\/","title":{"rendered":"14 Dias em Casa"},"content":{"rendered":"<p style=\"text-align: justify;\"><strong>14 DIAS EM CASA.<\/strong><\/p>\n<p style=\"text-align: justify;\"><strong>*CLAUDIVAL CLEMENTE\u00a0\u00a0\u00a0\u00a0\u00a0\u00a0\u00a0\u00a0\u00a0\u00a0\u00a0\u00a0\u00a0\u00a0\u00a0\u00a0\u00a0\u00a0\u00a0\u00a0\u00a0\u00a0\u00a0\u00a0\u00a0\u00a0\u00a0\u00a0\u00a0\u00a0\u00a0\u00a0\u00a0\u00a0\u00a0\u00a0\u00a0\u00a0\u00a0\u00a0\u00a0\u00a0\u00a0\u00a0\u00a0\u00a0\u00a0\u00a0\u00a0\u00a0\u00a0\u00a0\u00a0\u00a0\u00a0\u00a0\u00a0\u00a0\u00a0\u00a0\u00a0\u00a0\u00a0\u00a0\u00a0\u00a0\u00a0\u00a0\u00a0 <\/strong><\/p>\n<p style=\"text-align: justify;\"><strong>*CLAUDIVAL MOURA CLEMENTE<\/strong><\/p>\n<p style=\"text-align: justify;\">Normalmente 14 dias \u00e9 o per\u00edodo necess\u00e1rio para a quarentena do novo coronav\u00edrus, transmitido atrav\u00e9s do covid-19, causa doen\u00e7a respirat\u00f3ria potencialmente grave, exemplo dos surtos causados por dois outros coronav\u00edrus respirat\u00f3rios humanos que surgiram nas \u00faltimas duas d\u00e9cadas (SARS-CoV, MERS-CoV)e foi identificado a primeira vez em Wuhan, na prov\u00edncia de Hubei, China, em pessoas expostas em um mercado de frutos do mar e de animais vivos.<\/p>\n<p style=\"text-align: justify;\">Ap\u00f3s o relato pelas autoridades sanit\u00e1rias da China de milhares de casos confirmados e centenas de mortes atribu\u00eddas ao novo coronav\u00edrus COVID-19, assim como detec\u00e7\u00e3o de casos em diversos pa\u00edses, acometendo principalmente adultos acima de 60 anos e portadores de comorbidades, a Organiza\u00e7\u00e3o Mundial da Sa\u00fade (OMS) declarou, em 30 de janeiro de 2020, o surto como sendo uma Emerg\u00eancia de Sa\u00fade P\u00fablica de Import\u00e2ncia Internacional (ESPII).Comorbidade\u00e9 simplesmente a ocorr\u00eancia de duas ou mais doen\u00e7as relacionadas no mesmo paciente e ao mesmo tempo.<\/p>\n<p style=\"text-align: justify;\">Esta medida \u00e9 de suma import\u00e2ncia, pois permite que todos os pa\u00edses fiquem em alerta m\u00e1ximo, identificando poss\u00edveis contaminados com a doen\u00e7a e adote os procedimentos necess\u00e1rios, como foi o caso do Brasil que adotou emerg\u00eancia nacional.<\/p>\n<p style=\"text-align: justify;\">A emerg\u00eancia nacional permite medidas de preven\u00e7\u00e3o, de controle e de conten\u00e7\u00e3o de riscos, de danos e de agravos \u00e0\u00a0sa\u00fade\u00a0p\u00fablica, implantando protocolos de atendimento, especialmente para identificar os poss\u00edveis contaminados, com a devida notifica\u00e7\u00e3o ao Minist\u00e9rio da Sa\u00fade.<\/p>\n<p style=\"text-align: justify;\">No Brasil foram identificados 8 casos de coronav\u00edrus, segundo o Minist\u00e9rio da Sa\u00fade, seis casos em S\u00e3o Paulo, um no Rio e um no Esp\u00edrito Santo. O maior problema para o Brasil \u00e9 a chamada transmiss\u00e3o local, ou seja, as pessoas s\u00e3o contaminadas aqui no pa\u00eds de uma pessoa que veio contaminada do exterior.<\/p>\n<p style=\"text-align: justify;\">Com a transmiss\u00e3o interna o Brasil pode ser inserido em uma lista da Organiza\u00e7\u00e3o Mundial de Sa\u00fade (OMS) , passando a ser monitorado por aquele organismo internacional.<\/p>\n<p style=\"text-align: justify;\">A doen\u00e7a j\u00e1 provocou mais de 3.198 mortes e infectou mais de 93 mil pessoas em cerca de 76 pa\u00edses e territ\u00f3rios.Das pessoas que contra\u00edram a doen\u00e7a, cerca de 48 mil se recuperaram, segundo autoridades de sa\u00fade de v\u00e1rios pa\u00edses.<\/p>\n<p style=\"text-align: justify;\">Al\u00e9m das mortes na China, onde o surto foi detectado em dezembro, h\u00e1 registro de mortes no Ir\u00e3, na It\u00e1lia, Coreia do Sul, no Jap\u00e3o, na Fran\u00e7a, em Hong Kong, Taiwan, na Austr\u00e1lia, Tail\u00e2ndia, nos Estados Unidos, em San Marino e nas Filipinas.<\/p>\n<p style=\"text-align: justify;\">Em nosso pa\u00eds, apesar de alguns erros cometidos no princ\u00edpio da implanta\u00e7\u00e3o do protocolo de emerg\u00eancia nacional, o controle da doen\u00e7a tem sido feito de maneira adequada, pois se trata de uma doen\u00e7a com um \u00edndice alto de letalidade.<\/p>\n<p style=\"text-align: justify;\">Os sintomas mais comuns s\u00e3o tosse seca, febre (acima de 37,8 \u00baC) e cansa\u00e7o. Alguns pacientes tamb\u00e9m podem sentir dores no corpo, congestionamento nasal, inflama\u00e7\u00e3o na garganta ou diarreia.<\/p>\n<p style=\"text-align: justify;\">O importante \u00e9 receber orienta\u00e7\u00e3o m\u00e9dica o mais r\u00e1pido poss\u00edvel, pois, confirmada por testes laboratoriais, o tratamento tem que ser de imediato, com medica\u00e7\u00e3o adequada.<\/p>\n<p style=\"text-align: justify;\">Correto o procedimento das autoridades brasileiras a respeito da implanta\u00e7\u00e3o do plano nacional de emerg\u00eancia, n\u00e3o se mostrando necess\u00e1rias outras medidas mais severas; at\u00e9 mesmo porque os casos de contamina\u00e7\u00e3o direta, ou seja, de pacientes aqui no Brasil s\u00e3o incipientes a ponto de se adotar outras pol\u00edticas. O que se mostra indispens\u00e1vel \u00e9 o controle dos poss\u00edveis infectados, especialmente determinando a perman\u00eancia em quarentena, que \u00e9 de 14 dias, devido ao per\u00edodo de incuba\u00e7\u00e3o da enfermidade.<\/p>\n<p style=\"text-align: justify;\">Permanecem v\u00e1lidas as mesmas orienta\u00e7\u00f5es de sempre:evitar aglomera\u00e7\u00f5es, compartilhamento de copos ou utens\u00edlios dom\u00e9sticos, cobrir as m\u00e3os e nariz em caso de tosse ou espirro e lavar sempre as m\u00e3os com \u00e1gua e sab\u00e3o, esfregando todas as partes das m\u00e3os e entre os dedos e usar sempre \u00e1lcool gel para higienizar as m\u00e3os.<\/p>\n<p style=\"text-align: justify;\">Envie d\u00favidas, coment\u00e1rios ou sugest\u00f5es para <a href=\"mailto:bcrcconsultoria@gmail.com\">bcrcconsultoria@gmail.com<\/a>. At\u00e9 a pr\u00f3xima.<\/p>\n<p style=\"text-align: justify;\">*Formado em Direito pela Universidade Estadual de Direito do Norte Pioneiro em Jacarezinho e em Administra\u00e7\u00e3o de Empresas pela Faculdades Integradas de Ourinhos. S\u00f3cio s\u00eanior da BCRC Consultoria.<\/p>\n<p style=\"text-align: justify;\">** Revis\u00e3o e colabora\u00e7\u00e3o\u00a0 &#8211; Acad\u00eamico de Administra\u00e7\u00e3o de Empresas na UNICID.<\/p>\n","protected":false},"excerpt":{"rendered":"<p>14 DIAS EM CASA. *CLAUDIVAL CLEMENTE\u00a0\u00a0\u00a0\u00a0\u00a0\u00a0\u00a0\u00a0\u00a0\u00a0\u00a0\u00a0\u00a0\u00a0\u00a0\u00a0\u00a0\u00a0\u00a0\u00a0\u00a0\u00a0\u00a0\u00a0\u00a0\u00a0\u00a0\u00a0\u00a0\u00a0\u00a0\u00a0\u00a0\u00a0\u00a0\u00a0\u00a0\u00a0\u00a0\u00a0\u00a0\u00a0\u00a0\u00a0\u00a0\u00a0\u00a0\u00a0\u00a0\u00a0\u00a0\u00a0\u00a0\u00a0\u00a0\u00a0\u00a0\u00a0\u00a0\u00a0\u00a0\u00a0\u00a0\u00a0\u00a0\u00a0\u00a0\u00a0\u00a0 *CLAUDIVAL MOURA CLEMENTE Normalmente 14 dias \u00e9 o per\u00edodo necess\u00e1rio para a quarentena do novo coronav\u00edrus, transmitido atrav\u00e9s do covid-19, causa doen\u00e7a respirat\u00f3ria potencialmente grave, exemplo dos surtos causados por dois outros coronav\u00edrus respirat\u00f3rios humanos que surgiram nas \u00faltimas duas d\u00e9cadas (SARS-CoV, MERS-CoV)e foi identificado a primeira vez em [&hellip;]<\/p>\n","protected":false},"author":1,"featured_media":20428,"comment_status":"closed","ping_status":"open","sticky":false,"template":"","format":"standard","meta":{"footnotes":""},"categories":[175],"tags":[],"class_list":["post-20427","post","type-post","status-publish","format-standard","has-post-thumbnail","hentry","category-artigos"],"_links":{"self":[{"href":"https:\/\/jorgezanoni.com.br\/2019\/wp-json\/wp\/v2\/posts\/20427","targetHints":{"allow":["GET"]}}],"collection":[{"href":"https:\/\/jorgezanoni.com.br\/2019\/wp-json\/wp\/v2\/posts"}],"about":[{"href":"https:\/\/jorgezanoni.com.br\/2019\/wp-json\/wp\/v2\/types\/post"}],"author":[{"embeddable":true,"href":"https:\/\/jorgezanoni.com.br\/2019\/wp-json\/wp\/v2\/users\/1"}],"replies":[{"embeddable":true,"href":"https:\/\/jorgezanoni.com.br\/2019\/wp-json\/wp\/v2\/comments?post=20427"}],"version-history":[{"count":0,"href":"https:\/\/jorgezanoni.com.br\/2019\/wp-json\/wp\/v2\/posts\/20427\/revisions"}],"wp:featuredmedia":[{"embeddable":true,"href":"https:\/\/jorgezanoni.com.br\/2019\/wp-json\/wp\/v2\/media\/20428"}],"wp:attachment":[{"href":"https:\/\/jorgezanoni.com.br\/2019\/wp-json\/wp\/v2\/media?parent=20427"}],"wp:term":[{"taxonomy":"category","embeddable":true,"href":"https:\/\/jorgezanoni.com.br\/2019\/wp-json\/wp\/v2\/categories?post=20427"},{"taxonomy":"post_tag","embeddable":true,"href":"https:\/\/jorgezanoni.com.br\/2019\/wp-json\/wp\/v2\/tags?post=20427"}],"curies":[{"name":"wp","href":"https:\/\/api.w.org\/{rel}","templated":true}]}}