{"id":20387,"date":"2020-03-05T15:56:53","date_gmt":"2020-03-05T15:56:53","guid":{"rendered":"https:\/\/jorgezanoni.com.br\/2019\/?p=20387"},"modified":"2020-03-05T15:56:53","modified_gmt":"2020-03-05T15:56:53","slug":"morre-o-dr-mario-lima-que-foi-um-dos-diretores-da-dracena-motor-volkswagem","status":"publish","type":"post","link":"https:\/\/jorgezanoni.com.br\/2019\/morre-o-dr-mario-lima-que-foi-um-dos-diretores-da-dracena-motor-volkswagem\/","title":{"rendered":"Morre o Dr. M\u00e1rio Lima que foi um dos diretores da Dracena Motor Volkswagem"},"content":{"rendered":"<p style=\"text-align: justify;\">A comunidade recebe com tristeza a not\u00edcia da morte do dr. Mario Lima, que foi diretor de entidades, propriet\u00e1rio da Dracena Motor (concession\u00e1ria Volkswagen), que auxiliava fam\u00edlias carentes nos bairros e que era muito discreto e querido. O vel\u00f3rio ocorre no Memorial Vida Prev, com sepultamento \u00e0s 16 horas. Nossos sentimentos \u00e0 fam\u00edlia Lima .<\/p>\n","protected":false},"excerpt":{"rendered":"<p>A comunidade recebe com tristeza a not\u00edcia da morte do dr. Mario Lima, que foi diretor de entidades, propriet\u00e1rio da Dracena Motor (concession\u00e1ria Volkswagen), que auxiliava fam\u00edlias carentes nos bairros e que era muito discreto e querido. O vel\u00f3rio ocorre no Memorial Vida Prev, com sepultamento \u00e0s 16 horas. Nossos sentimentos \u00e0 fam\u00edlia Lima .<\/p>\n","protected":false},"author":1,"featured_media":20388,"comment_status":"closed","ping_status":"open","sticky":false,"template":"","format":"standard","meta":{"footnotes":""},"categories":[178,110],"tags":[],"class_list":["post-20387","post","type-post","status-publish","format-standard","has-post-thumbnail","hentry","category-notadefalecimento","category-noticiasdestaque"],"_links":{"self":[{"href":"https:\/\/jorgezanoni.com.br\/2019\/wp-json\/wp\/v2\/posts\/20387","targetHints":{"allow":["GET"]}}],"collection":[{"href":"https:\/\/jorgezanoni.com.br\/2019\/wp-json\/wp\/v2\/posts"}],"about":[{"href":"https:\/\/jorgezanoni.com.br\/2019\/wp-json\/wp\/v2\/types\/post"}],"author":[{"embeddable":true,"href":"https:\/\/jorgezanoni.com.br\/2019\/wp-json\/wp\/v2\/users\/1"}],"replies":[{"embeddable":true,"href":"https:\/\/jorgezanoni.com.br\/2019\/wp-json\/wp\/v2\/comments?post=20387"}],"version-history":[{"count":0,"href":"https:\/\/jorgezanoni.com.br\/2019\/wp-json\/wp\/v2\/posts\/20387\/revisions"}],"wp:featuredmedia":[{"embeddable":true,"href":"https:\/\/jorgezanoni.com.br\/2019\/wp-json\/wp\/v2\/media\/20388"}],"wp:attachment":[{"href":"https:\/\/jorgezanoni.com.br\/2019\/wp-json\/wp\/v2\/media?parent=20387"}],"wp:term":[{"taxonomy":"category","embeddable":true,"href":"https:\/\/jorgezanoni.com.br\/2019\/wp-json\/wp\/v2\/categories?post=20387"},{"taxonomy":"post_tag","embeddable":true,"href":"https:\/\/jorgezanoni.com.br\/2019\/wp-json\/wp\/v2\/tags?post=20387"}],"curies":[{"name":"wp","href":"https:\/\/api.w.org\/{rel}","templated":true}]}}