{"id":20375,"date":"2020-03-05T11:46:39","date_gmt":"2020-03-05T11:46:39","guid":{"rendered":"https:\/\/jorgezanoni.com.br\/2019\/?p=20375"},"modified":"2020-03-05T15:50:12","modified_gmt":"2020-03-05T15:50:12","slug":"acidente-entre-carro-e-caminhao-deixa-homem-gravemente-ferido-em-vicinal-de-junqueiropolis","status":"publish","type":"post","link":"https:\/\/jorgezanoni.com.br\/2019\/acidente-entre-carro-e-caminhao-deixa-homem-gravemente-ferido-em-vicinal-de-junqueiropolis\/","title":{"rendered":"Acidente entre carro e caminh\u00e3o deixa homem ferido em vicinal de Junqueir\u00f3polis"},"content":{"rendered":"<p style=\"text-align: justify;\">Na noite desta quarta por volta das 19h30,ocorreu um grave acidente na vicinal que liga o pres\u00eddio de Junqueir\u00f3polis at\u00e9 o trevo das Duas Barras entre um ve\u00edculo Corolla Dourado de Junqueir\u00f3polis e um caminh\u00e3o prancha da Usina Rio Vermelho , o prancha foi fazer uma convers\u00e3o e o Corolla que vinha sentido presidio x trevo acabou se chocando contra a traseira do caminh\u00e3o , o motorista do Corolla aparentava ter 60 anos , sofreu ferimentos leves e j\u00e1 recebeu os primeiros atendimentos no local mesmo pelo corpo de bombeiro de junqueir\u00f3polis e logo em seguida foi encaminhado para a Santa Casa local.<\/p>\n<p><img loading=\"lazy\" decoding=\"async\" class=\"alignnone size-full wp-image-20376\" src=\"https:\/\/jorgezanoni.com.br\/2019\/wp-content\/uploads\/2020\/03\/jun1.jpg\" alt=\"\" width=\"1032\" height=\"774\" srcset=\"https:\/\/jorgezanoni.com.br\/2019\/wp-content\/uploads\/2020\/03\/jun1.jpg 1032w, https:\/\/jorgezanoni.com.br\/2019\/wp-content\/uploads\/2020\/03\/jun1-300x225.jpg 300w, https:\/\/jorgezanoni.com.br\/2019\/wp-content\/uploads\/2020\/03\/jun1-768x576.jpg 768w, https:\/\/jorgezanoni.com.br\/2019\/wp-content\/uploads\/2020\/03\/jun1-1024x768.jpg 1024w, https:\/\/jorgezanoni.com.br\/2019\/wp-content\/uploads\/2020\/03\/jun1-80x60.jpg 80w, https:\/\/jorgezanoni.com.br\/2019\/wp-content\/uploads\/2020\/03\/jun1-265x198.jpg 265w, https:\/\/jorgezanoni.com.br\/2019\/wp-content\/uploads\/2020\/03\/jun1-696x522.jpg 696w, https:\/\/jorgezanoni.com.br\/2019\/wp-content\/uploads\/2020\/03\/jun1-560x420.jpg 560w\" sizes=\"auto, (max-width: 1032px) 100vw, 1032px\" \/><\/p>\n<p style=\"text-align: justify;\">Fonte: https:\/\/oestediario.com.br\/<\/p>\n","protected":false},"excerpt":{"rendered":"<p>Na noite desta quarta por volta das 19h30,ocorreu um grave acidente na vicinal que liga o pres\u00eddio de Junqueir\u00f3polis at\u00e9 o trevo das Duas Barras entre um ve\u00edculo Corolla Dourado de Junqueir\u00f3polis e um caminh\u00e3o prancha da Usina Rio Vermelho , o prancha foi fazer uma convers\u00e3o e o Corolla que vinha sentido presidio x [&hellip;]<\/p>\n","protected":false},"author":1,"featured_media":20377,"comment_status":"closed","ping_status":"open","sticky":false,"template":"","format":"standard","meta":{"footnotes":""},"categories":[170,110],"tags":[],"class_list":["post-20375","post","type-post","status-publish","format-standard","has-post-thumbnail","hentry","category-acidentes","category-noticiasdestaque"],"_links":{"self":[{"href":"https:\/\/jorgezanoni.com.br\/2019\/wp-json\/wp\/v2\/posts\/20375","targetHints":{"allow":["GET"]}}],"collection":[{"href":"https:\/\/jorgezanoni.com.br\/2019\/wp-json\/wp\/v2\/posts"}],"about":[{"href":"https:\/\/jorgezanoni.com.br\/2019\/wp-json\/wp\/v2\/types\/post"}],"author":[{"embeddable":true,"href":"https:\/\/jorgezanoni.com.br\/2019\/wp-json\/wp\/v2\/users\/1"}],"replies":[{"embeddable":true,"href":"https:\/\/jorgezanoni.com.br\/2019\/wp-json\/wp\/v2\/comments?post=20375"}],"version-history":[{"count":0,"href":"https:\/\/jorgezanoni.com.br\/2019\/wp-json\/wp\/v2\/posts\/20375\/revisions"}],"wp:featuredmedia":[{"embeddable":true,"href":"https:\/\/jorgezanoni.com.br\/2019\/wp-json\/wp\/v2\/media\/20377"}],"wp:attachment":[{"href":"https:\/\/jorgezanoni.com.br\/2019\/wp-json\/wp\/v2\/media?parent=20375"}],"wp:term":[{"taxonomy":"category","embeddable":true,"href":"https:\/\/jorgezanoni.com.br\/2019\/wp-json\/wp\/v2\/categories?post=20375"},{"taxonomy":"post_tag","embeddable":true,"href":"https:\/\/jorgezanoni.com.br\/2019\/wp-json\/wp\/v2\/tags?post=20375"}],"curies":[{"name":"wp","href":"https:\/\/api.w.org\/{rel}","templated":true}]}}