{"id":20294,"date":"2020-03-04T15:46:44","date_gmt":"2020-03-04T15:46:44","guid":{"rendered":"https:\/\/jorgezanoni.com.br\/2019\/?p=20294"},"modified":"2020-03-04T15:46:44","modified_gmt":"2020-03-04T15:46:44","slug":"dracena-tempersul-intelli-conhece-tabela-da-copa-lpf","status":"publish","type":"post","link":"https:\/\/jorgezanoni.com.br\/2019\/dracena-tempersul-intelli-conhece-tabela-da-copa-lpf\/","title":{"rendered":"Dracena Tempersul Intelli conhece tabela da Copa LPF"},"content":{"rendered":"<p style=\"font-weight: 400; text-align: justify;\">A Liga Paulista de Futsal confirmou a tabela do Dracena Tempersul Intelli na primeira fase da Copa LPF (antiga Copa Paulista). A estreia dracenense ser\u00e1 em S\u00e3o Bernardo do Campo, no dia 20 de mar\u00e7o, contra o time da casa.<\/p>\n<p style=\"font-weight: 400; text-align: justify;\">Vale ressaltar que na Copa LPF os times do Grupo C (Dracena, Pulo do Gato\/Campinas, Araraquara, S\u00e3o Caetano e Hortol\u00e2ndia) visitam as equipes do Grupo A (Indaiatuba, Taubat\u00e9, Ribeir\u00e3o Preto, S\u00e3o Bernardo e Tabo\u00e3o) e recebem em seus dom\u00ednios os advers\u00e1rios do B (Mogi da Cruzes, Santo Andr\u00e9, Botucatuense, N10\/Jundia\u00ed e Yoka\/Guaratinguet\u00e1).<\/p>\n<p style=\"font-weight: 400; text-align: justify;\">Na segunda rodada, dia 23 de mar\u00e7o, ser\u00e1 a vez do Dracena receber a A.A. Botucatuense, no gin\u00e1sio Alaor Ferrari. Nas terceira e quarta rodadas, a equipe comandada por Bruno Silva continua jogando em seus dom\u00ednios contra o N10, dia 9 de abril, e Yoka, dia 13.<\/p>\n<p style=\"font-weight: 400; text-align: justify;\">As quatro pr\u00f3ximas rodadas da Copa ser\u00e3o disputadas longe de casa. Dia 22 de abril o advers\u00e1rio ser\u00e1 o Taubat\u00e9, depois o Tabo\u00e3o (27\/4), o Indaiatuba (6\/5) e, por fim, o Ribeir\u00e3o Preto (19\/5).<\/p>\n<p style=\"font-weight: 400; text-align: justify;\">O esquadr\u00e3o dracenense volta ao Alaor Ferrari contra o Santo Andr\u00e9, em 22 de maio. No dia 26, tamb\u00e9m em seu gin\u00e1sio, recebe o Mogi das Cruzes, encerrando a fase classificat\u00f3ria.<\/p>\n<p style=\"font-weight: 400; text-align: justify;\">Para a edi\u00e7\u00e3o 2020 da Copa LPF, o regulamento prev\u00ea a classifica\u00e7\u00e3o para a segunda fase das quatro primeiras colocadas de cada chave.<\/p>\n<ul style=\"text-align: justify;\">\n<li style=\"font-weight: 400;\">Tabela sujeita a altera\u00e7\u00f5es<\/li>\n<\/ul>\n<p style=\"font-weight: 400; text-align: justify;\">Fonte: Dracena Tempersul Intelli<\/p>\n<p style=\"text-align: justify;\">\n<p style=\"font-weight: 400; text-align: justify;\"><strong>Dracena Tempersul Intelli empata amistoso contra o Guarapuava<\/strong><strong>\u00a0<\/strong><\/p>\n<p style=\"font-weight: 400; text-align: justify;\">Jogando no gin\u00e1sio Joaquinz\u00e3o, em Guarapuava\/PR, o Dracena Tempersul Intelli empatou com o time da casa por 2 a 2, em amistoso de pr\u00e9-temporada.<\/p>\n<p style=\"font-weight: 400; text-align: justify;\">Os gols dracenenses foram marcados por Jo\u00e3ozinho e Dario, enquanto Negueba anotou duas vezes para o Guarapuava.<\/p>\n<p style=\"font-weight: 400; text-align: justify;\">O confronto encera a s\u00e9rie de amistosos da equipe paulista por terras paranaenses. Antes do confronto dessa noite, o time dracenense enfrentou o Foz Cataratas e o Tubar\u00e3o, ambos da Liga Nacional, e o Oper\u00e1rio Laranjeiras, na Laranjeiras Cup.<\/p>\n<p style=\"font-weight: 400; text-align: justify;\">&#8220;A equipe apresentou evolu\u00e7\u00e3o na sequ\u00eancia de partidas. Temos que seguir crescendo para chegar bem tanto na Liga Nacional quanto na Copa LPF&#8221;, disse o t\u00e9cnico Bruno Silva.<\/p>\n<p style=\"font-weight: 400; text-align: justify;\">Ap\u00f3s a sequ\u00eancia de amistosos no Paran\u00e1, o elenco do Dracena Tempersul Intelli ter\u00e1 dois dias de folga e os trabalhos ser\u00e3o retomados na quinta-feira (5).<\/p>\n<p><img loading=\"lazy\" decoding=\"async\" class=\"alignnone size-full wp-image-20296\" src=\"https:\/\/jorgezanoni.com.br\/2019\/wp-content\/uploads\/2020\/03\/temper1.jpg\" alt=\"\" width=\"853\" height=\"1065\" srcset=\"https:\/\/jorgezanoni.com.br\/2019\/wp-content\/uploads\/2020\/03\/temper1.jpg 853w, https:\/\/jorgezanoni.com.br\/2019\/wp-content\/uploads\/2020\/03\/temper1-240x300.jpg 240w, https:\/\/jorgezanoni.com.br\/2019\/wp-content\/uploads\/2020\/03\/temper1-768x959.jpg 768w, https:\/\/jorgezanoni.com.br\/2019\/wp-content\/uploads\/2020\/03\/temper1-820x1024.jpg 820w, https:\/\/jorgezanoni.com.br\/2019\/wp-content\/uploads\/2020\/03\/temper1-696x869.jpg 696w, https:\/\/jorgezanoni.com.br\/2019\/wp-content\/uploads\/2020\/03\/temper1-336x420.jpg 336w\" sizes=\"auto, (max-width: 853px) 100vw, 853px\" \/><\/p>\n<p style=\"font-weight: 400;\">Fonte: Dracena Tempersul Intelli<\/p>\n","protected":false},"excerpt":{"rendered":"<p>A Liga Paulista de Futsal confirmou a tabela do Dracena Tempersul Intelli na primeira fase da Copa LPF (antiga Copa Paulista). A estreia dracenense ser\u00e1 em S\u00e3o Bernardo do Campo, no dia 20 de mar\u00e7o, contra o time da casa. Vale ressaltar que na Copa LPF os times do Grupo C (Dracena, Pulo do Gato\/Campinas, [&hellip;]<\/p>\n","protected":false},"author":1,"featured_media":20295,"comment_status":"closed","ping_status":"open","sticky":false,"template":"","format":"standard","meta":{"footnotes":""},"categories":[111],"tags":[],"class_list":["post-20294","post","type-post","status-publish","format-standard","has-post-thumbnail","hentry","category-esporteecultura"],"_links":{"self":[{"href":"https:\/\/jorgezanoni.com.br\/2019\/wp-json\/wp\/v2\/posts\/20294","targetHints":{"allow":["GET"]}}],"collection":[{"href":"https:\/\/jorgezanoni.com.br\/2019\/wp-json\/wp\/v2\/posts"}],"about":[{"href":"https:\/\/jorgezanoni.com.br\/2019\/wp-json\/wp\/v2\/types\/post"}],"author":[{"embeddable":true,"href":"https:\/\/jorgezanoni.com.br\/2019\/wp-json\/wp\/v2\/users\/1"}],"replies":[{"embeddable":true,"href":"https:\/\/jorgezanoni.com.br\/2019\/wp-json\/wp\/v2\/comments?post=20294"}],"version-history":[{"count":0,"href":"https:\/\/jorgezanoni.com.br\/2019\/wp-json\/wp\/v2\/posts\/20294\/revisions"}],"wp:featuredmedia":[{"embeddable":true,"href":"https:\/\/jorgezanoni.com.br\/2019\/wp-json\/wp\/v2\/media\/20295"}],"wp:attachment":[{"href":"https:\/\/jorgezanoni.com.br\/2019\/wp-json\/wp\/v2\/media?parent=20294"}],"wp:term":[{"taxonomy":"category","embeddable":true,"href":"https:\/\/jorgezanoni.com.br\/2019\/wp-json\/wp\/v2\/categories?post=20294"},{"taxonomy":"post_tag","embeddable":true,"href":"https:\/\/jorgezanoni.com.br\/2019\/wp-json\/wp\/v2\/tags?post=20294"}],"curies":[{"name":"wp","href":"https:\/\/api.w.org\/{rel}","templated":true}]}}