{"id":20290,"date":"2020-03-04T15:07:30","date_gmt":"2020-03-04T15:07:30","guid":{"rendered":"https:\/\/jorgezanoni.com.br\/2019\/?p=20290"},"modified":"2020-03-04T15:08:32","modified_gmt":"2020-03-04T15:08:32","slug":"aluno-de-medicina-da-unifadra-participara-da-gestao-da-associacao-paulista-dos-estudantes-de-medicina","status":"publish","type":"post","link":"https:\/\/jorgezanoni.com.br\/2019\/aluno-de-medicina-da-unifadra-participara-da-gestao-da-associacao-paulista-dos-estudantes-de-medicina\/","title":{"rendered":"Aluno de Medicina da Unifadra participar\u00e1 da gest\u00e3o da Associa\u00e7\u00e3o Paulista dos Estudantes de Medicina"},"content":{"rendered":"<p style=\"font-weight: 400; text-align: justify;\">O jovem Leonardo Medeiros, do 3\u00ba semestre do curso de Medicina da Faculdade Unifadra de Dracena, foi convidado, na \u00faltimo m\u00eas, para integrar a gest\u00e3o 2020 da Associa\u00e7\u00e3o Paulista dos Estudantes de Medicina. Leonardo tomou posse em fevereiro.<\/p>\n<p style=\"font-weight: 400; text-align: justify;\">A Associa\u00e7\u00e3o Paulista dos Estudantes de Medicina \u00e9 uma filial da Associa\u00e7\u00e3o dos Estudantes de Medicina do Brasil ( AEMED-BR), \u00f3rg\u00e3o representativo de todos os estudantes de Medicina do pa\u00eds.<\/p>\n<p style=\"font-weight: 400; text-align: justify;\">O estudante da Unifadra integrar\u00e1 a nova gest\u00e3o da entidade com o cargo de diretor de eventos. Leonardo tamb\u00e9m \u00e9 presidente do Centro Acad\u00eamico da Unifadra e diretor social da Atl\u00e9tica de Medicina da Unifadra. O estudante de Dracena representar\u00e1 estudantes das novas faculdades de Medicina e grande parte do interior paulista na AEMED.<\/p>\n<p style=\"font-weight: 400; text-align: justify;\">A Unifadra parabeniza Leonardo pelo engajamento e pelas participa\u00e7\u00f5es acad\u00eamicas!<\/p>\n<p style=\"font-weight: 400; text-align: justify;\">Foto:\u00a0Leonardo Medeiros, aluno de Medicina da Unifadra.<\/p>\n<p style=\"font-weight: 400; text-align: justify;\">Carolina Colnago<\/p>\n<p style=\"font-weight: 400; text-align: justify;\">Assessora de Comunica\u00e7\u00e3o da Fundec &#8211; Jornalista<\/p>\n","protected":false},"excerpt":{"rendered":"<p>O jovem Leonardo Medeiros, do 3\u00ba semestre do curso de Medicina da Faculdade Unifadra de Dracena, foi convidado, na \u00faltimo m\u00eas, para integrar a gest\u00e3o 2020 da Associa\u00e7\u00e3o Paulista dos Estudantes de Medicina. Leonardo tomou posse em fevereiro. A Associa\u00e7\u00e3o Paulista dos Estudantes de Medicina \u00e9 uma filial da Associa\u00e7\u00e3o dos Estudantes de Medicina do [&hellip;]<\/p>\n","protected":false},"author":1,"featured_media":20291,"comment_status":"closed","ping_status":"open","sticky":false,"template":"","format":"standard","meta":{"footnotes":""},"categories":[122],"tags":[],"class_list":["post-20290","post","type-post","status-publish","format-standard","has-post-thumbnail","hentry","category-saudeeducacaoeconcurso"],"_links":{"self":[{"href":"https:\/\/jorgezanoni.com.br\/2019\/wp-json\/wp\/v2\/posts\/20290","targetHints":{"allow":["GET"]}}],"collection":[{"href":"https:\/\/jorgezanoni.com.br\/2019\/wp-json\/wp\/v2\/posts"}],"about":[{"href":"https:\/\/jorgezanoni.com.br\/2019\/wp-json\/wp\/v2\/types\/post"}],"author":[{"embeddable":true,"href":"https:\/\/jorgezanoni.com.br\/2019\/wp-json\/wp\/v2\/users\/1"}],"replies":[{"embeddable":true,"href":"https:\/\/jorgezanoni.com.br\/2019\/wp-json\/wp\/v2\/comments?post=20290"}],"version-history":[{"count":0,"href":"https:\/\/jorgezanoni.com.br\/2019\/wp-json\/wp\/v2\/posts\/20290\/revisions"}],"wp:featuredmedia":[{"embeddable":true,"href":"https:\/\/jorgezanoni.com.br\/2019\/wp-json\/wp\/v2\/media\/20291"}],"wp:attachment":[{"href":"https:\/\/jorgezanoni.com.br\/2019\/wp-json\/wp\/v2\/media?parent=20290"}],"wp:term":[{"taxonomy":"category","embeddable":true,"href":"https:\/\/jorgezanoni.com.br\/2019\/wp-json\/wp\/v2\/categories?post=20290"},{"taxonomy":"post_tag","embeddable":true,"href":"https:\/\/jorgezanoni.com.br\/2019\/wp-json\/wp\/v2\/tags?post=20290"}],"curies":[{"name":"wp","href":"https:\/\/api.w.org\/{rel}","templated":true}]}}