{"id":20287,"date":"2020-03-04T14:05:56","date_gmt":"2020-03-04T14:05:56","guid":{"rendered":"https:\/\/jorgezanoni.com.br\/2019\/?p=20287"},"modified":"2020-03-04T14:05:56","modified_gmt":"2020-03-04T14:05:56","slug":"dia-internacional-da-mulher-e-senso-comum-no-pais-do-faz-de-conta","status":"publish","type":"post","link":"https:\/\/jorgezanoni.com.br\/2019\/dia-internacional-da-mulher-e-senso-comum-no-pais-do-faz-de-conta\/","title":{"rendered":"Dia Internacional da Mulher e senso comum no &#8220;Pa\u00eds do faz de conta&#8230;&#8221;"},"content":{"rendered":"<p style=\"text-align: justify;\"><strong>DIA INTERNACIONAL DA MULHER E SENSO COMUM NO \u201cPA\u00cdS DO FAZ DE CONTA&#8230;\u201d<\/strong><\/p>\n<p style=\"text-align: justify;\"><em>\u201dA primavera chegar\u00e1, mesmo que ningu\u00e9m mais saiba seu nome, nem acredite no calend\u00e1rio, nem possua jardim para receb\u00ea-la.&#8221; (<\/em><a href=\"https:\/\/pensador.uol.com.br\/autor\/cecilia_meireles\/\"><em>Cec\u00edlia Meireles<\/em><\/a><em>)<\/em><em>\u00a0<\/em><\/p>\n<p style=\"text-align: justify;\"><strong><em>\u00c0s mulheres deste novo tempo novo, dedico!<\/em><\/strong><strong><em>\u00a0<\/em><\/strong><\/p>\n<p style=\"text-align: justify;\">Neste domingo, dia 8 de Mar\u00e7o, muitas comemora\u00e7\u00f5es e outros desencontros como homenagem ao &#8220;Dia Internacional da Mulher&#8221; em tempo de p\u00f3s-globaliza\u00e7\u00e3o organizacional, bem como, com a proposta mediada pelo glocal, ou seja, do global para o local&#8230;<\/p>\n<p style=\"text-align: justify;\">Entretanto, entendo que no atual cen\u00e1rio em que se encontra o &#8220;Pa\u00eds do faz de conta&#8221;, ainda, considerando o contexto local neste quase final de mais um mandato neste ou naquele cargo eletivo, bem como, de acordo com a proposta mediada por meio do &#8220;o que vier \u00e9 lucro&#8221;, haja vista as muitas promessas na Campanha eleitoral e tudo mais em meio ao tudo de menos&#8230;<\/p>\n<p style=\"text-align: justify;\">Desta forma, &#8220;Honra, a quem honra&#8221;, neste caso em especial, faz-se necess\u00e1rio refor\u00e7ar a data em homenagem as mulheres no cen\u00e1rio mundial, todavia, n\u00e3o se pode esquecer a conjuntura local para muitos olhares de um mesmo olhar&#8230;<\/p>\n<p style=\"text-align: justify;\">A sociedade local \u00e9 conservadora e moralista (sic), entretanto, torna-se fundamental estar em conex\u00e3o com os fatos em n\u00edvel de p\u00f3s-globaliza\u00e7\u00e3o midi\u00e1tica, entretanto, &#8220;todo \u00e9 pouco&#8221; como afirma o dito popular&#8230;<\/p>\n<p style=\"text-align: justify;\">Neste cen\u00e1rio, pode-se destacar a participa\u00e7\u00e3o e presen\u00e7a de muitas mulheres em todas as \u00e1reas, todavia, faz-se necess\u00e1rio que as mesmas, ainda, possam estar em sintonia visando \u00e0 busca e supera\u00e7\u00e3o dos novos desafios que est\u00e3o nas \u00e1reas familiar, acad\u00eamica e profissional&#8230;<\/p>\n<p style=\"text-align: justify;\">Todavia, tamb\u00e9m, existem muitas MULHERES preocupadas apenas como seu EU, por\u00e9m, de um jeito ou de outro e de acordo com os objetivos em comum, a maioria das MULHERES est\u00e3o em conex\u00e3o com os avan\u00e7os por meio das atividades desenvolvidas coletivamente&#8230;<\/p>\n<p style=\"text-align: justify;\">Assim, n\u00e3o se pode esperar muito dos \u201cdonos do poder\u201d, haja vista os interesses que existem em benef\u00edcio disto ou daquilo, ainda, sem mais e sem menos..<\/p>\n<p style=\"text-align: justify;\">Por\u00e9m, que o &#8220;Dia Internacional da Mulher&#8221;, ainda, possa fazer a diferen\u00e7a neste tempo novo tempo que se chama hoje, haja vista que o denominado universo feminino encontra-se em expans\u00e3o para muitas conquistas pelo m\u00e9rito dos resultados em todas as \u00e1reas de atua\u00e7\u00e3o&#8230;<\/p>\n<p style=\"text-align: justify;\">Tais considera\u00e7\u00f5es s\u00e3o mais do que necess\u00e1rias neste NOVO TEMPO NOVO para as MULHERES em n\u00edvel GLOCAL, ou seja, do GLOBAL para o LOCAL neste contexto plural para as mesmas&#8230;<\/p>\n<p style=\"text-align: justify;\">AVE MULHERES DO MUNDO!!!<\/p>\n<p style=\"text-align: justify;\"><em>___________________________<\/em><\/p>\n<p><em>(*) jornalista diplomado e professor universit\u00e1rio.<\/em><\/p>\n","protected":false},"excerpt":{"rendered":"<p>DIA INTERNACIONAL DA MULHER E SENSO COMUM NO \u201cPA\u00cdS DO FAZ DE CONTA&#8230;\u201d \u201dA primavera chegar\u00e1, mesmo que ningu\u00e9m mais saiba seu nome, nem acredite no calend\u00e1rio, nem possua jardim para receb\u00ea-la.&#8221; (Cec\u00edlia Meireles)\u00a0 \u00c0s mulheres deste novo tempo novo, dedico!\u00a0 Neste domingo, dia 8 de Mar\u00e7o, muitas comemora\u00e7\u00f5es e outros desencontros como homenagem ao [&hellip;]<\/p>\n","protected":false},"author":1,"featured_media":20288,"comment_status":"closed","ping_status":"open","sticky":false,"template":"","format":"standard","meta":{"footnotes":""},"categories":[175],"tags":[],"class_list":["post-20287","post","type-post","status-publish","format-standard","has-post-thumbnail","hentry","category-artigos"],"_links":{"self":[{"href":"https:\/\/jorgezanoni.com.br\/2019\/wp-json\/wp\/v2\/posts\/20287","targetHints":{"allow":["GET"]}}],"collection":[{"href":"https:\/\/jorgezanoni.com.br\/2019\/wp-json\/wp\/v2\/posts"}],"about":[{"href":"https:\/\/jorgezanoni.com.br\/2019\/wp-json\/wp\/v2\/types\/post"}],"author":[{"embeddable":true,"href":"https:\/\/jorgezanoni.com.br\/2019\/wp-json\/wp\/v2\/users\/1"}],"replies":[{"embeddable":true,"href":"https:\/\/jorgezanoni.com.br\/2019\/wp-json\/wp\/v2\/comments?post=20287"}],"version-history":[{"count":0,"href":"https:\/\/jorgezanoni.com.br\/2019\/wp-json\/wp\/v2\/posts\/20287\/revisions"}],"wp:featuredmedia":[{"embeddable":true,"href":"https:\/\/jorgezanoni.com.br\/2019\/wp-json\/wp\/v2\/media\/20288"}],"wp:attachment":[{"href":"https:\/\/jorgezanoni.com.br\/2019\/wp-json\/wp\/v2\/media?parent=20287"}],"wp:term":[{"taxonomy":"category","embeddable":true,"href":"https:\/\/jorgezanoni.com.br\/2019\/wp-json\/wp\/v2\/categories?post=20287"},{"taxonomy":"post_tag","embeddable":true,"href":"https:\/\/jorgezanoni.com.br\/2019\/wp-json\/wp\/v2\/tags?post=20287"}],"curies":[{"name":"wp","href":"https:\/\/api.w.org\/{rel}","templated":true}]}}