{"id":20190,"date":"2020-03-03T01:28:02","date_gmt":"2020-03-03T01:28:02","guid":{"rendered":"https:\/\/jorgezanoni.com.br\/2019\/?p=20190"},"modified":"2020-03-03T01:28:02","modified_gmt":"2020-03-03T01:28:02","slug":"corpo-do-sertanejo-henrique-da-dupla-com-netto-e-velado-no-interior-de-sp","status":"publish","type":"post","link":"https:\/\/jorgezanoni.com.br\/2019\/corpo-do-sertanejo-henrique-da-dupla-com-netto-e-velado-no-interior-de-sp\/","title":{"rendered":"Corpo do sertanejo Henrique, da dupla com Netto, \u00e9 velado no interior de SP"},"content":{"rendered":"<h2 class=\"content-head__subtitle\" style=\"text-align: justify;\"><strong>Cantor morreu na madrugada desta segunda-feira (2), ap\u00f3s 22 dias de interna\u00e7\u00e3o por conta de um acidente de carro em Santa F\u00e9 do Sul (SP).<\/strong><\/h2>\n<div class=\"mc-column content-text active-extra-styles \" data-block-type=\"unstyled\" data-block-weight=\"42\" data-block-id=\"2\">\n<p class=\"content-text__container \" style=\"text-align: justify;\" data-track-category=\"Link no Texto\" data-track-links=\"\">O corpo do cantor sertanejo Henrique, da dupla\u00a0<a href=\"https:\/\/g1.globo.com\/pop-arte\/musica\/noticia\/2020\/02\/11\/netto-e-henrique-conheca-o-trabalho-da-dupla-sertaneja-musico-esta-em-estado-grave-apos-acidente-de-carro.ghtml\">Netto e Henrique<\/a>, que morreu\u00a0<a href=\"https:\/\/g1.globo.com\/sp\/sao-jose-do-rio-preto-aracatuba\/noticia\/2020\/03\/02\/morre-cantor-sertanejo-que-estava-internado-ha-mais-de-20-dias-apos-acidente-de-carro.ghtml\">na madrugada desta segunda-feira\u00a0<\/a>(2), \u00e9 velado na regi\u00e3o noroeste paulista. O m\u00fasico sofreu traumatismo craniano ap\u00f3s\u00a0<a href=\"https:\/\/g1.globo.com\/sp\/sao-jose-do-rio-preto-aracatuba\/noticia\/2020\/02\/09\/video-mostra-carro-de-cantor-sertanejo-em-chamas-apos-acidente-no-interior-de-sp.ghtml\">se envolver em um acidente no dia 8 de fevereiro.<\/a><\/p>\n<\/div>\n<div class=\"wall protected-content\">\n<div class=\"mc-column content-text active-extra-styles \" data-block-type=\"unstyled\" data-block-weight=\"32\" data-block-id=\"3\">\n<p class=\"content-text__container \" style=\"text-align: justify;\" data-track-category=\"Link no Texto\" data-track-links=\"\">Henrique nasceu em Santa Salete. No entanto, a fam\u00edlia do cantor optou por fazer parte do vel\u00f3rio em Fernand\u00f3polis, munic\u00edpio onde a dupla come\u00e7ou a carreira, durante o per\u00edodo da tarde.<\/p>\n<div class=\"mc-column content-text active-extra-styles \" style=\"text-align: justify;\" data-block-type=\"unstyled\" data-block-weight=\"26\" data-block-id=\"5\">\n<p class=\"content-text__container \" data-track-category=\"Link no Texto\" data-track-links=\"\">J\u00e1 por volta das 19h30, o corpo dele foi levado para Santa Salete, onde est\u00e1 sendo velado e ser\u00e1 enterrado na manh\u00e3 de ter\u00e7a-feira (3).<\/p>\n<\/div>\n<div class=\"mc-column content-text active-extra-styles\" data-block-type=\"raw\" data-block-weight=\"8\" data-block-id=\"7\">\n<ul class=\"content-unordered-list\" style=\"text-align: justify;\">\n<li><a href=\"https:\/\/g1.globo.com\/sp\/sao-jose-do-rio-preto-aracatuba\/noticia\/2020\/03\/02\/famosos-repercutem-morte-do-cantor-sertanejo-henrique.ghtml\">&#8220;Perda precoce&#8221;, diz cantor Giovani; veja a repercuss\u00e3o<\/a><\/li>\n<\/ul>\n<p style=\"text-align: justify;\"><img loading=\"lazy\" decoding=\"async\" class=\"alignnone size-full wp-image-20192\" src=\"https:\/\/jorgezanoni.com.br\/2019\/wp-content\/uploads\/2020\/03\/cantor1.jpeg\" alt=\"\" width=\"640\" height=\"360\" srcset=\"https:\/\/jorgezanoni.com.br\/2019\/wp-content\/uploads\/2020\/03\/cantor1.jpeg 640w, https:\/\/jorgezanoni.com.br\/2019\/wp-content\/uploads\/2020\/03\/cantor1-300x169.jpeg 300w\" sizes=\"auto, (max-width: 640px) 100vw, 640px\" \/><\/p>\n<div class=\"row medium-uncollapsed content-media content-photo\" style=\"text-align: justify;\" data-block-type=\"backstage-photo\" data-block-id=\"8\">\n<div class=\"mc-column content-media__container\">\n<p class=\"content-media__description \">Caix\u00e3o com o corpo de Henrique \u00e9 retirado do carro para ser velado em Fernand\u00f3polis \u2014 Foto: Rafael Honorato\/TV TEM<\/p>\n<\/div>\n<\/div>\n<div class=\"mc-column content-text active-extra-styles \" style=\"text-align: justify;\" data-block-type=\"unstyled\" data-block-weight=\"30\" data-block-id=\"9\">\n<p class=\"content-text__container \" data-track-category=\"Link no Texto\" data-track-links=\"\">O m\u00fasico tinha 22 anos e, no dia do acidente,\u00a0<a href=\"https:\/\/g1.globo.com\/sp\/sao-jose-do-rio-preto-aracatuba\/noticia\/2020\/02\/08\/cantor-sertanejo-e-resgatado-de-carro-em-chamas-apos-acidente-em-santa-fe-do-sul.ghtml\">seguia pela Avenida Navarro de Andrade,<\/a>\u00a0em Santa F\u00e9 do Sul (SP), quando bateu na traseira de uma caminhonete.<\/p>\n<\/div>\n<div class=\"mc-column content-text active-extra-styles \" data-block-type=\"unstyled\" data-block-weight=\"34\" data-block-id=\"10\">\n<p class=\"content-text__container \" style=\"text-align: justify;\" data-track-category=\"Link no Texto\" data-track-links=\"\">Ap\u00f3s a colis\u00e3o,\u00a0<a href=\"https:\/\/g1.globo.com\/sp\/sao-jose-do-rio-preto-aracatuba\/noticia\/2020\/02\/09\/video-mostra-carro-de-cantor-sertanejo-em-chamas-apos-acidente-no-interior-de-sp.ghtml\">o ve\u00edculo pegou fogo,<\/a>\u00a0mas ele foi retirado do ve\u00edculo antes que as chamas come\u00e7assem. Um\u00a0<a href=\"https:\/\/g1.globo.com\/sp\/sao-jose-do-rio-preto-aracatuba\/noticia\/2020\/02\/09\/video-mostra-carro-de-cantor-sertanejo-em-chamas-apos-acidente-no-interior-de-sp.ghtml\">v\u00eddeo registrou<\/a>\u00a0o momento em que o carro dele pegava fogo.<\/p>\n<p style=\"text-align: justify;\" data-track-category=\"Link no Texto\" data-track-links=\"\">Fonte: https:\/\/g1.globo.com\/sp\/sao-jose-do-rio-preto-aracatuba\/noticia\/2020\/03\/02\/corpo-do-sertanejo-henrique-da-dupla-com-netto-e-velado-em-fernandopolis.ghtml<\/p>\n<\/div>\n<\/div>\n<\/div>\n<\/div>\n","protected":false},"excerpt":{"rendered":"<p>Cantor morreu na madrugada desta segunda-feira (2), ap\u00f3s 22 dias de interna\u00e7\u00e3o por conta de um acidente de carro em Santa F\u00e9 do Sul (SP). O corpo do cantor sertanejo Henrique, da dupla\u00a0Netto e Henrique, que morreu\u00a0na madrugada desta segunda-feira\u00a0(2), \u00e9 velado na regi\u00e3o noroeste paulista. O m\u00fasico sofreu traumatismo craniano ap\u00f3s\u00a0se envolver em um [&hellip;]<\/p>\n","protected":false},"author":1,"featured_media":20191,"comment_status":"closed","ping_status":"open","sticky":false,"template":"","format":"standard","meta":{"footnotes":""},"categories":[183,178,110],"tags":[],"class_list":["post-20190","post","type-post","status-publish","format-standard","has-post-thumbnail","hentry","category-musicaeturismo","category-notadefalecimento","category-noticiasdestaque"],"_links":{"self":[{"href":"https:\/\/jorgezanoni.com.br\/2019\/wp-json\/wp\/v2\/posts\/20190","targetHints":{"allow":["GET"]}}],"collection":[{"href":"https:\/\/jorgezanoni.com.br\/2019\/wp-json\/wp\/v2\/posts"}],"about":[{"href":"https:\/\/jorgezanoni.com.br\/2019\/wp-json\/wp\/v2\/types\/post"}],"author":[{"embeddable":true,"href":"https:\/\/jorgezanoni.com.br\/2019\/wp-json\/wp\/v2\/users\/1"}],"replies":[{"embeddable":true,"href":"https:\/\/jorgezanoni.com.br\/2019\/wp-json\/wp\/v2\/comments?post=20190"}],"version-history":[{"count":0,"href":"https:\/\/jorgezanoni.com.br\/2019\/wp-json\/wp\/v2\/posts\/20190\/revisions"}],"wp:featuredmedia":[{"embeddable":true,"href":"https:\/\/jorgezanoni.com.br\/2019\/wp-json\/wp\/v2\/media\/20191"}],"wp:attachment":[{"href":"https:\/\/jorgezanoni.com.br\/2019\/wp-json\/wp\/v2\/media?parent=20190"}],"wp:term":[{"taxonomy":"category","embeddable":true,"href":"https:\/\/jorgezanoni.com.br\/2019\/wp-json\/wp\/v2\/categories?post=20190"},{"taxonomy":"post_tag","embeddable":true,"href":"https:\/\/jorgezanoni.com.br\/2019\/wp-json\/wp\/v2\/tags?post=20190"}],"curies":[{"name":"wp","href":"https:\/\/api.w.org\/{rel}","templated":true}]}}