{"id":20171,"date":"2020-03-02T22:54:00","date_gmt":"2020-03-02T22:54:00","guid":{"rendered":"https:\/\/jorgezanoni.com.br\/2019\/?p=20171"},"modified":"2020-03-02T22:54:00","modified_gmt":"2020-03-02T22:54:00","slug":"dracena-tempersul-intelli-encerra-participacao-na-laranjeiras-cup","status":"publish","type":"post","link":"https:\/\/jorgezanoni.com.br\/2019\/dracena-tempersul-intelli-encerra-participacao-na-laranjeiras-cup\/","title":{"rendered":"Dracena Tempersul Intelli encerra participa\u00e7\u00e3o na Laranjeiras Cup"},"content":{"rendered":"<p style=\"font-weight: 400;\">A equipe do Dracena Tempersul Intelli terminou sua participa\u00e7\u00e3o na Laranjeiras Cup 2020, em Laranjeiras do Sul\/PR, na quarta coloca\u00e7\u00e3o, com um empate e duas derrotas.<\/p>\n<p style=\"font-weight: 400; text-align: justify;\">O empate foi conquistado frente ao time da casa, o Oper\u00e1rio Laranjeiras, por 3 a 3. O destaque do confronto foi o piv\u00f4 Vitinho, autor dos tr\u00eas gols dracenenses.<\/p>\n<p style=\"font-weight: 400; text-align: justify;\">Nos outros duelos, frente ao Tubar\u00e3o (SC) e ao Foz Cataratas (PR), a equipe sentiu a falta de ritmo de jogo e o est\u00e1gio inicial de prepara\u00e7\u00e3o e foi superada por 3 a 0 e 9 a 2, respectivamente. Os gols do Dracena foram marcados por Vitinho e Dar\u00edo.<\/p>\n<p style=\"font-weight: 400; text-align: justify;\">Para o t\u00e9cnico Bruno Silva, &#8220;o saldo da Laranjeiras Cup \u00e9 muito positivo. Sab\u00edamos das dificuldades por termos come\u00e7ado os trabalhos depois dos advers\u00e1rios da Liga (Tubar\u00e3o e Foz Cataratas) que estavam aqui, mas aceitamos o desafio com o intuito de competir e buscar a evolu\u00e7\u00e3o. Isso foi feito&#8221;, disse. &#8220;Houve uma oscila\u00e7\u00e3o natural de come\u00e7o de trabalho. Temos que seguir aprendendo, evoluindo, fazendo os testes que a equipe precisa&#8221;, completou.<\/p>\n<p style=\"font-weight: 400; text-align: justify;\">Nesta segunda-feira (2), a pr\u00e9-temporada segue com um amistoso frente ao CAD Guarapuava, no gin\u00e1sio Joaquinz\u00e3o, casa do advers\u00e1rio, a partir das 20h30.<\/p>\n<p><img loading=\"lazy\" decoding=\"async\" class=\"alignnone size-full wp-image-20172\" src=\"https:\/\/jorgezanoni.com.br\/2019\/wp-content\/uploads\/2020\/03\/temper.jpeg\" alt=\"\" width=\"1280\" height=\"853\" srcset=\"https:\/\/jorgezanoni.com.br\/2019\/wp-content\/uploads\/2020\/03\/temper.jpeg 1280w, https:\/\/jorgezanoni.com.br\/2019\/wp-content\/uploads\/2020\/03\/temper-300x200.jpeg 300w, https:\/\/jorgezanoni.com.br\/2019\/wp-content\/uploads\/2020\/03\/temper-768x512.jpeg 768w, https:\/\/jorgezanoni.com.br\/2019\/wp-content\/uploads\/2020\/03\/temper-1024x682.jpeg 1024w, https:\/\/jorgezanoni.com.br\/2019\/wp-content\/uploads\/2020\/03\/temper-696x464.jpeg 696w, https:\/\/jorgezanoni.com.br\/2019\/wp-content\/uploads\/2020\/03\/temper-1068x712.jpeg 1068w, https:\/\/jorgezanoni.com.br\/2019\/wp-content\/uploads\/2020\/03\/temper-630x420.jpeg 630w\" sizes=\"auto, (max-width: 1280px) 100vw, 1280px\" \/><\/p>\n<p style=\"text-align: justify;\">Fonte:\u00a0Dracena Tempersul Intelli<\/p>\n","protected":false},"excerpt":{"rendered":"<p>A equipe do Dracena Tempersul Intelli terminou sua participa\u00e7\u00e3o na Laranjeiras Cup 2020, em Laranjeiras do Sul\/PR, na quarta coloca\u00e7\u00e3o, com um empate e duas derrotas. O empate foi conquistado frente ao time da casa, o Oper\u00e1rio Laranjeiras, por 3 a 3. O destaque do confronto foi o piv\u00f4 Vitinho, autor dos tr\u00eas gols dracenenses. [&hellip;]<\/p>\n","protected":false},"author":1,"featured_media":20173,"comment_status":"closed","ping_status":"open","sticky":false,"template":"","format":"standard","meta":{"footnotes":""},"categories":[111],"tags":[],"class_list":["post-20171","post","type-post","status-publish","format-standard","has-post-thumbnail","hentry","category-esporteecultura"],"_links":{"self":[{"href":"https:\/\/jorgezanoni.com.br\/2019\/wp-json\/wp\/v2\/posts\/20171","targetHints":{"allow":["GET"]}}],"collection":[{"href":"https:\/\/jorgezanoni.com.br\/2019\/wp-json\/wp\/v2\/posts"}],"about":[{"href":"https:\/\/jorgezanoni.com.br\/2019\/wp-json\/wp\/v2\/types\/post"}],"author":[{"embeddable":true,"href":"https:\/\/jorgezanoni.com.br\/2019\/wp-json\/wp\/v2\/users\/1"}],"replies":[{"embeddable":true,"href":"https:\/\/jorgezanoni.com.br\/2019\/wp-json\/wp\/v2\/comments?post=20171"}],"version-history":[{"count":0,"href":"https:\/\/jorgezanoni.com.br\/2019\/wp-json\/wp\/v2\/posts\/20171\/revisions"}],"wp:featuredmedia":[{"embeddable":true,"href":"https:\/\/jorgezanoni.com.br\/2019\/wp-json\/wp\/v2\/media\/20173"}],"wp:attachment":[{"href":"https:\/\/jorgezanoni.com.br\/2019\/wp-json\/wp\/v2\/media?parent=20171"}],"wp:term":[{"taxonomy":"category","embeddable":true,"href":"https:\/\/jorgezanoni.com.br\/2019\/wp-json\/wp\/v2\/categories?post=20171"},{"taxonomy":"post_tag","embeddable":true,"href":"https:\/\/jorgezanoni.com.br\/2019\/wp-json\/wp\/v2\/tags?post=20171"}],"curies":[{"name":"wp","href":"https:\/\/api.w.org\/{rel}","templated":true}]}}