{"id":20156,"date":"2020-03-02T15:04:50","date_gmt":"2020-03-02T15:04:50","guid":{"rendered":"https:\/\/jorgezanoni.com.br\/2019\/?p=20156"},"modified":"2020-03-02T15:04:50","modified_gmt":"2020-03-02T15:04:50","slug":"secretaria-municipal-de-saude-confirma-primeiro-caso-suspeito-de-coronavirus-em-presidente-prudente","status":"publish","type":"post","link":"https:\/\/jorgezanoni.com.br\/2019\/secretaria-municipal-de-saude-confirma-primeiro-caso-suspeito-de-coronavirus-em-presidente-prudente\/","title":{"rendered":"Secretaria Municipal de Sa\u00fade confirma primeiro caso suspeito de coronav\u00edrus em Presidente Prudente"},"content":{"rendered":"<h2 class=\"content-head__subtitle\" style=\"text-align: justify;\"><strong>Trata-se de uma mulher de 21 anos que, em S\u00e3o Paulo (SP), durante o carnaval, teve contato com uma prima que veio do Jap\u00e3o, tamb\u00e9m com a suspeita da doen\u00e7a.<\/strong><\/h2>\n<div class=\"mc-column content-text active-extra-styles \" data-block-type=\"unstyled\" data-block-weight=\"32\" data-block-id=\"2\">\n<p class=\"content-text__container \" style=\"text-align: justify;\" data-track-category=\"Link no Texto\" data-track-links=\"\">A Secretaria Municipal de Sa\u00fade de\u00a0<a href=\"http:\/\/g1.globo.com\/sp\/presidente-prudente-regiao\/cidade\/presidente-prudente.html\">Presidente Prudente<\/a>\u00a0confirmou, nesta segunda-feira (2), o primeiro caso suspeito de coronav\u00edrus na cidade. Contudo, o caso ainda n\u00e3o foi considerado suspeito pelo Minist\u00e9rio da Sa\u00fade.<\/p>\n<\/div>\n<div class=\"wall protected-content\">\n<div class=\"mc-column content-text active-extra-styles \" style=\"text-align: justify;\" data-block-type=\"unstyled\" data-block-weight=\"30\" data-block-id=\"3\">\n<p class=\"content-text__container \" data-track-category=\"Link no Texto\" data-track-links=\"\">Trata-se de uma mulher de 21 anos que, em S\u00e3o Paulo (SP), durante o carnaval, teve contato com uma prima que veio do Jap\u00e3o, tamb\u00e9m com a suspeita da doen\u00e7a.<\/p>\n<\/div>\n<div class=\"mc-column content-text active-extra-styles \" style=\"text-align: justify;\" data-block-type=\"unstyled\" data-block-weight=\"22\" data-block-id=\"4\">\n<p class=\"content-text__container \" data-track-category=\"Link no Texto\" data-track-links=\"\">O material colhido para an\u00e1lise foi encaminhado para o Instituto Adolfo Lutz, em S\u00e3o Paulo e o resultado est\u00e1 sendo aguardado.<\/p>\n<\/div>\n<div class=\"mc-column content-text active-extra-styles \" style=\"text-align: justify;\" data-block-type=\"unstyled\" data-block-weight=\"46\" data-block-id=\"5\">\n<p class=\"content-text__container \" data-track-category=\"Link no Texto\" data-track-links=\"\">Segundo o secret\u00e1rio municipal de Sa\u00fade Valmir da Silva Pinto, &#8220;os sintomas do coronav\u00edrus, s\u00e3o parecidos com o de uma gripe e como temos que respeitar os protocolos, foi colhido o material do paciente no mesmo dia que ele se apresentou no hospital&#8221;, explicou o secret\u00e1rio.<\/p>\n<\/div>\n<div class=\"mc-column content-text active-extra-styles \" style=\"text-align: justify;\" data-block-type=\"unstyled\" data-block-weight=\"36\" data-block-id=\"6\">\n<p class=\"content-text__container \" data-track-category=\"Link no Texto\" data-track-links=\"\">&#8220;Tivemos a informa\u00e7\u00e3o de que essa pessoa, no Carnaval, teve contato com uma outra pessoa que esteve no Jap\u00e3o. Em fun\u00e7\u00e3o disso, tomamos as medidas necess\u00e1rias. O resultado deve sair ainda essa semana&#8221;, disse o secret\u00e1rio.<\/p>\n<\/div>\n<div class=\"mc-column content-text active-extra-styles \" style=\"text-align: justify;\" data-block-type=\"unstyled\" data-block-weight=\"26\" data-block-id=\"7\">\n<p class=\"content-text__container \" data-track-category=\"Link no Texto\" data-track-links=\"\">Ainda conforme informa\u00e7\u00f5es de Silva, a paciente n\u00e3o precisou ficar internada. Ela est\u00e1 em isolamento social em sua casa, junto aos familiares e est\u00e1 sendo monitorada.<\/p>\n<\/div>\n<div class=\"mc-column content-text active-extra-styles \" style=\"text-align: justify;\" data-block-type=\"unstyled\" data-block-weight=\"38\" data-block-id=\"8\">\n<p class=\"content-text__container \" data-track-category=\"Link no Texto\" data-track-links=\"\">&#8220;N\u00e3o houve agravamento ou absolutamente nada que pudesse justificar uma interna\u00e7\u00e3o ou isolamento hospitalar do paciente. Ele foi atendido, a primeiro momento, em hospital particular e chegou ao local com sintomas de gripe, coriza, dor de garganta&#8221;, acrescentou.<\/p>\n<\/div>\n<div class=\"content-ads content-ads--reveal\" style=\"text-align: justify;\" data-block-type=\"ads\" data-block-id=\"9\"><\/div>\n<div class=\"mc-column content-text active-extra-styles \" style=\"text-align: justify;\" data-block-type=\"unstyled\" data-block-weight=\"20\" data-block-id=\"10\">\n<p class=\"content-text__container \" data-track-category=\"Link no Texto\" data-track-links=\"\">Ao\u00a0<strong>G1<\/strong>, a Secretaria de Estado da Sa\u00fade declarou que &#8220;informar\u00e1 t\u00e3o logo tenha a confirma\u00e7\u00e3o\/ou n\u00e3o do caso suspeito&#8221;.<\/p>\n<\/div>\n<div class=\"mc-column content-text active-extra-styles\" style=\"text-align: justify;\" data-block-type=\"raw\" data-block-weight=\"15\" data-block-id=\"11\">\n<ul class=\"content-unordered-list\">\n<li><a href=\"https:\/\/g1.globo.com\/sp\/presidente-prudente-regiao\/noticia\/2020\/02\/04\/na-asia-biologo-de-presidente-prudente-enfrenta-rotina-de-cuidados-contra-o-coronavirus-ficamos-preocupados.ghtml\">Na \u00c1sia, bi\u00f3logo de Presidente Prudente enfrenta rotina de cuidados contra o coronav\u00edrus: &#8216;Ficamos preocupados&#8217;<\/a><\/li>\n<\/ul>\n<\/div>\n<div class=\"mc-column content-text active-extra-styles\" style=\"text-align: justify;\" data-block-type=\"raw\" data-block-weight=\"2\" data-block-id=\"12\">\n<div class=\"content-intertitle\">\n<h2>Comunicado oficial<\/h2>\n<\/div>\n<\/div>\n<div class=\"mc-column content-text active-extra-styles \" style=\"text-align: justify;\" data-block-type=\"unstyled\" data-block-weight=\"61\" data-block-id=\"13\">\n<p class=\"content-text__container \" data-track-category=\"Link no Texto\" data-track-links=\"\">A Secretaria Municipal de Sa\u00fade, por meio da Vigil\u00e2ncia Epidemiol\u00f3gica Municipal), comunicou nesta segunda-feira (2) que h\u00e1 um caso suspeito de Coronav\u00edrus, o Covid-19, em Presidente Prudente, j\u00e1 enviado ao Minist\u00e9rio da Sa\u00fade. Amostras foram colhidas e enviadas ao Instituto Adolfo Lutz na madrugada de s\u00e1bado (29), uma vez que cabe ao \u00f3rg\u00e3o a an\u00e1lise para confirmar ou descartar o caso.<\/p>\n<\/div>\n<div class=\"mc-column content-text active-extra-styles \" style=\"text-align: justify;\" data-block-type=\"unstyled\" data-block-weight=\"43\" data-block-id=\"14\">\n<p class=\"content-text__container \" data-track-category=\"Link no Texto\" data-track-links=\"\">A jovem, de 21 anos, deu entrada por volta das 18h de sexta-feira (28) em um hospital da cidade apresentando sintomas respirat\u00f3rios e relatando contato em S\u00e3o Paulo, no feriado de carnaval, com uma prima com hist\u00f3rico de viagem recente ao Jap\u00e3o.<\/p>\n<\/div>\n<div class=\"mc-column content-text active-extra-styles \" style=\"text-align: justify;\" data-block-type=\"unstyled\" data-block-weight=\"11\" data-block-id=\"15\">\n<p class=\"content-text__container \" data-track-category=\"Link no Texto\" data-track-links=\"\">\u201cA paciente prudentina est\u00e1 bem, com sinais brandos\u201d, informou a VEM.<\/p>\n<\/div>\n<div class=\"mc-column content-text active-extra-styles \" style=\"text-align: justify;\" data-block-type=\"unstyled\" data-block-weight=\"55\" data-block-id=\"16\">\n<p class=\"content-text__container \" data-track-category=\"Link no Texto\" data-track-links=\"\">Segundo a Vigil\u00e2ncia, a jovem \u00e9 monitorada, inclusive com orienta\u00e7\u00e3o de permanecer por 19 dias em isolamento social domiciliar. \u00c0 fam\u00edlia foi dada toda orienta\u00e7\u00e3o de como proceder diante do caso suspeito, bem como informada que caso mais algu\u00e9m apresente sinais e sintomas da doen\u00e7a, como febre e algum sintoma respirat\u00f3rio, procure por assist\u00eancia m\u00e9dica.<\/p>\n<\/div>\n<div class=\"mc-column content-text active-extra-styles \" style=\"text-align: justify;\" data-block-type=\"unstyled\" data-block-weight=\"47\" data-block-id=\"17\">\n<p class=\"content-text__container \" data-track-category=\"Link no Texto\" data-track-links=\"\">\u201cForam adotadas medidas preventivas para transmiss\u00e3o por got\u00edculas, etiqueta respirat\u00f3ria, isolamento social, coleta de amostras para exames espec\u00edficos que ser\u00e3o processadas no IAL Central, em S\u00e3o Paulo, seguindo protocolo do Minist\u00e9rio da Sa\u00fade conforme preconizado pela OMS [Organiza\u00e7\u00e3o Mundial de Sa\u00fade]\u201d, pontuou Elaine Bertacco, supervisora da VEM.<\/p>\n<\/div>\n<div class=\"mc-column content-text active-extra-styles \" data-block-type=\"unstyled\" data-block-weight=\"21\" data-block-id=\"18\">\n<p class=\"content-text__container \" style=\"text-align: justify;\" data-track-category=\"Link no Texto\" data-track-links=\"\">A Vigil\u00e2ncia Epidemiol\u00f3gica recomenda cautela sobre quaisquer informa\u00e7\u00f5es que n\u00e3o sejam oficiais, uma vez que a investiga\u00e7\u00e3o n\u00e3o est\u00e1 conclu\u00edda.<\/p>\n<p style=\"text-align: justify;\" data-track-category=\"Link no Texto\" data-track-links=\"\">Fonte: G1<\/p>\n<\/div>\n<\/div>\n","protected":false},"excerpt":{"rendered":"<p>Trata-se de uma mulher de 21 anos que, em S\u00e3o Paulo (SP), durante o carnaval, teve contato com uma prima que veio do Jap\u00e3o, tamb\u00e9m com a suspeita da doen\u00e7a. A Secretaria Municipal de Sa\u00fade de\u00a0Presidente Prudente\u00a0confirmou, nesta segunda-feira (2), o primeiro caso suspeito de coronav\u00edrus na cidade. Contudo, o caso ainda n\u00e3o foi considerado [&hellip;]<\/p>\n","protected":false},"author":1,"featured_media":20157,"comment_status":"closed","ping_status":"open","sticky":false,"template":"","format":"standard","meta":{"footnotes":""},"categories":[110,122],"tags":[],"class_list":["post-20156","post","type-post","status-publish","format-standard","has-post-thumbnail","hentry","category-noticiasdestaque","category-saudeeducacaoeconcurso"],"_links":{"self":[{"href":"https:\/\/jorgezanoni.com.br\/2019\/wp-json\/wp\/v2\/posts\/20156","targetHints":{"allow":["GET"]}}],"collection":[{"href":"https:\/\/jorgezanoni.com.br\/2019\/wp-json\/wp\/v2\/posts"}],"about":[{"href":"https:\/\/jorgezanoni.com.br\/2019\/wp-json\/wp\/v2\/types\/post"}],"author":[{"embeddable":true,"href":"https:\/\/jorgezanoni.com.br\/2019\/wp-json\/wp\/v2\/users\/1"}],"replies":[{"embeddable":true,"href":"https:\/\/jorgezanoni.com.br\/2019\/wp-json\/wp\/v2\/comments?post=20156"}],"version-history":[{"count":0,"href":"https:\/\/jorgezanoni.com.br\/2019\/wp-json\/wp\/v2\/posts\/20156\/revisions"}],"wp:featuredmedia":[{"embeddable":true,"href":"https:\/\/jorgezanoni.com.br\/2019\/wp-json\/wp\/v2\/media\/20157"}],"wp:attachment":[{"href":"https:\/\/jorgezanoni.com.br\/2019\/wp-json\/wp\/v2\/media?parent=20156"}],"wp:term":[{"taxonomy":"category","embeddable":true,"href":"https:\/\/jorgezanoni.com.br\/2019\/wp-json\/wp\/v2\/categories?post=20156"},{"taxonomy":"post_tag","embeddable":true,"href":"https:\/\/jorgezanoni.com.br\/2019\/wp-json\/wp\/v2\/tags?post=20156"}],"curies":[{"name":"wp","href":"https:\/\/api.w.org\/{rel}","templated":true}]}}