{"id":20090,"date":"2020-03-01T16:41:51","date_gmt":"2020-03-01T16:41:51","guid":{"rendered":"https:\/\/jorgezanoni.com.br\/2019\/?p=20090"},"modified":"2020-03-01T16:41:51","modified_gmt":"2020-03-01T16:41:51","slug":"magistrado-que-morou-em-dracena-assume-funcoes-em-porto-velho","status":"publish","type":"post","link":"https:\/\/jorgezanoni.com.br\/2019\/magistrado-que-morou-em-dracena-assume-funcoes-em-porto-velho\/","title":{"rendered":"Magistrado que morou em Dracena assume fun\u00e7\u00f5es em Porto Velho"},"content":{"rendered":"<p style=\"text-align: justify;\"><strong>O Dr. Jos\u00e9 Antonio Barretto que advogou em Dracena e h\u00e1 11 anos \u00e9 Juiz de Direito no estado de Rond\u00f4nia, acaba de assumir a 6\u00aa Vara de Justi\u00e7a de Porto Velho.\u00a0<\/strong><\/p>\n<h2 class=\"itemTitle\" style=\"text-align: justify;\">Novos ju\u00edzes chegam \u00e0 comarca de Porto Velho<\/h2>\n<p style=\"text-align: justify;\">Na manh\u00e3 desta quinta-feira (6), o F\u00f3rum Geral da comarca de Porto Velho recebeu ju\u00edzes de 3\u00aa Entr\u00e2ncia para somar \u00e0s atividades de 1\u00ba Grau da Justi\u00e7a de Rond\u00f4nia. Gilberto Jos\u00e9 Giannasi, Jos\u00e9 Ant\u00f4nio Barretto e Valdirene Clementele integram o grupo de magistrados que foram promovidos no \u00faltimo bi\u00eanio pelo Pleno do Tribunal de Justi\u00e7a de Rond\u00f4nia (TJRO). Dois responder\u00e3o pelas 6\u00aa e 9\u00aa Varas C\u00edveis e um auxiliar\u00e1 o Juizado da Fazenda P\u00fablica, por tempo determinado.<\/p>\n<p style=\"text-align: justify;\">Al\u00e9m deles, mais tr\u00eas ter\u00e3o a promo\u00e7\u00e3o efetivada a partir de fevereiro: Lucas Niero Flores (Vara \u00danica de Costa Marques), M\u00e1rcia Adriana Ara\u00fajo Freitas (Vara \u00danica de Santa Luzia d&#8217;Oeste) e M\u00e1rcia Regina Gomes Serafim (Vara Criminal de Cerejeiras).<\/p>\n<p style=\"text-align: justify;\">Os magistrados foram recebidos pelo Corregedor-Geral da Justi\u00e7a, desembargador Valdeci Castellar Citon, e pelos tr\u00eas ju\u00edzes auxiliares da Corregedoria-Geral da Justi\u00e7a, Cristiano Mazzini, \u00canio Vaz e Fabiano Pegoraro, onde puderam falar sobre a atual situa\u00e7\u00e3o das unidades que ser\u00e3o respons\u00e1veis nos pr\u00f3ximos meses.<\/p>\n<p style=\"text-align: justify;\"><img loading=\"lazy\" decoding=\"async\" class=\"alignnone size-full wp-image-20091\" src=\"https:\/\/jorgezanoni.com.br\/2019\/wp-content\/uploads\/2020\/03\/barretto.jpg\" alt=\"\" width=\"1097\" height=\"1213\" srcset=\"https:\/\/jorgezanoni.com.br\/2019\/wp-content\/uploads\/2020\/03\/barretto.jpg 1097w, https:\/\/jorgezanoni.com.br\/2019\/wp-content\/uploads\/2020\/03\/barretto-271x300.jpg 271w, https:\/\/jorgezanoni.com.br\/2019\/wp-content\/uploads\/2020\/03\/barretto-768x849.jpg 768w, https:\/\/jorgezanoni.com.br\/2019\/wp-content\/uploads\/2020\/03\/barretto-926x1024.jpg 926w, https:\/\/jorgezanoni.com.br\/2019\/wp-content\/uploads\/2020\/03\/barretto-696x770.jpg 696w, https:\/\/jorgezanoni.com.br\/2019\/wp-content\/uploads\/2020\/03\/barretto-1068x1181.jpg 1068w, https:\/\/jorgezanoni.com.br\/2019\/wp-content\/uploads\/2020\/03\/barretto-380x420.jpg 380w\" sizes=\"auto, (max-width: 1097px) 100vw, 1097px\" \/><em>Ju\u00edzes Jos\u00e9 Ant\u00f4nio Barretto e Valdirene Clementele<\/em><\/p>\n<p style=\"text-align: justify;\">Ap\u00f3s a reuni\u00e3o, eles foram ao F\u00f3rum Geral e conversaram com o diretor do F\u00f3rum e titular da 7\u00aa Vara C\u00edvel, Ilisir Bueno, e a secret\u00e1ria de 1\u00ba Grau, Cidinha Fernandes, respons\u00e1vel pela Central de Processos Eletr\u00f4nicos (CPE).<\/p>\n<p style=\"text-align: justify;\">O juiz Gilberto Giannasi foi promovido pelo crit\u00e9rio de merecimento e auxiliar\u00e1 no Juizado Especial da Fazenda P\u00fablica da comarca de Porto Velho. Ele era titular do Juizado Especial de Vilhena.<\/p>\n<p style=\"text-align: justify;\">Jos\u00e9 Ant\u00f4nio Barretto foi promovido pelo crit\u00e9rio de antiguidade para o cargo de juiz de direito de 3\u00aa Entr\u00e2ncia e ser\u00e1 titular da 6\u00aa Vara C\u00edvel da comarca de Porto Velho. Ele era titular da 1\u00aa Vara C\u00edvel de Ouro Preto do Oeste.<\/p>\n<p style=\"text-align: justify;\">A ju\u00edza Valdirene Clementele foi promovida pelo crit\u00e9rio de antiguidade para o cargo de ju\u00edza de direito de 3\u00aa Entr\u00e2ncia. Ela era titular da 1\u00aa Vara C\u00edvel de Pimenta Bueno. Na comarca de Porto Velho, ela responder\u00e1 pela 9\u00aa Vara C\u00edvel em substitui\u00e7\u00e3o ao juiz Rinaldo Forti, que, atualmente, est\u00e1 como juiz auxiliar da Presid\u00eancia pelo bi\u00eanio 2020-2021.<\/p>\n<p style=\"text-align: justify;\">Treze promo\u00e7\u00f5es foram aprovadas pelo Pleno do TJRO ao longo de 2019, ap\u00f3s instru\u00e7\u00e3o dos processos cuja centralizadora da coleta de dados para avalia\u00e7\u00e3o de desempenho dos magistrados \u00e9 de compet\u00eancia da Corregedoria-Geral da Justi\u00e7a (CGJ).<\/p>\n<p style=\"text-align: justify;\">Poder Judici\u00e1rio do Estado de Rond\u00f4nia<\/p>\n<p style=\"text-align: justify;\">Tribunal de Justi\u00e7a<\/p>\n<p style=\"text-align: justify;\">Assessoria de Comunica\u00e7\u00e3o Institucional<\/p>\n<p style=\"text-align: justify;\">\n<p style=\"text-align: justify;\">\n","protected":false},"excerpt":{"rendered":"<p>O Dr. Jos\u00e9 Antonio Barretto que advogou em Dracena e h\u00e1 11 anos \u00e9 Juiz de Direito no estado de Rond\u00f4nia, acaba de assumir a 6\u00aa Vara de Justi\u00e7a de Porto Velho.\u00a0 Novos ju\u00edzes chegam \u00e0 comarca de Porto Velho Na manh\u00e3 desta quinta-feira (6), o F\u00f3rum Geral da comarca de Porto Velho recebeu ju\u00edzes [&hellip;]<\/p>\n","protected":false},"author":1,"featured_media":20092,"comment_status":"closed","ping_status":"open","sticky":false,"template":"","format":"standard","meta":{"footnotes":""},"categories":[120,110],"tags":[],"class_list":["post-20090","post","type-post","status-publish","format-standard","has-post-thumbnail","hentry","category-justicahabitacaotecnologia","category-noticiasdestaque"],"_links":{"self":[{"href":"https:\/\/jorgezanoni.com.br\/2019\/wp-json\/wp\/v2\/posts\/20090","targetHints":{"allow":["GET"]}}],"collection":[{"href":"https:\/\/jorgezanoni.com.br\/2019\/wp-json\/wp\/v2\/posts"}],"about":[{"href":"https:\/\/jorgezanoni.com.br\/2019\/wp-json\/wp\/v2\/types\/post"}],"author":[{"embeddable":true,"href":"https:\/\/jorgezanoni.com.br\/2019\/wp-json\/wp\/v2\/users\/1"}],"replies":[{"embeddable":true,"href":"https:\/\/jorgezanoni.com.br\/2019\/wp-json\/wp\/v2\/comments?post=20090"}],"version-history":[{"count":0,"href":"https:\/\/jorgezanoni.com.br\/2019\/wp-json\/wp\/v2\/posts\/20090\/revisions"}],"wp:featuredmedia":[{"embeddable":true,"href":"https:\/\/jorgezanoni.com.br\/2019\/wp-json\/wp\/v2\/media\/20092"}],"wp:attachment":[{"href":"https:\/\/jorgezanoni.com.br\/2019\/wp-json\/wp\/v2\/media?parent=20090"}],"wp:term":[{"taxonomy":"category","embeddable":true,"href":"https:\/\/jorgezanoni.com.br\/2019\/wp-json\/wp\/v2\/categories?post=20090"},{"taxonomy":"post_tag","embeddable":true,"href":"https:\/\/jorgezanoni.com.br\/2019\/wp-json\/wp\/v2\/tags?post=20090"}],"curies":[{"name":"wp","href":"https:\/\/api.w.org\/{rel}","templated":true}]}}