{"id":20024,"date":"2020-02-29T20:52:44","date_gmt":"2020-02-29T20:52:44","guid":{"rendered":"https:\/\/jorgezanoni.com.br\/2019\/?p=20024"},"modified":"2020-02-29T20:53:56","modified_gmt":"2020-02-29T20:53:56","slug":"segundo-caso-de-coronavirus-no-brasil-e-confirmado-em-sao-paulo","status":"publish","type":"post","link":"https:\/\/jorgezanoni.com.br\/2019\/segundo-caso-de-coronavirus-no-brasil-e-confirmado-em-sao-paulo\/","title":{"rendered":"Segundo caso de coronav\u00edrus no Brasil \u00e9 confirmado em S\u00e3o Paulo"},"content":{"rendered":"<h2 class=\"content-head__subtitle\" style=\"text-align: justify;\"><strong>Minist\u00e9rio da Sa\u00fade informou que foi notificado pela Secretaria de Sa\u00fade de S\u00e3o Paulo. Segundo a pasta, paciente esteve na It\u00e1lia e n\u00e3o h\u00e1 evid\u00eancias de circula\u00e7\u00e3o do v\u00edrus em territ\u00f3rio nacional.<\/strong><\/h2>\n<div class=\"mc-column content-text active-extra-styles active-capital-letter\" data-block-type=\"unstyled\" data-block-weight=\"27\" data-block-id=\"1\">\n<p class=\"content-text__container theme-color-primary-first-letter\" style=\"text-align: justify;\" data-track-category=\"Link no Texto\" data-track-links=\"\">O Minist\u00e9rio da Sa\u00fade informou neste s\u00e1bado (29) que foi notificado pela Secretaria de Sa\u00fade de S\u00e3o Paulo sobre um segundo caso confirmado de coronav\u00edrus no Brasil.<\/p>\n<\/div>\n<div class=\"wall protected-content\">\n<div class=\"mc-column content-text active-extra-styles \" style=\"text-align: justify;\" data-block-type=\"unstyled\" data-block-weight=\"21\" data-block-id=\"2\">\n<p class=\"content-text__container \" data-track-category=\"Link no Texto\" data-track-links=\"\">De acordo com o minist\u00e9rio, o paciente esteve na It\u00e1lia e n\u00e3o h\u00e1 evid\u00eancias de circula\u00e7\u00e3o do v\u00edrus em territ\u00f3rio nacional.<\/p>\n<\/div>\n<div class=\"mc-column content-text active-extra-styles \" style=\"text-align: justify;\" data-block-type=\"unstyled\" data-block-weight=\"19\" data-block-id=\"3\">\n<p class=\"content-text__container \" data-track-category=\"Link no Texto\" data-track-links=\"\">Mais informa\u00e7\u00f5es sobre o caso ser\u00e3o consolidadas pelo pasta, em conjunto com a secretaria, e divulgadas ainda neste s\u00e1bado.<\/p>\n<\/div>\n<div class=\"mc-column content-text active-extra-styles \" data-block-type=\"unstyled\" data-block-weight=\"40\" data-block-id=\"4\">\n<p class=\"content-text__container \" style=\"text-align: justify;\" data-track-category=\"Link no Texto\" data-track-links=\"\">O\u00a0<a href=\"https:\/\/g1.globo.com\/ciencia-e-saude\/noticia\/2020\/02\/26\/ministerio-da-saude-fala-sobre-caso-possivel-paciente-com-coronavirus.ghtml\">primeiro caso foi confirmado<\/a>\u00a0na quarta-feira (26). Trata-se de um homem que tamb\u00e9m \u00e9 S\u00e3o Paulo e veio da It\u00e1lia. O paciente, de 61 anos, foi o primeiro caso da doen\u00e7a no pa\u00eds e em toda a Am\u00e9rica Latina.<\/p>\n<p style=\"text-align: justify;\" data-track-category=\"Link no Texto\" data-track-links=\"\">Fonte: G1<\/p>\n<\/div>\n<\/div>\n","protected":false},"excerpt":{"rendered":"<p>Minist\u00e9rio da Sa\u00fade informou que foi notificado pela Secretaria de Sa\u00fade de S\u00e3o Paulo. Segundo a pasta, paciente esteve na It\u00e1lia e n\u00e3o h\u00e1 evid\u00eancias de circula\u00e7\u00e3o do v\u00edrus em territ\u00f3rio nacional. O Minist\u00e9rio da Sa\u00fade informou neste s\u00e1bado (29) que foi notificado pela Secretaria de Sa\u00fade de S\u00e3o Paulo sobre um segundo caso confirmado [&hellip;]<\/p>\n","protected":false},"author":1,"featured_media":20025,"comment_status":"closed","ping_status":"open","sticky":false,"template":"","format":"standard","meta":{"footnotes":""},"categories":[110,122],"tags":[],"class_list":["post-20024","post","type-post","status-publish","format-standard","has-post-thumbnail","hentry","category-noticiasdestaque","category-saudeeducacaoeconcurso"],"_links":{"self":[{"href":"https:\/\/jorgezanoni.com.br\/2019\/wp-json\/wp\/v2\/posts\/20024","targetHints":{"allow":["GET"]}}],"collection":[{"href":"https:\/\/jorgezanoni.com.br\/2019\/wp-json\/wp\/v2\/posts"}],"about":[{"href":"https:\/\/jorgezanoni.com.br\/2019\/wp-json\/wp\/v2\/types\/post"}],"author":[{"embeddable":true,"href":"https:\/\/jorgezanoni.com.br\/2019\/wp-json\/wp\/v2\/users\/1"}],"replies":[{"embeddable":true,"href":"https:\/\/jorgezanoni.com.br\/2019\/wp-json\/wp\/v2\/comments?post=20024"}],"version-history":[{"count":0,"href":"https:\/\/jorgezanoni.com.br\/2019\/wp-json\/wp\/v2\/posts\/20024\/revisions"}],"wp:featuredmedia":[{"embeddable":true,"href":"https:\/\/jorgezanoni.com.br\/2019\/wp-json\/wp\/v2\/media\/20025"}],"wp:attachment":[{"href":"https:\/\/jorgezanoni.com.br\/2019\/wp-json\/wp\/v2\/media?parent=20024"}],"wp:term":[{"taxonomy":"category","embeddable":true,"href":"https:\/\/jorgezanoni.com.br\/2019\/wp-json\/wp\/v2\/categories?post=20024"},{"taxonomy":"post_tag","embeddable":true,"href":"https:\/\/jorgezanoni.com.br\/2019\/wp-json\/wp\/v2\/tags?post=20024"}],"curies":[{"name":"wp","href":"https:\/\/api.w.org\/{rel}","templated":true}]}}