{"id":20018,"date":"2020-02-29T19:52:33","date_gmt":"2020-02-29T19:52:33","guid":{"rendered":"https:\/\/jorgezanoni.com.br\/2019\/?p=20018"},"modified":"2020-02-29T19:53:21","modified_gmt":"2020-02-29T19:53:21","slug":"caminhao-carregado-com-massa-asfaltica-cai-em-buraco-na-rua-fortaleza","status":"publish","type":"post","link":"https:\/\/jorgezanoni.com.br\/2019\/caminhao-carregado-com-massa-asfaltica-cai-em-buraco-na-rua-fortaleza\/","title":{"rendered":"Caminh\u00e3o carregado com massa asf\u00e1ltica cai em buraco na rua Fortaleza"},"content":{"rendered":"<p style=\"text-align: justify;\">Acidente aconteceu na esquina das ruas Fortaleza e Porto Alegre. Caminh\u00e3o afundou em buraco no asfalto, ningu\u00e9m se feriu.<\/p>\n<div id=\"fb-root\"><\/div>\n<p><script async=\"1\" defer=\"1\" crossorigin=\"anonymous\" src=\"https:\/\/connect.facebook.net\/en_US\/sdk.js#xfbml=1&amp;version=v6.0\"><\/script><\/p>\n<div class=\"fb-video\" data-href=\"https:\/\/www.facebook.com\/jorgezanonidracena\/videos\/527724397881087\/\" data-width=\"696\">\n<blockquote cite=\"https:\/\/www.facebook.com\/jorgezanonidracena\/videos\/527724397881087\/\" class=\"fb-xfbml-parse-ignore\"><p><a href=\"https:\/\/www.facebook.com\/jorgezanonidracena\/videos\/527724397881087\/\">Caminh\u00e3o carregado com massa asf\u00e1ltica cai em buraco na rua Fortaleza<\/a><\/p>\n<p>Caminh\u00e3o carregado com massa asf\u00e1ltica cai em buraco na rua Fortaleza<\/p>\n<p>Posted by <a href=\"https:\/\/www.facebook.com\/jorgezanonidracena\/\">Jorge Zanoni<\/a> on Saturday, February 29, 2020<\/p><\/blockquote>\n<\/div>\n<p><img loading=\"lazy\" decoding=\"async\" class=\"alignnone size-full wp-image-20019\" src=\"https:\/\/jorgezanoni.com.br\/2019\/wp-content\/uploads\/2020\/02\/caminh\u00e3o1.jpg\" alt=\"\" width=\"960\" height=\"1280\" srcset=\"https:\/\/jorgezanoni.com.br\/2019\/wp-content\/uploads\/2020\/02\/caminh\u00e3o1.jpg 960w, https:\/\/jorgezanoni.com.br\/2019\/wp-content\/uploads\/2020\/02\/caminh\u00e3o1-225x300.jpg 225w, https:\/\/jorgezanoni.com.br\/2019\/wp-content\/uploads\/2020\/02\/caminh\u00e3o1-768x1024.jpg 768w, https:\/\/jorgezanoni.com.br\/2019\/wp-content\/uploads\/2020\/02\/caminh\u00e3o1-696x928.jpg 696w, https:\/\/jorgezanoni.com.br\/2019\/wp-content\/uploads\/2020\/02\/caminh\u00e3o1-315x420.jpg 315w\" sizes=\"auto, (max-width: 960px) 100vw, 960px\" \/><img loading=\"lazy\" decoding=\"async\" class=\"alignnone size-full wp-image-20020\" src=\"https:\/\/jorgezanoni.com.br\/2019\/wp-content\/uploads\/2020\/02\/caminh\u00e3o2.jpg\" alt=\"\" width=\"774\" height=\"1032\" srcset=\"https:\/\/jorgezanoni.com.br\/2019\/wp-content\/uploads\/2020\/02\/caminh\u00e3o2.jpg 774w, https:\/\/jorgezanoni.com.br\/2019\/wp-content\/uploads\/2020\/02\/caminh\u00e3o2-225x300.jpg 225w, https:\/\/jorgezanoni.com.br\/2019\/wp-content\/uploads\/2020\/02\/caminh\u00e3o2-768x1024.jpg 768w, https:\/\/jorgezanoni.com.br\/2019\/wp-content\/uploads\/2020\/02\/caminh\u00e3o2-696x928.jpg 696w, https:\/\/jorgezanoni.com.br\/2019\/wp-content\/uploads\/2020\/02\/caminh\u00e3o2-315x420.jpg 315w\" sizes=\"auto, (max-width: 774px) 100vw, 774px\" \/><\/p>\n<p>&nbsp;<\/p>\n","protected":false},"excerpt":{"rendered":"<p>Acidente aconteceu na esquina das ruas Fortaleza e Porto Alegre. Caminh\u00e3o afundou em buraco no asfalto, ningu\u00e9m se feriu. Caminh\u00e3o carregado com massa asf\u00e1ltica cai em buraco na rua Fortaleza Caminh\u00e3o carregado com massa asf\u00e1ltica cai em buraco na rua Fortaleza Posted by Jorge Zanoni on Saturday, February 29, 2020 &nbsp;<\/p>\n","protected":false},"author":1,"featured_media":20021,"comment_status":"closed","ping_status":"open","sticky":false,"template":"","format":"video","meta":{"footnotes":""},"categories":[169],"tags":[],"class_list":["post-20018","post","type-post","status-publish","format-video","has-post-thumbnail","hentry","category-videos","post_format-post-format-video"],"_links":{"self":[{"href":"https:\/\/jorgezanoni.com.br\/2019\/wp-json\/wp\/v2\/posts\/20018","targetHints":{"allow":["GET"]}}],"collection":[{"href":"https:\/\/jorgezanoni.com.br\/2019\/wp-json\/wp\/v2\/posts"}],"about":[{"href":"https:\/\/jorgezanoni.com.br\/2019\/wp-json\/wp\/v2\/types\/post"}],"author":[{"embeddable":true,"href":"https:\/\/jorgezanoni.com.br\/2019\/wp-json\/wp\/v2\/users\/1"}],"replies":[{"embeddable":true,"href":"https:\/\/jorgezanoni.com.br\/2019\/wp-json\/wp\/v2\/comments?post=20018"}],"version-history":[{"count":0,"href":"https:\/\/jorgezanoni.com.br\/2019\/wp-json\/wp\/v2\/posts\/20018\/revisions"}],"wp:featuredmedia":[{"embeddable":true,"href":"https:\/\/jorgezanoni.com.br\/2019\/wp-json\/wp\/v2\/media\/20021"}],"wp:attachment":[{"href":"https:\/\/jorgezanoni.com.br\/2019\/wp-json\/wp\/v2\/media?parent=20018"}],"wp:term":[{"taxonomy":"category","embeddable":true,"href":"https:\/\/jorgezanoni.com.br\/2019\/wp-json\/wp\/v2\/categories?post=20018"},{"taxonomy":"post_tag","embeddable":true,"href":"https:\/\/jorgezanoni.com.br\/2019\/wp-json\/wp\/v2\/tags?post=20018"}],"curies":[{"name":"wp","href":"https:\/\/api.w.org\/{rel}","templated":true}]}}