{"id":20008,"date":"2020-02-29T13:17:21","date_gmt":"2020-02-29T13:17:21","guid":{"rendered":"https:\/\/jorgezanoni.com.br\/2019\/?p=20008"},"modified":"2020-02-29T13:19:06","modified_gmt":"2020-02-29T13:19:06","slug":"carro-capota-na-sp-294","status":"publish","type":"post","link":"https:\/\/jorgezanoni.com.br\/2019\/carro-capota-na-sp-294\/","title":{"rendered":"Carro capota na SP-294"},"content":{"rendered":"<p style=\"text-align: justify;\">Um ve\u00edculo Fiat Palio com placas de Osvaldo Cruz capotou na tarde desta sexta-feira (28) na Rodovia Comandante Jo\u00e3o Ribeiro de Barros (SP-294) em Luc\u00e9lia.<\/p>\n<p style=\"text-align: justify;\">Segundo as primeiras informa\u00e7\u00f5es, o acidente de tr\u00e2nsito ocorreu por volta das 17h15 pr\u00f3ximo ao trevo de Luc\u00e9lia.<\/p>\n<p style=\"text-align: justify;\">O carro foi parar na entrada de uma propriedade rural ap\u00f3s capotar. O motivo do acidente ainda \u00e9 desconhecido.<\/p>\n<p style=\"text-align: justify;\">O Corpo de Bombeiros de Adamantina prestou atendimento na ocorr\u00eancia que inicialmente informava que uma pessoa estaria no interior do ve\u00edculo.<\/p>\n<p style=\"text-align: justify;\">Fonte: Folha Regional<\/p>\n","protected":false},"excerpt":{"rendered":"<p>Um ve\u00edculo Fiat Palio com placas de Osvaldo Cruz capotou na tarde desta sexta-feira (28) na Rodovia Comandante Jo\u00e3o Ribeiro de Barros (SP-294) em Luc\u00e9lia. Segundo as primeiras informa\u00e7\u00f5es, o acidente de tr\u00e2nsito ocorreu por volta das 17h15 pr\u00f3ximo ao trevo de Luc\u00e9lia. O carro foi parar na entrada de uma propriedade rural ap\u00f3s capotar. [&hellip;]<\/p>\n","protected":false},"author":1,"featured_media":20009,"comment_status":"closed","ping_status":"open","sticky":false,"template":"","format":"standard","meta":{"footnotes":""},"categories":[170,110],"tags":[],"class_list":["post-20008","post","type-post","status-publish","format-standard","has-post-thumbnail","hentry","category-acidentes","category-noticiasdestaque"],"_links":{"self":[{"href":"https:\/\/jorgezanoni.com.br\/2019\/wp-json\/wp\/v2\/posts\/20008","targetHints":{"allow":["GET"]}}],"collection":[{"href":"https:\/\/jorgezanoni.com.br\/2019\/wp-json\/wp\/v2\/posts"}],"about":[{"href":"https:\/\/jorgezanoni.com.br\/2019\/wp-json\/wp\/v2\/types\/post"}],"author":[{"embeddable":true,"href":"https:\/\/jorgezanoni.com.br\/2019\/wp-json\/wp\/v2\/users\/1"}],"replies":[{"embeddable":true,"href":"https:\/\/jorgezanoni.com.br\/2019\/wp-json\/wp\/v2\/comments?post=20008"}],"version-history":[{"count":0,"href":"https:\/\/jorgezanoni.com.br\/2019\/wp-json\/wp\/v2\/posts\/20008\/revisions"}],"wp:featuredmedia":[{"embeddable":true,"href":"https:\/\/jorgezanoni.com.br\/2019\/wp-json\/wp\/v2\/media\/20009"}],"wp:attachment":[{"href":"https:\/\/jorgezanoni.com.br\/2019\/wp-json\/wp\/v2\/media?parent=20008"}],"wp:term":[{"taxonomy":"category","embeddable":true,"href":"https:\/\/jorgezanoni.com.br\/2019\/wp-json\/wp\/v2\/categories?post=20008"},{"taxonomy":"post_tag","embeddable":true,"href":"https:\/\/jorgezanoni.com.br\/2019\/wp-json\/wp\/v2\/tags?post=20008"}],"curies":[{"name":"wp","href":"https:\/\/api.w.org\/{rel}","templated":true}]}}