{"id":20005,"date":"2020-02-29T13:07:19","date_gmt":"2020-02-29T13:07:19","guid":{"rendered":"https:\/\/jorgezanoni.com.br\/2019\/?p=20005"},"modified":"2020-02-29T13:07:19","modified_gmt":"2020-02-29T13:07:19","slug":"cadaver-e-encontrado-em-terreno-com-construcao-abandonada","status":"publish","type":"post","link":"https:\/\/jorgezanoni.com.br\/2019\/cadaver-e-encontrado-em-terreno-com-construcao-abandonada\/","title":{"rendered":"Cad\u00e1ver \u00e9 encontrado em terreno com constru\u00e7\u00e3o abandonada"},"content":{"rendered":"<p style=\"text-align: justify;\">Um homem de 54 anos foi encontrado morto em um terreno no Jardim dos Pioneiros, em\u00a0Presidente Prudente. No local, h\u00e1 uma constru\u00e7\u00e3o abandonada. A pol\u00edcia foi acionada por volta das 18h30 desta sexta-feira (28).<\/p>\n<div class=\"mc-column content-text active-extra-styles \" style=\"text-align: justify;\" data-block-type=\"unstyled\" data-block-weight=\"23\" data-block-id=\"2\">\n<p class=\"content-text__container \" data-track-category=\"Link no Texto\" data-track-links=\"\">A Pol\u00edcia Militar foi acionada para ir ao terreno, onde tem uma constru\u00e7\u00e3o abandonada, pois havia um indiv\u00edduo ca\u00eddo no ch\u00e3o, sem vida.<\/p>\n<\/div>\n<div class=\"mc-column content-text active-extra-styles \" style=\"text-align: justify;\" data-block-type=\"unstyled\" data-block-weight=\"17\" data-block-id=\"3\">\n<p class=\"content-text__container \" data-track-category=\"Link no Texto\" data-track-links=\"\">Quando a equipe chegou ao endere\u00e7o, havia uma Unidade de Resgate, que a comunicou sobre o \u00f3bito.<\/p>\n<\/div>\n<div class=\"mc-column content-text active-extra-styles \" style=\"text-align: justify;\" data-block-type=\"unstyled\" data-block-weight=\"16\" data-block-id=\"4\">\n<p class=\"content-text__container \" data-track-category=\"Link no Texto\" data-track-links=\"\">Com a v\u00edtima, os policiais encontraram um documento pessoal, mas nenhum familiar do homem foi localizado.<\/p>\n<\/div>\n<div class=\"mc-column content-text active-extra-styles \" style=\"text-align: justify;\" data-block-type=\"unstyled\" data-block-weight=\"12\" data-block-id=\"5\">\n<p class=\"content-text__container \" data-track-category=\"Link no Texto\" data-track-links=\"\">Populares relataram \u00e0 PM que o homem sempre estava naquele local.<\/p>\n<\/div>\n<div class=\"mc-column content-text active-extra-styles \" style=\"text-align: justify;\" data-block-type=\"unstyled\" data-block-weight=\"25\" data-block-id=\"6\">\n<p class=\"content-text__container \" data-track-category=\"Link no Texto\" data-track-links=\"\">Os policiais tamb\u00e9m foram informados que na \u00faltima quinta-feira (27) o homem foi atendido no Pronto-socorro do Hospital Regional, onde foi medicado e liberado.<\/p>\n<\/div>\n<div class=\"mc-column content-text active-extra-styles \" style=\"text-align: justify;\" data-block-type=\"unstyled\" data-block-weight=\"25\" data-block-id=\"7\">\n<p class=\"content-text__container \" data-track-category=\"Link no Texto\" data-track-links=\"\">Naquele momento, por estar escuro, n\u00e3o foi constatado nenhum sinal de viol\u00eancia. Junto \u00e0 v\u00edtima estavam duas muletas, mas tamb\u00e9m n\u00e3o foi poss\u00edvel constatar defici\u00eancia.<\/p>\n<\/div>\n<div class=\"mc-column content-text active-extra-styles \" style=\"text-align: justify;\" data-block-type=\"unstyled\" data-block-weight=\"6\" data-block-id=\"8\">\n<p class=\"content-text__container \" data-track-category=\"Link no Texto\" data-track-links=\"\">A per\u00edcia foi ao local.<\/p>\n<\/div>\n<div class=\"mc-column content-text active-extra-styles \" style=\"text-align: justify;\" data-block-type=\"unstyled\" data-block-weight=\"4\" data-block-id=\"9\">\n<p class=\"content-text__container \" data-track-category=\"Link no Texto\" data-track-links=\"\">Foi requisitado exame necrosc\u00f3pico.<\/p>\n<\/div>\n<div class=\"mc-column content-text active-extra-styles \" data-block-type=\"unstyled\" data-block-weight=\"21\" data-block-id=\"10\">\n<p class=\"content-text__container \" style=\"text-align: justify;\" data-track-category=\"Link no Texto\" data-track-links=\"\">O caso foi registrado na Delegacia Participativa da Pol\u00edcia Civil como morte suspeita \u2013 encontro de cad\u00e1ver ou parte relevante deste.<\/p>\n<p style=\"text-align: justify;\" data-track-category=\"Link no Texto\" data-track-links=\"\">Fonte: G1<\/p>\n<\/div>\n","protected":false},"excerpt":{"rendered":"<p>Um homem de 54 anos foi encontrado morto em um terreno no Jardim dos Pioneiros, em\u00a0Presidente Prudente. No local, h\u00e1 uma constru\u00e7\u00e3o abandonada. A pol\u00edcia foi acionada por volta das 18h30 desta sexta-feira (28). A Pol\u00edcia Militar foi acionada para ir ao terreno, onde tem uma constru\u00e7\u00e3o abandonada, pois havia um indiv\u00edduo ca\u00eddo no ch\u00e3o, [&hellip;]<\/p>\n","protected":false},"author":1,"featured_media":20006,"comment_status":"closed","ping_status":"open","sticky":false,"template":"","format":"standard","meta":{"footnotes":""},"categories":[110,2],"tags":[],"class_list":["post-20005","post","type-post","status-publish","format-standard","has-post-thumbnail","hentry","category-noticiasdestaque","category-policial"],"_links":{"self":[{"href":"https:\/\/jorgezanoni.com.br\/2019\/wp-json\/wp\/v2\/posts\/20005","targetHints":{"allow":["GET"]}}],"collection":[{"href":"https:\/\/jorgezanoni.com.br\/2019\/wp-json\/wp\/v2\/posts"}],"about":[{"href":"https:\/\/jorgezanoni.com.br\/2019\/wp-json\/wp\/v2\/types\/post"}],"author":[{"embeddable":true,"href":"https:\/\/jorgezanoni.com.br\/2019\/wp-json\/wp\/v2\/users\/1"}],"replies":[{"embeddable":true,"href":"https:\/\/jorgezanoni.com.br\/2019\/wp-json\/wp\/v2\/comments?post=20005"}],"version-history":[{"count":0,"href":"https:\/\/jorgezanoni.com.br\/2019\/wp-json\/wp\/v2\/posts\/20005\/revisions"}],"wp:featuredmedia":[{"embeddable":true,"href":"https:\/\/jorgezanoni.com.br\/2019\/wp-json\/wp\/v2\/media\/20006"}],"wp:attachment":[{"href":"https:\/\/jorgezanoni.com.br\/2019\/wp-json\/wp\/v2\/media?parent=20005"}],"wp:term":[{"taxonomy":"category","embeddable":true,"href":"https:\/\/jorgezanoni.com.br\/2019\/wp-json\/wp\/v2\/categories?post=20005"},{"taxonomy":"post_tag","embeddable":true,"href":"https:\/\/jorgezanoni.com.br\/2019\/wp-json\/wp\/v2\/tags?post=20005"}],"curies":[{"name":"wp","href":"https:\/\/api.w.org\/{rel}","templated":true}]}}