{"id":20002,"date":"2020-02-29T12:55:28","date_gmt":"2020-02-29T12:55:28","guid":{"rendered":"https:\/\/jorgezanoni.com.br\/2019\/?p=20002"},"modified":"2020-02-29T12:55:28","modified_gmt":"2020-02-29T12:55:28","slug":"acidente-entre-carro-e-onibus-deixa-duas-pessoas-feridas-na-sp-294-em-pacaembu","status":"publish","type":"post","link":"https:\/\/jorgezanoni.com.br\/2019\/acidente-entre-carro-e-onibus-deixa-duas-pessoas-feridas-na-sp-294-em-pacaembu\/","title":{"rendered":"Acidente entre carro e \u00f4nibus deixa duas pessoas feridas na SP-294 em Pacaembu"},"content":{"rendered":"<p style=\"text-align: justify;\">Um acidente envolvendo um ve\u00edculo VW\/Gol com placas de Irapuru e um \u00f4nibus de transporte intermunicipal resultou em duas pessoas feridas na noite desta sexta-feira (28) em Pacaembu.<\/p>\n<p style=\"text-align: justify;\">O acidente ocorreu na Rodovia Comandante Jo\u00e3o Ribeiro de Barros (SP-294) pr\u00f3ximo das penitenci\u00e1rias.<\/p>\n<p style=\"text-align: justify;\">Segundo apurado pela reportagem do site folharegionalpacaembu.com.br e Jornal Folha Regional, as v\u00edtimas estavam no ve\u00edculo Gol que ficou bastante danificado.<\/p>\n<p style=\"text-align: justify;\">No \u00f4nibus que n\u00e3o teve condi\u00e7\u00f5es de seguir viagem devido os danos causados pelo impacto, nenhum passageiro ficou ferido, apesar do susto que motorista e ocupantes sofreram.<\/p>\n<p style=\"text-align: justify;\">O Pelot\u00e3o de Bombeiros de Adamantina foi acionado e compareceu no local para atendimento \u00e0s v\u00edtimas, isolamento da parte el\u00e9trica dos ve\u00edculos e demais procedimentos de praxe desenvolvidos pela corpora\u00e7\u00e3o.<\/p>\n<p style=\"text-align: justify;\">A Pol\u00edcia Rodovi\u00e1ria e profissionais da Unidade B\u00e1sica de Atendimento do Departamento de Estradas de Rodagem tamb\u00e9m atuaram nesta ocorr\u00eancia.<\/p>\n<p style=\"text-align: justify;\">Fonte: Folha Regional<\/p>\n","protected":false},"excerpt":{"rendered":"<p>Um acidente envolvendo um ve\u00edculo VW\/Gol com placas de Irapuru e um \u00f4nibus de transporte intermunicipal resultou em duas pessoas feridas na noite desta sexta-feira (28) em Pacaembu. O acidente ocorreu na Rodovia Comandante Jo\u00e3o Ribeiro de Barros (SP-294) pr\u00f3ximo das penitenci\u00e1rias. Segundo apurado pela reportagem do site folharegionalpacaembu.com.br e Jornal Folha Regional, as v\u00edtimas [&hellip;]<\/p>\n","protected":false},"author":1,"featured_media":20003,"comment_status":"closed","ping_status":"open","sticky":false,"template":"","format":"standard","meta":{"footnotes":""},"categories":[170,110],"tags":[],"class_list":["post-20002","post","type-post","status-publish","format-standard","has-post-thumbnail","hentry","category-acidentes","category-noticiasdestaque"],"_links":{"self":[{"href":"https:\/\/jorgezanoni.com.br\/2019\/wp-json\/wp\/v2\/posts\/20002","targetHints":{"allow":["GET"]}}],"collection":[{"href":"https:\/\/jorgezanoni.com.br\/2019\/wp-json\/wp\/v2\/posts"}],"about":[{"href":"https:\/\/jorgezanoni.com.br\/2019\/wp-json\/wp\/v2\/types\/post"}],"author":[{"embeddable":true,"href":"https:\/\/jorgezanoni.com.br\/2019\/wp-json\/wp\/v2\/users\/1"}],"replies":[{"embeddable":true,"href":"https:\/\/jorgezanoni.com.br\/2019\/wp-json\/wp\/v2\/comments?post=20002"}],"version-history":[{"count":0,"href":"https:\/\/jorgezanoni.com.br\/2019\/wp-json\/wp\/v2\/posts\/20002\/revisions"}],"wp:featuredmedia":[{"embeddable":true,"href":"https:\/\/jorgezanoni.com.br\/2019\/wp-json\/wp\/v2\/media\/20003"}],"wp:attachment":[{"href":"https:\/\/jorgezanoni.com.br\/2019\/wp-json\/wp\/v2\/media?parent=20002"}],"wp:term":[{"taxonomy":"category","embeddable":true,"href":"https:\/\/jorgezanoni.com.br\/2019\/wp-json\/wp\/v2\/categories?post=20002"},{"taxonomy":"post_tag","embeddable":true,"href":"https:\/\/jorgezanoni.com.br\/2019\/wp-json\/wp\/v2\/tags?post=20002"}],"curies":[{"name":"wp","href":"https:\/\/api.w.org\/{rel}","templated":true}]}}