{"id":19984,"date":"2020-02-29T02:48:36","date_gmt":"2020-02-29T02:48:36","guid":{"rendered":"https:\/\/jorgezanoni.com.br\/2019\/?p=19984"},"modified":"2020-02-29T02:48:36","modified_gmt":"2020-02-29T02:48:36","slug":"depois-do-carnaval","status":"publish","type":"post","link":"https:\/\/jorgezanoni.com.br\/2019\/depois-do-carnaval\/","title":{"rendered":"Depois do Carnaval"},"content":{"rendered":"<p style=\"text-align: justify;\"><strong>DEPOIS DO CARNAVAL <\/strong><\/p>\n<p style=\"text-align: justify;\"><strong>*CLAUDIVAL CLEMENTE<\/strong><\/p>\n<p style=\"text-align: justify;\"><strong>*CLAUDIVAL MOURA CLEMENTE<\/strong><\/p>\n<p style=\"text-align: justify;\">O brasileiro \u00e9 um otimista por natureza, est\u00e1 sempre esperando o carnaval passar para a situa\u00e7\u00e3o do pa\u00eds melhorar. Uma express\u00e3o antiga que grande parte dos brasileiros utiliza, como se ap\u00f3s o carnaval todos ir\u00e3o encontrar uma f\u00f3rmula para colocar ordem em tudo.<\/p>\n<p style=\"text-align: justify;\">Por\u00e9m para que as mudan\u00e7as tragam algum benef\u00edcio \u00e9 preciso que elas sejam implementadas pelas pessoas respons\u00e1veis por estas mudan\u00e7as. Se for uma decis\u00e3o pessoal cabe ao pr\u00f3prio individuo analisar com objetividade os pontos controvertidos e adotar as posturas necess\u00e1rias.<\/p>\n<p style=\"text-align: justify;\">Se estivermos falando da economia do pa\u00eds, por exemplo, esta tarefa compete, prioritariamente, ao Poder Executivo, pois de acordo com a Constitui\u00e7\u00e3o Federal \u00e9 o chefe do executivo que planeja e implementa as diretrizes para melhorar a economia brasileira; contudo, as recentes atividades deste pol\u00edtico indicam inexistir qualquer preocupa\u00e7\u00e3o neste sentido.<\/p>\n<p style=\"text-align: justify;\">Muito embora possa se afirmar que a infla\u00e7\u00e3o est\u00e1 sob controle, a infla\u00e7\u00e3o baixa no caso do Brasil, tem a ver com a \u201cquase\u201d total paralisia das atividades econ\u00f4micas, o principal indicador \u00e9 o desemprego.<\/p>\n<p style=\"text-align: justify;\">Os empregos que \u00e9 a \u00fanica forma de combater o desemprego s\u00f3 surge quando existem investimentos suficientes para mover a roda da economia, cujos neg\u00f3cios otimizados exigir\u00e3o o preenchimento de postos de trabalho, criando-se novas oportunidades.<\/p>\n<p style=\"text-align: justify;\">A propalada reforma da previd\u00eancia foi realizada gra\u00e7as ao empenho dos Parlamentares, que adotaram a pauta e a levaram adiante; mas tal feito em nada repercute na combalida economia, duramente agredida durante a implanta\u00e7\u00e3o da tal \u201cnova matriz econ\u00f4mica\u201d. Necess\u00e1rio que se fa\u00e7a urgentemente outras reformais, tais como a tribut\u00e1ria, diminuindo os encargos que pesam sobre os ombros dos comerciantes, empres\u00e1rios e do trabalhador e dividindo o bolo de arrecada\u00e7\u00e3o entre estados e munic\u00edpios; que devem, por\u00e9m, criar normas rigorosas para combater o gasto p\u00fablico desmedido que compromete verbais essenciais como sa\u00fade, educa\u00e7\u00e3o e seguran\u00e7a p\u00fablica.<\/p>\n<p style=\"text-align: justify;\">Mas considerando que se trata de um ano de elei\u00e7\u00f5es e que todas as preocupa\u00e7\u00f5es se voltam para as elei\u00e7\u00f5es dos prefeitos, especialmente nas grandes capitais, pois estas elei\u00e7\u00f5es ir\u00e3o marcar os territ\u00f3rios para a elei\u00e7\u00e3o presidencial que ir\u00e1 ocorrer em 2022, para Presidente da Rep\u00fablica, Deputados Federais e Senadores, a possibilidade de alguma mudan\u00e7a substancial \u00e9 praticamente nula.<\/p>\n<p style=\"text-align: justify;\">Assim observando, o pa\u00eds vive em ciclos, sempre esperando que se termine uma fase para iniciar a outra e quando esta fase chega, como por exemplo, o p\u00f3s carnaval, as preocupa\u00e7\u00f5es s\u00e3o com as elei\u00e7\u00f5es municipais e nenhuma medida ser\u00e1 tomada, principalmente na \u00e1rea econ\u00f4mica, mesmo que fosse uma antic\u00edclica, produzindo um voo de galinha, no jarg\u00e3o dos economistas. Mas, se este voo r\u00e1pido e curto for suficiente para produzir alguns empregos ou aumentar a renda do trabalhador, pode ser interessante se incentivar que as galinhas voem; embora se saiba que elas, na verdade, \u201ctentam\u201d voar, mas nunca conseguem, apenas o suficiente para mudar de lugar.\u00a0 Em termos econ\u00f4micos estas tentativas poderiam gerar alguns acertos e melhorar a situa\u00e7\u00e3o de um desempregado ou profissional que est\u00e1 em busca de uma atividade profissional.<\/p>\n<p style=\"text-align: justify;\">\u00c9 tradi\u00e7\u00e3o aqui entre n\u00f3s que o carnaval termine somente no pr\u00f3ximo domingo, quando se inicia a contagem regressiva para as comemora\u00e7\u00f5es da P\u00e1scoa, torcendo para que a venda dos ovos de chocolate seja maior que a do ano passado, gerando alguns novos postos de trabalho e dando um impulso para a economia brasileira. Um outro ciclo tamb\u00e9m trazendo novas esperan\u00e7as.<\/p>\n<p style=\"text-align: justify;\">Enquanto isso, com todo otimismo brasileiro, vamos aguardando o carnaval passar e torcendo por melhoras.<\/p>\n<p style=\"text-align: justify;\">Envie d\u00favidas, coment\u00e1rios ou sugest\u00f5es para <a href=\"mailto:bcrcconsultoria@gmail.com\">bcrcconsultoria@gmail.com<\/a>. At\u00e9 a pr\u00f3xima.<\/p>\n<p style=\"text-align: justify;\">*Formado em Direito pela Universidade Estadual de Direito do Norte Pioneiro em Jacarezinho e em Administra\u00e7\u00e3o de Empresas pela Faculdades Integradas de Ourinhos. S\u00f3cio s\u00eanior da BCRC Consultoria.<\/p>\n<p style=\"text-align: justify;\">** Revis\u00e3o e colabora\u00e7\u00e3o\u00a0 &#8211; Acad\u00eamico de Administra\u00e7\u00e3o de Empresas na UNICID.<\/p>\n","protected":false},"excerpt":{"rendered":"<p>DEPOIS DO CARNAVAL *CLAUDIVAL CLEMENTE *CLAUDIVAL MOURA CLEMENTE O brasileiro \u00e9 um otimista por natureza, est\u00e1 sempre esperando o carnaval passar para a situa\u00e7\u00e3o do pa\u00eds melhorar. Uma express\u00e3o antiga que grande parte dos brasileiros utiliza, como se ap\u00f3s o carnaval todos ir\u00e3o encontrar uma f\u00f3rmula para colocar ordem em tudo. Por\u00e9m para que as [&hellip;]<\/p>\n","protected":false},"author":1,"featured_media":19985,"comment_status":"closed","ping_status":"open","sticky":false,"template":"","format":"standard","meta":{"footnotes":""},"categories":[175],"tags":[],"class_list":["post-19984","post","type-post","status-publish","format-standard","has-post-thumbnail","hentry","category-artigos"],"_links":{"self":[{"href":"https:\/\/jorgezanoni.com.br\/2019\/wp-json\/wp\/v2\/posts\/19984","targetHints":{"allow":["GET"]}}],"collection":[{"href":"https:\/\/jorgezanoni.com.br\/2019\/wp-json\/wp\/v2\/posts"}],"about":[{"href":"https:\/\/jorgezanoni.com.br\/2019\/wp-json\/wp\/v2\/types\/post"}],"author":[{"embeddable":true,"href":"https:\/\/jorgezanoni.com.br\/2019\/wp-json\/wp\/v2\/users\/1"}],"replies":[{"embeddable":true,"href":"https:\/\/jorgezanoni.com.br\/2019\/wp-json\/wp\/v2\/comments?post=19984"}],"version-history":[{"count":0,"href":"https:\/\/jorgezanoni.com.br\/2019\/wp-json\/wp\/v2\/posts\/19984\/revisions"}],"wp:featuredmedia":[{"embeddable":true,"href":"https:\/\/jorgezanoni.com.br\/2019\/wp-json\/wp\/v2\/media\/19985"}],"wp:attachment":[{"href":"https:\/\/jorgezanoni.com.br\/2019\/wp-json\/wp\/v2\/media?parent=19984"}],"wp:term":[{"taxonomy":"category","embeddable":true,"href":"https:\/\/jorgezanoni.com.br\/2019\/wp-json\/wp\/v2\/categories?post=19984"},{"taxonomy":"post_tag","embeddable":true,"href":"https:\/\/jorgezanoni.com.br\/2019\/wp-json\/wp\/v2\/tags?post=19984"}],"curies":[{"name":"wp","href":"https:\/\/api.w.org\/{rel}","templated":true}]}}